[{"command":"settings","settings":{"pluralDelimiter":"\u0003","suppressDeprecationErrors":true,"ajaxPageState":{"libraries":"core\/drupal.ajax,core\/picturefill,ds\/ds_3col_equal_width","theme":"gaceta","theme_token":null},"ajaxTrustedUrl":[],"field_group":{"html_element":{"mode":"media_expanded","context":"view","settings":{"classes":"datos","show_empty_fields":false,"id":"","element":"div","show_label":false,"label_element":"h3","label_element_classes":"","attributes":"","effect":"none","speed":"fast"}}},"user":{"uid":0,"permissionsHash":"55dc977d165ab1e05e51b6cc6487f6d73e65ab536d99ee82c6990d9001d5c21c"}},"merge":true},{"command":"add_css","data":"\u003Clink rel=\u0022stylesheet\u0022 media=\u0022all\u0022 href=\u0022\/sites\/default\/files\/css\/css_mxJrjoKKAZuuB4_4f-B1u9VnFZxvSor3Az4JEdrFEso.css\u0022 \/\u003E\n\u003Clink rel=\u0022stylesheet\u0022 media=\u0022all\u0022 href=\u0022\/sites\/default\/files\/css\/css_-BXSGQpS8YTwwuXGbPoshUvZ7W-_HbYR3H7d0DA_mEY.css\u0022 \/\u003E\n\u003Clink rel=\u0022stylesheet\u0022 media=\u0022all\u0022 href=\u0022\/sites\/default\/files\/css\/css_89YreTu0npezhXSakRJR9TVHyBS9bTcyt0s3IckAe-M.css\u0022 \/\u003E\n"},{"command":"add_js","selector":"body","data":[{"src":"\/sites\/default\/files\/js\/js_9UaAhXvc9u0KYXXUw-OKyLP2baQxdV4zY3Y_KGurcvY.js"},{"src":"\/sites\/default\/files\/js\/js_oDJxUBLBzfRb_FDgNfkNOm9-tiatS2kNfxQIeVRZA7Y.js"},{"src":"\/sites\/default\/files\/js\/js_YM82KRuzNIr2X-Kb8pQW8cOcSbWgQ_QGKclTYJ_aMlI.js"},{"src":"\/sites\/default\/files\/js\/js_pqqsPPmPmxKgamY6qk_WSawtL05XH_yAY8GkPHVyahI.js"}]},{"command":"insert","method":"replaceWith","selector":".view-mode-full","data":"\u003Cdiv data-history-node-id=\u002211755\u0022 class=\u0022contenido view-mode-media_expanded ds-3col-equal clearfix\u0022\u003E\n\n  \n\n  \u003Cdiv class=\u0022area-medios group-left\u0022\u003E\n        \n                          \u003Cdiv  class=\u0022imagen\u0022 \u003E\n          \u003Cpicture\u003E\n                  \u003Csource srcset=\u0022\/sites\/default\/files\/styles\/max_650x650\/public\/2019-08\/imagen%202.-%20vive_nicko%20%281%29.webp?itok=CAzIPvEA 507w, \/sites\/default\/files\/styles\/max_1900x1900\/public\/2019-08\/imagen%202.-%20vive_nicko%20%281%29.webp?itok=pik0Tq6_ 768w\u0022 type=\u0022image\/webp\u0022 sizes=\u0022100vw\u0022\/\u003E\n              \u003Csource srcset=\u0022\/sites\/default\/files\/styles\/max_650x650\/public\/2019-08\/imagen%202.-%20vive_nicko%20%281%29.jpg?itok=CAzIPvEA 507w, \/sites\/default\/files\/styles\/max_1900x1900\/public\/2019-08\/imagen%202.-%20vive_nicko%20%281%29.jpg?itok=pik0Tq6_ 768w\u0022 type=\u0022image\/jpeg\u0022 sizes=\u0022100vw\u0022\/\u003E\n                  \u003Cimg srcset=\u0022\/sites\/default\/files\/styles\/max_650x650\/public\/2019-08\/imagen%202.-%20vive_nicko%20%281%29.jpg?itok=CAzIPvEA 507w, \/sites\/default\/files\/styles\/max_1900x1900\/public\/2019-08\/imagen%202.-%20vive_nicko%20%281%29.jpg?itok=pik0Tq6_ 768w\u0022 sizes=\u0022100vw\u0022 src=\u0022\/sites\/default\/files\/styles\/max_1300x1300\/public\/2019-08\/imagen%202.-%20vive_nicko%20%281%29.jpg?itok=FeKGhJdg\u0022 alt=\u0022\u0022 typeof=\u0022foaf:Image\u0022 class=\u0022img-fluid\u0022 \/\u003E\n\n  \u003C\/picture\u003E\n\n\u003C\/div\u003E\n      \n  \n\n      \u003Cdiv  class=\u0022boton-expander\u0022\u003E\n        \n                  \u003Cdiv class=\u0022item-list\u0022\u003E\u003Cul\u003E\u003Cli\u003E\u003Ca href=\u0022\/ds-switch-view-mode\/node\/11755\/media_collapsed?selector=view-mode-media_expanded\u0022 class=\u0022use-ajax\u0022\u003E\u2191\u003C\/a\u003E\u003C\/li\u003E\u003C\/ul\u003E\u003C\/div\u003E\n      \n  \n    \u003C\/div\u003E\n\n\n  \u003C\/div\u003E\n\n  \u003Cdiv class=\u0022area-info group-middle\u0022\u003E\n    \n\u003Cdiv  class=\u0022inner\u0022\u003E\n          \n                          \u003Ch2  class=\u0022titulo\u0022 \u003E\n        Arranca Vive MKT 8: Futuro al 3.0\n\u003C\/h2\u003E\n      \n  \n\n    \n                          \u003Cdiv  class=\u0022resumen\u0022 \u003E\n      Los organizadores y conferencistas desean que el p\u00fablico capitalice lo que aprendan en este simposio.\u003C\/div\u003E\n      \n  \n\n\n\u003Cdiv  class=\u0022datos\u0022\u003E\n            \u003Cdiv  class=\u0022campus\u0022\u003E\n            \u003Cdiv  class=\u0022field-label-inline\u0022\u003ECampus\u003C\/div\u003E\n  \n                  \u003Ca href=\u0022\/campus\/tijuana\u0022 hreflang=\u0022es\u0022\u003ETijuana\u003C\/a\u003E\n      \n  \n    \u003C\/div\u003E\n\n    \n                          \u003Cdiv  class=\u0022fecha\u0022 \u003E\n      18 de Abril de 2013\u003C\/div\u003E\n      \n  \n\n\n  \u003C\/div\u003E\n    \n                          \u003Cdiv  class=\u0022texto\u0022 \u003E\n      \u003Cp\u003ECuando te digan que est\u00e1s haciendo una locura, est\u00e1s haciendo algo bueno\u201d.\u003C\/p\u003E\u003Cp\u003EAs\u00ed lo expres\u00f3 Nicko Nogu\u00e9s, Director Creativo Ejecutivo de FLOCK, durante el arranque del Vive MKT 8: Futuro al 3.0, considerado uno de los mejores simposios de Mercadotecnia a nivel nacional que organiza la Facultad de Turismo y Mercadotecnia de la \u00a0Universidad Aut\u00f3noma de Baja California (UABC).\u003C\/p\u003E\n\u003Cp\u003E\u201cHacer es el nuevo decir\u201d\u00a0 fue la conferencia que imparti\u00f3 Nicko Nogu\u00e9s, quien dijo que la nueva Publicidad es la que \u201csoluciona un gran problema obteniendo grandes beneficios\u201d, como la campa\u00f1a de cooperaci\u00f3n de la Cruz Roja, en la que un tel\u00e9fono p\u00fablico funciona como una alcanc\u00eda a cambio de un foto publicada al instante en redes sociales.\u003C\/p\u003E\n\u003Cp\u003E\u00c9sta es una profesi\u00f3n \u201cde tener perseverancia y desarrollar ideas creativas\u201d-expres\u00f3 Nogu\u00e9s- y ser\u00e1 una idea buena cuando \u201ccualquier persona (ingeniero, economista, psic\u00f3logo, alba\u00f1il) que hable de tu idea\u201d.\u003C\/p\u003E\n\u003Cp\u003EFinalmente, Nogu\u00e9s dej\u00f3 la pregunta al aire para quienes van desarrollando proyectos: \u201c\u00bfEs una idea con la que se puede hacer negocio?\u201d.\u003C\/p\u003E\u003C\/div\u003E\n      \n  \n\n\n  \u003C\/div\u003E\n\n  \u003C\/div\u003E\n\n  \u003Cdiv class=\u0022area-extras group-right\u0022\u003E\n        \n                          \u003Cdiv  class=\u0022enlace-blockBottom\u0022 \u003E\n      \u003Cdiv\u003EVer m\u00e1s \u003Ca href=\u0022http:\/\/gaceta.uabc.mx\/notas\u0022\u003ENotas\u003C\/a\u003E\u003C\/div\u003E\n\u003C\/div\u003E\n      \n  \n\n\n  \u003C\/div\u003E\n\n\u003C\/div\u003E\n\n","settings":null}]