[{"command":"settings","settings":{"pluralDelimiter":"\u0003","suppressDeprecationErrors":true,"ajaxPageState":{"libraries":"core\/drupal.ajax,core\/picturefill,ds\/ds_3col_equal_width","theme":"gaceta","theme_token":null},"ajaxTrustedUrl":[],"field_group":{"html_element":{"mode":"media_expanded","context":"view","settings":{"classes":"datos","show_empty_fields":false,"id":"","element":"div","show_label":false,"label_element":"h3","label_element_classes":"","attributes":"","effect":"none","speed":"fast"}}},"user":{"uid":0,"permissionsHash":"55dc977d165ab1e05e51b6cc6487f6d73e65ab536d99ee82c6990d9001d5c21c"}},"merge":true},{"command":"add_css","data":"\u003Clink rel=\u0022stylesheet\u0022 media=\u0022all\u0022 href=\u0022\/sites\/default\/files\/css\/css_mxJrjoKKAZuuB4_4f-B1u9VnFZxvSor3Az4JEdrFEso.css\u0022 \/\u003E\n\u003Clink rel=\u0022stylesheet\u0022 media=\u0022all\u0022 href=\u0022\/sites\/default\/files\/css\/css_-BXSGQpS8YTwwuXGbPoshUvZ7W-_HbYR3H7d0DA_mEY.css\u0022 \/\u003E\n\u003Clink rel=\u0022stylesheet\u0022 media=\u0022all\u0022 href=\u0022\/sites\/default\/files\/css\/css_89YreTu0npezhXSakRJR9TVHyBS9bTcyt0s3IckAe-M.css\u0022 \/\u003E\n"},{"command":"add_js","selector":"body","data":[{"src":"\/sites\/default\/files\/js\/js_9UaAhXvc9u0KYXXUw-OKyLP2baQxdV4zY3Y_KGurcvY.js"},{"src":"\/sites\/default\/files\/js\/js_oDJxUBLBzfRb_FDgNfkNOm9-tiatS2kNfxQIeVRZA7Y.js"},{"src":"\/sites\/default\/files\/js\/js_YM82KRuzNIr2X-Kb8pQW8cOcSbWgQ_QGKclTYJ_aMlI.js"},{"src":"\/sites\/default\/files\/js\/js_pqqsPPmPmxKgamY6qk_WSawtL05XH_yAY8GkPHVyahI.js"}]},{"command":"insert","method":"replaceWith","selector":".view-mode-full","data":"\u003Cdiv data-history-node-id=\u002211773\u0022 class=\u0022contenido view-mode-media_expanded ds-3col-equal clearfix\u0022\u003E\n\n  \n\n  \u003Cdiv class=\u0022area-medios group-left\u0022\u003E\n        \n                          \u003Cdiv  class=\u0022imagen\u0022 \u003E\n          \u003Cpicture\u003E\n                  \u003Csource srcset=\u0022\/sites\/default\/files\/styles\/max_650x650\/public\/2019-08\/Doctoras%20Mar%C3%ADa%20de%20Lourdes%20y%20Mar%C3%ADa%20Margarita%20Hern%C3%A1ndez%20Mart%C3%ADnez%20de%20la%20Facultad%20de%20Odontolog%C3%ADa%20Campus%20Tijuana%20cumplieron%2025%20a%C3%B1os%20de%20servicio_0.webp?itok=f8gHvHQh 650w, \/sites\/default\/files\/styles\/max_1300x1300\/public\/2019-08\/Doctoras%20Mar%C3%ADa%20de%20Lourdes%20y%20Mar%C3%ADa%20Margarita%20Hern%C3%A1ndez%20Mart%C3%ADnez%20de%20la%20Facultad%20de%20Odontolog%C3%ADa%20Campus%20Tijuana%20cumplieron%2025%20a%C3%B1os%20de%20servicio_0.webp?itok=M_OhCbOo 1300w, \/sites\/default\/files\/styles\/max_1900x1900\/public\/2019-08\/Doctoras%20Mar%C3%ADa%20de%20Lourdes%20y%20Mar%C3%ADa%20Margarita%20Hern%C3%A1ndez%20Mart%C3%ADnez%20de%20la%20Facultad%20de%20Odontolog%C3%ADa%20Campus%20Tijuana%20cumplieron%2025%20a%C3%B1os%20de%20servicio_0.webp?itok=muQ_gFUa 1900w\u0022 type=\u0022image\/webp\u0022 sizes=\u0022100vw\u0022\/\u003E\n              \u003Csource srcset=\u0022\/sites\/default\/files\/styles\/max_650x650\/public\/2019-08\/Doctoras%20Mar%C3%ADa%20de%20Lourdes%20y%20Mar%C3%ADa%20Margarita%20Hern%C3%A1ndez%20Mart%C3%ADnez%20de%20la%20Facultad%20de%20Odontolog%C3%ADa%20Campus%20Tijuana%20cumplieron%2025%20a%C3%B1os%20de%20servicio_0.jpg?itok=f8gHvHQh 650w, \/sites\/default\/files\/styles\/max_1300x1300\/public\/2019-08\/Doctoras%20Mar%C3%ADa%20de%20Lourdes%20y%20Mar%C3%ADa%20Margarita%20Hern%C3%A1ndez%20Mart%C3%ADnez%20de%20la%20Facultad%20de%20Odontolog%C3%ADa%20Campus%20Tijuana%20cumplieron%2025%20a%C3%B1os%20de%20servicio_0.jpg?itok=M_OhCbOo 1300w, \/sites\/default\/files\/styles\/max_1900x1900\/public\/2019-08\/Doctoras%20Mar%C3%ADa%20de%20Lourdes%20y%20Mar%C3%ADa%20Margarita%20Hern%C3%A1ndez%20Mart%C3%ADnez%20de%20la%20Facultad%20de%20Odontolog%C3%ADa%20Campus%20Tijuana%20cumplieron%2025%20a%C3%B1os%20de%20servicio_0.jpg?itok=muQ_gFUa 1900w\u0022 type=\u0022image\/jpeg\u0022 sizes=\u0022100vw\u0022\/\u003E\n                  \u003Cimg srcset=\u0022\/sites\/default\/files\/styles\/max_650x650\/public\/2019-08\/Doctoras%20Mar%C3%ADa%20de%20Lourdes%20y%20Mar%C3%ADa%20Margarita%20Hern%C3%A1ndez%20Mart%C3%ADnez%20de%20la%20Facultad%20de%20Odontolog%C3%ADa%20Campus%20Tijuana%20cumplieron%2025%20a%C3%B1os%20de%20servicio_0.jpg?itok=f8gHvHQh 650w, \/sites\/default\/files\/styles\/max_1300x1300\/public\/2019-08\/Doctoras%20Mar%C3%ADa%20de%20Lourdes%20y%20Mar%C3%ADa%20Margarita%20Hern%C3%A1ndez%20Mart%C3%ADnez%20de%20la%20Facultad%20de%20Odontolog%C3%ADa%20Campus%20Tijuana%20cumplieron%2025%20a%C3%B1os%20de%20servicio_0.jpg?itok=M_OhCbOo 1300w, \/sites\/default\/files\/styles\/max_1900x1900\/public\/2019-08\/Doctoras%20Mar%C3%ADa%20de%20Lourdes%20y%20Mar%C3%ADa%20Margarita%20Hern%C3%A1ndez%20Mart%C3%ADnez%20de%20la%20Facultad%20de%20Odontolog%C3%ADa%20Campus%20Tijuana%20cumplieron%2025%20a%C3%B1os%20de%20servicio_0.jpg?itok=muQ_gFUa 1900w\u0022 sizes=\u0022100vw\u0022 src=\u0022\/sites\/default\/files\/styles\/max_1300x1300\/public\/2019-08\/Doctoras%20Mar%C3%ADa%20de%20Lourdes%20y%20Mar%C3%ADa%20Margarita%20Hern%C3%A1ndez%20Mart%C3%ADnez%20de%20la%20Facultad%20de%20Odontolog%C3%ADa%20Campus%20Tijuana%20cumplieron%2025%20a%C3%B1os%20de%20servicio_0.jpg?itok=M_OhCbOo\u0022 alt=\u0022\u0022 typeof=\u0022foaf:Image\u0022 class=\u0022img-fluid\u0022 \/\u003E\n\n  \u003C\/picture\u003E\n\n\u003C\/div\u003E\n      \n  \n\n      \u003Cdiv  class=\u0022boton-expander\u0022\u003E\n        \n                  \u003Cdiv class=\u0022item-list\u0022\u003E\u003Cul\u003E\u003Cli\u003E\u003Ca href=\u0022\/ds-switch-view-mode\/node\/11773\/media_collapsed?selector=view-mode-media_expanded\u0022 class=\u0022use-ajax\u0022\u003E\u2191\u003C\/a\u003E\u003C\/li\u003E\u003C\/ul\u003E\u003C\/div\u003E\n      \n  \n    \u003C\/div\u003E\n\n\n  \u003C\/div\u003E\n\n  \u003Cdiv class=\u0022area-info group-middle\u0022\u003E\n    \n\u003Cdiv  class=\u0022inner\u0022\u003E\n          \n                          \u003Ch2  class=\u0022titulo\u0022 \u003E\n        Acad\u00e9micos reciben reconocimiento por su antig\u00fcedad laboral\n\u003C\/h2\u003E\n      \n  \n\n    \n                          \u003Cdiv  class=\u0022resumen\u0022 \u003E\n      Cumplen de 20 a 45 a\u00f1os de formar profesionistas.\u003C\/div\u003E\n      \n  \n\n\n\u003Cdiv  class=\u0022datos\u0022\u003E\n            \u003Cdiv  class=\u0022campus\u0022\u003E\n            \u003Cdiv  class=\u0022field-label-inline\u0022\u003ECampus\u003C\/div\u003E\n  \n                  \u003Ca href=\u0022\/campus\/ensenada\u0022 hreflang=\u0022es\u0022\u003EEnsenada\u003C\/a\u003E\n      \n  \n    \u003C\/div\u003E\n\n    \n                          \u003Cdiv  class=\u0022fecha\u0022 \u003E\n      16 de Abril de 2013\u003C\/div\u003E\n      \n  \n\n\n  \u003C\/div\u003E\n    \n                          \u003Cdiv  class=\u0022texto\u0022 \u003E\n      \u003Cp\u003ELa Universidad Aut\u00f3noma de Baja California (UABC), llev\u00f3 a cabo la ceremonia de Reconocimiento a la Antig\u00fcedad Laboral del Personal Acad\u00e9mico, que gracias a su entrega y compromiso, ha formado profesionistas que contribuyen al fortalecimiento del Estado y del Pa\u00eds.\u003C\/p\u003E\u003Cp\u003EUn total de 219 acad\u00e9micos de los Campus Ensenada, Tijuana y Mexicali recibieron reconocimiento por cumplir con 20, 25, 30, 35, 40 y 45 a\u00f1os de trabajo continuo dentro de las aulas de la M\u00e1xima Casa de Estudios.\u003C\/p\u003E\n\u003Cp\u003EEl doctor Felipe Cuamea Vel\u00e1zquez, Rector de la UABC, durante la ceremonia celebrada en el Teatro Universitario y de los Periodistas \u201cBenito Ju\u00e1rez\u201d del Campus Ensenada se\u00f1al\u00f3 \u201cEsa antig\u00fcedad que ustedes tienen y que le han dedicado a la Universidad ha estado acompa\u00f1ada del trabajo y empe\u00f1o profesional de todos ustedes, as\u00ed como de un deseo permanente de superaci\u00f3n personal y profesional en todos los \u00e1mbitos\u201d.\u003C\/p\u003E\n\u003Cp\u003ELes agradeci\u00f3 por contribuir en la formaci\u00f3n de miles de egresados de esta Universidad que se encuentran laborando por todo el pa\u00eds y en el extranjero. Los exhort\u00f3 a seguir con el compromiso de preparar a los futuros profesionistas ya que los cambios que necesita este pa\u00eds pasan por las aulas universitarias. Tambi\u00e9n agradeci\u00f3 a las familias por su comprensi\u00f3n al tiempo que le dedican los docentes a la UABC.\u00a0 Cabe mencionar que el Rector en esta ceremonia recibi\u00f3 reconocimiento por 25 a\u00f1os de servicio.\u003C\/p\u003E\n\u003Cp\u003EEl representante del personal acad\u00e9mico, doctor Ren\u00e9 Rivas S\u00e1nchez, adscrito en la Facultad de Derecho del Campus Mexicali desde hace 45 a\u00f1os, en su discurso hizo menci\u00f3n del orgullo de ser designado representante de sus compa\u00f1eros y agreg\u00f3 que la tarea que ellos realizan permite el desarrollo mental, cultural y espiritual de cientos de j\u00f3venes, a trav\u00e9s de la ense\u00f1anza de conocimientos que les permita ser profesionistas exitosos.\u003C\/p\u003E\n\u003Cp\u003ERecord\u00f3 que le toc\u00f3 ser parte de los inicios de esta Instituci\u00f3n que se desarroll\u00f3 hasta lograr ser lo que es hoy. \u201cAnhelo de todo coraz\u00f3n que nuestra Magna Casa de Estudios contin\u00fae por el sendero del \u00e9xito, preservando su excelencia en sus tareas y conserve siempre la cordialidad y el gran esp\u00edritu de nuestros miembros universitarios\u201d mencion\u00f3 el doctor Rivas S\u00e1nchez\u003C\/p\u003E\n\u003Cp\u003ETambi\u00e9n se realiz\u00f3 un reconocimiento p\u00f3stumo a los docentes que fallecieron el a\u00f1o pasado, pero que dejaron una huella permanente en los miles de alumnos y egresados de la m\u00e1xima Casa de Estudios.\u00a0 A trav\u00e9s de un video, presentaron las fotograf\u00edas de Clemente A. Maldonado Cabrera, Guillermo Estrada Meza, Jes\u00fas Eduardo God\u00ednez, Jos\u00e9 Ignacio Ascencio L\u00f3pez, entre otros acad\u00e9micos. Al t\u00e9rmino de este se dedic\u00f3 un emotivo aplauso para ellos.\u003C\/p\u003E\n\u003Cp\u003EEn la ceremonia se cont\u00f3 con la presencia del ingeniero Jorge Guevara Escamilla, con representaci\u00f3n del Patronato Universitario; maestro Ricardo Dagnino Moreno, Secretario General de la UABC; doctor Oscar Roberto L\u00f3pez Bonilla, Vicerrector Campus Ensenada; doctor Miguel \u00c1ngel Mart\u00ednez Romero, Vicerrector Campus Mexicali; doctor Jos\u00e9 David Ledezma Torres, Vicerrector Campus Tijuana; licenciado Juan Guillermo Espinoza Aguilar, Secretario General del Sindicato de Profesores Superaci\u00f3n Universitaria, as\u00ed como coordinadores de \u00e1reas, directivos y personal administrativo.\u003C\/p\u003E\n\u003Cp\u003E\u00a0\u003C\/p\u003E\u003C\/div\u003E\n      \n  \n\n\n  \u003C\/div\u003E\n\n  \u003C\/div\u003E\n\n  \u003Cdiv class=\u0022area-extras group-right\u0022\u003E\n        \n                          \u003Cdiv  class=\u0022enlace-blockBottom\u0022 \u003E\n      \u003Cdiv\u003EVer m\u00e1s \u003Ca href=\u0022http:\/\/gaceta.uabc.mx\/notas\u0022\u003ENotas\u003C\/a\u003E\u003C\/div\u003E\n\u003C\/div\u003E\n      \n  \n\n\n  \u003C\/div\u003E\n\n\u003C\/div\u003E\n\n","settings":null}]