[{"command":"settings","settings":{"pluralDelimiter":"\u0003","suppressDeprecationErrors":true,"ajaxPageState":{"libraries":"core\/drupal.ajax,core\/picturefill,ds\/ds_3col_equal_width","theme":"gaceta","theme_token":null},"ajaxTrustedUrl":[],"field_group":{"html_element":{"mode":"media_expanded","context":"view","settings":{"classes":"datos","show_empty_fields":false,"id":"","element":"div","show_label":false,"label_element":"h3","label_element_classes":"","attributes":"","effect":"none","speed":"fast"}}},"user":{"uid":0,"permissionsHash":"55dc977d165ab1e05e51b6cc6487f6d73e65ab536d99ee82c6990d9001d5c21c"}},"merge":true},{"command":"add_css","data":"\u003Clink rel=\u0022stylesheet\u0022 media=\u0022all\u0022 href=\u0022\/sites\/default\/files\/css\/css_mxJrjoKKAZuuB4_4f-B1u9VnFZxvSor3Az4JEdrFEso.css\u0022 \/\u003E\n\u003Clink rel=\u0022stylesheet\u0022 media=\u0022all\u0022 href=\u0022\/sites\/default\/files\/css\/css_-BXSGQpS8YTwwuXGbPoshUvZ7W-_HbYR3H7d0DA_mEY.css\u0022 \/\u003E\n\u003Clink rel=\u0022stylesheet\u0022 media=\u0022all\u0022 href=\u0022\/sites\/default\/files\/css\/css_89YreTu0npezhXSakRJR9TVHyBS9bTcyt0s3IckAe-M.css\u0022 \/\u003E\n"},{"command":"add_js","selector":"body","data":[{"src":"\/sites\/default\/files\/js\/js_9UaAhXvc9u0KYXXUw-OKyLP2baQxdV4zY3Y_KGurcvY.js"},{"src":"\/sites\/default\/files\/js\/js_oDJxUBLBzfRb_FDgNfkNOm9-tiatS2kNfxQIeVRZA7Y.js"},{"src":"\/sites\/default\/files\/js\/js_YM82KRuzNIr2X-Kb8pQW8cOcSbWgQ_QGKclTYJ_aMlI.js"},{"src":"\/sites\/default\/files\/js\/js_pqqsPPmPmxKgamY6qk_WSawtL05XH_yAY8GkPHVyahI.js"}]},{"command":"insert","method":"replaceWith","selector":".view-mode-full","data":"\u003Cdiv data-history-node-id=\u002212021\u0022 class=\u0022contenido view-mode-media_expanded ds-3col-equal clearfix\u0022\u003E\n\n  \n\n  \u003Cdiv class=\u0022area-medios group-left\u0022\u003E\n        \n                          \u003Cdiv  class=\u0022imagen\u0022 \u003E\n          \u003Cpicture\u003E\n                  \u003Csource srcset=\u0022\/sites\/default\/files\/styles\/max_650x650\/public\/2019-07\/PRESENTA%20FIAD%20PROYECTOS%20ARQUITECTONICOS%20PARA%20PERSONAS%20CON%20DISCAPACIDAD%20%281%29.webp?itok=MB_kldCk 650w, \/sites\/default\/files\/styles\/max_1900x1900\/public\/2019-07\/PRESENTA%20FIAD%20PROYECTOS%20ARQUITECTONICOS%20PARA%20PERSONAS%20CON%20DISCAPACIDAD%20%281%29.webp?itok=QFl0SC9Y 1024w\u0022 type=\u0022image\/webp\u0022 sizes=\u0022100vw\u0022\/\u003E\n              \u003Csource srcset=\u0022\/sites\/default\/files\/styles\/max_650x650\/public\/2019-07\/PRESENTA%20FIAD%20PROYECTOS%20ARQUITECTONICOS%20PARA%20PERSONAS%20CON%20DISCAPACIDAD%20%281%29.jpg?itok=MB_kldCk 650w, \/sites\/default\/files\/styles\/max_1900x1900\/public\/2019-07\/PRESENTA%20FIAD%20PROYECTOS%20ARQUITECTONICOS%20PARA%20PERSONAS%20CON%20DISCAPACIDAD%20%281%29.jpg?itok=QFl0SC9Y 1024w\u0022 type=\u0022image\/jpeg\u0022 sizes=\u0022100vw\u0022\/\u003E\n                  \u003Cimg srcset=\u0022\/sites\/default\/files\/styles\/max_650x650\/public\/2019-07\/PRESENTA%20FIAD%20PROYECTOS%20ARQUITECTONICOS%20PARA%20PERSONAS%20CON%20DISCAPACIDAD%20%281%29.jpg?itok=MB_kldCk 650w, \/sites\/default\/files\/styles\/max_1900x1900\/public\/2019-07\/PRESENTA%20FIAD%20PROYECTOS%20ARQUITECTONICOS%20PARA%20PERSONAS%20CON%20DISCAPACIDAD%20%281%29.jpg?itok=QFl0SC9Y 1024w\u0022 sizes=\u0022100vw\u0022 src=\u0022\/sites\/default\/files\/styles\/max_1300x1300\/public\/2019-07\/PRESENTA%20FIAD%20PROYECTOS%20ARQUITECTONICOS%20PARA%20PERSONAS%20CON%20DISCAPACIDAD%20%281%29.jpg?itok=H3XexgaV\u0022 alt=\u0022\u0022 typeof=\u0022foaf:Image\u0022 class=\u0022img-fluid\u0022 \/\u003E\n\n  \u003C\/picture\u003E\n\n\u003C\/div\u003E\n      \n  \n\n      \u003Cdiv  class=\u0022boton-expander\u0022\u003E\n        \n                  \u003Cdiv class=\u0022item-list\u0022\u003E\u003Cul\u003E\u003Cli\u003E\u003Ca href=\u0022\/ds-switch-view-mode\/node\/12021\/media_collapsed?selector=view-mode-media_expanded\u0022 class=\u0022use-ajax\u0022\u003E\u2191\u003C\/a\u003E\u003C\/li\u003E\u003C\/ul\u003E\u003C\/div\u003E\n      \n  \n    \u003C\/div\u003E\n\n\n  \u003C\/div\u003E\n\n  \u003Cdiv class=\u0022area-info group-middle\u0022\u003E\n    \n\u003Cdiv  class=\u0022inner\u0022\u003E\n          \n                          \u003Ch2  class=\u0022titulo\u0022 \u003E\n        Presentan cimarrones proyectos arquitect\u00f3nicos para personas con discapacidad\n\u003C\/h2\u003E\n      \n  \n\n    \n                          \u003Cdiv  class=\u0022resumen\u0022 \u003E\n      Los proyectos permiten a las personas con discapacidad y los adultos mayores recorrer las calles y deambular por lugares p\u00fablicos con ausencia de barreras arquitect\u00f3nicas.\u003C\/div\u003E\n      \n  \n\n\n\u003Cdiv  class=\u0022datos\u0022\u003E\n            \u003Cdiv  class=\u0022campus\u0022\u003E\n            \u003Cdiv  class=\u0022field-label-inline\u0022\u003ECampus\u003C\/div\u003E\n  \n                  \u003Ca href=\u0022\/campus\/ensenada\u0022 hreflang=\u0022es\u0022\u003EEnsenada\u003C\/a\u003E\n      \n  \n    \u003C\/div\u003E\n\n    \n                          \u003Cdiv  class=\u0022fecha\u0022 \u003E\n      17 de Enero de 2013\u003C\/div\u003E\n      \n  \n\n\n  \u003C\/div\u003E\n    \n                          \u003Cdiv  class=\u0022texto\u0022 \u003E\n      \u003Cp\u003ELa Facultad de Ingenier\u00eda Arquitectura y Dise\u00f1o (FIAD) realiz\u00f3 la presentaci\u00f3n de cinco proyectos arquitect\u00f3nicos adaptados para personas con discapacidad y adultos mayores, elaborados por 25 estudiantes de la carrera de Arquitectura.\u003C\/p\u003E\u003Cp\u003ELos proyectos arquitect\u00f3nicos presentados fueron Centro Social, C\u00edvico y Cultural Riviera, Parque de la Colonia Obrera, Avenida Ju\u00e1rez, Palacio Municipal, y la Unidad de Atenci\u00f3n a Grupos Vulnerable.\u003C\/p\u003E\n\u003Cp\u003EEl objetivo de estos trabajos es que las personas con discapacidad y los adultos mayores tengan la oportunidad de recorrer las calles y deambular por lugares p\u00fablicos con ausencia de barreras arquitect\u00f3nicas y que cuenten con el apoyo de implementos que los ayuden a transitar con libre acceso y sin riesgo alguno.\u003C\/p\u003E\n\u003Cp\u003EEl Vicerrector del Campus Ensenada, doctor Oscar Roberto L\u00f3pez Bonilla, extendi\u00f3 una felicitaci\u00f3n a los participantes que hicieron posible los proyectos, mencionando que estos ayudar\u00e1n a los ciudadanos ensenadenses a tener una mejor calidad de vida; adem\u00e1s de demostrar que somos una ciudad consciente e incluyente.\u003C\/p\u003E\n\u003Cp\u003EPor su parte, la licenciada Sonia Blancket L\u00f3pez, en representaci\u00f3n del Presidente Municipal, contador Enrique Pelayo Torres, agradeci\u00f3 y resalt\u00f3 la participaci\u00f3n de las instituciones educativas a trav\u00e9s de sus estudiantes, quienes con su creatividad y desempe\u00f1o hacen posible los proyectos que en un futuro pr\u00f3ximo ser\u00e1n ben\u00e9ficos.\u003C\/p\u003E\n\u003Cp\u003ELa exposici\u00f3n se llev\u00f3 a cabo en el XX Ayuntamiento de Ensenada, en donde los presentes pudieron conocer la arquitectura id\u00f3nea para personas con discapacidad y adultos mayores con la finalidad de brindarles un trato digno.\u003C\/p\u003E\n\u003Cp\u003EAl t\u00e9rmino de la exhibici\u00f3n la Secretar\u00eda de Desarrollo Social, a trav\u00e9s de la Unidad de Atenci\u00f3n a Grupos Vulnerables, otorg\u00f3 a los maestros y alumnos participantes reconocimientos por su labor social en favor de los grupos vulnerables de nuestra sociedad\u003C\/p\u003E\n\u003Cp\u003EDurante la presentaci\u00f3n de proyectos estuvieron presentes Marco Antonio Novelo Osuna, Secretario de Desarrollo Social Municipal; Rodrigo Mortero Ortiz, Secretario Particular del Presidente Municipal; Alejandro Gonz\u00e1lez Le\u00f3n, Regidor; Mario Lamadrid Moreno, Director del Instituto Municipal de Cultura y Desarrollo Humano; asimismo, por parte de la UABC se cont\u00f3 con la presencia de Juan Iv\u00e1n Nieto Hip\u00f3lito, Director de la FIAD; Jos\u00e9 Javier S\u00e1nchez Gonz\u00e1lez, Coordinador de Vinculaci\u00f3n Acad\u00e9mica de la FIAD; Claudia Rivera Torres, Coordinadora de Arquitectura y Dise\u00f1o; y Wendy Rocha Salcedo,\u00a0 profesora de la carrera de Arquitectura.\u003C\/p\u003E\n\u003Cp\u003E\u00a0\u003C\/p\u003E\n\u003Cp\u003E\u00a0\u003C\/p\u003E\u003C\/div\u003E\n      \n  \n\n\n  \u003C\/div\u003E\n\n  \u003C\/div\u003E\n\n  \u003Cdiv class=\u0022area-extras group-right\u0022\u003E\n        \n                          \u003Cdiv  class=\u0022enlace-blockBottom\u0022 \u003E\n      \u003Cdiv\u003EVer m\u00e1s \u003Ca href=\u0022http:\/\/gaceta.uabc.mx\/notas\u0022\u003ENotas\u003C\/a\u003E\u003C\/div\u003E\n\u003C\/div\u003E\n      \n  \n\n\n  \u003C\/div\u003E\n\n\u003C\/div\u003E\n\n","settings":null}]