[{"command":"settings","settings":{"pluralDelimiter":"\u0003","suppressDeprecationErrors":true,"ajaxPageState":{"libraries":"core\/drupal.ajax,core\/picturefill,ds\/ds_3col_equal_width","theme":"gaceta","theme_token":null},"ajaxTrustedUrl":[],"field_group":{"html_element":{"mode":"media_expanded","context":"view","settings":{"classes":"datos","show_empty_fields":false,"id":"","element":"div","show_label":false,"label_element":"h3","label_element_classes":"","attributes":"","effect":"none","speed":"fast"}}},"user":{"uid":0,"permissionsHash":"55dc977d165ab1e05e51b6cc6487f6d73e65ab536d99ee82c6990d9001d5c21c"}},"merge":true},{"command":"add_css","data":"\u003Clink rel=\u0022stylesheet\u0022 media=\u0022all\u0022 href=\u0022\/sites\/default\/files\/css\/css_mxJrjoKKAZuuB4_4f-B1u9VnFZxvSor3Az4JEdrFEso.css\u0022 \/\u003E\n\u003Clink rel=\u0022stylesheet\u0022 media=\u0022all\u0022 href=\u0022\/sites\/default\/files\/css\/css_-BXSGQpS8YTwwuXGbPoshUvZ7W-_HbYR3H7d0DA_mEY.css\u0022 \/\u003E\n\u003Clink rel=\u0022stylesheet\u0022 media=\u0022all\u0022 href=\u0022\/sites\/default\/files\/css\/css_89YreTu0npezhXSakRJR9TVHyBS9bTcyt0s3IckAe-M.css\u0022 \/\u003E\n"},{"command":"add_js","selector":"body","data":[{"src":"\/sites\/default\/files\/js\/js_9UaAhXvc9u0KYXXUw-OKyLP2baQxdV4zY3Y_KGurcvY.js"},{"src":"\/sites\/default\/files\/js\/js_oDJxUBLBzfRb_FDgNfkNOm9-tiatS2kNfxQIeVRZA7Y.js"},{"src":"\/sites\/default\/files\/js\/js_YM82KRuzNIr2X-Kb8pQW8cOcSbWgQ_QGKclTYJ_aMlI.js"},{"src":"\/sites\/default\/files\/js\/js_pqqsPPmPmxKgamY6qk_WSawtL05XH_yAY8GkPHVyahI.js"}]},{"command":"insert","method":"replaceWith","selector":".view-mode-full","data":"\u003Cdiv data-history-node-id=\u00221304\u0022 class=\u0022contenido view-mode-media_expanded ds-3col-equal clearfix\u0022\u003E\n\n  \n\n  \u003Cdiv class=\u0022area-medios group-left\u0022\u003E\n        \n                          \u003Cdiv  class=\u0022imagen\u0022 \u003E\n          \u003Cpicture\u003E\n                  \u003Csource srcset=\u0022\/sites\/default\/files\/styles\/max_650x650\/public\/2017-05\/Inauguran%20la%20Feria%20de%20Emprendedores%20Cimarrones.webp?itok=jWyidr7I 650w, \/sites\/default\/files\/styles\/max_1300x1300\/public\/2017-05\/Inauguran%20la%20Feria%20de%20Emprendedores%20Cimarrones.webp?itok=Lpmaf7qK 1300w, \/sites\/default\/files\/styles\/max_1900x1900\/public\/2017-05\/Inauguran%20la%20Feria%20de%20Emprendedores%20Cimarrones.webp?itok=ZAE6SdVa 1461w\u0022 type=\u0022image\/webp\u0022 sizes=\u0022100vw\u0022\/\u003E\n              \u003Csource srcset=\u0022\/sites\/default\/files\/styles\/max_650x650\/public\/2017-05\/Inauguran%20la%20Feria%20de%20Emprendedores%20Cimarrones.jpg?itok=jWyidr7I 650w, \/sites\/default\/files\/styles\/max_1300x1300\/public\/2017-05\/Inauguran%20la%20Feria%20de%20Emprendedores%20Cimarrones.jpg?itok=Lpmaf7qK 1300w, \/sites\/default\/files\/styles\/max_1900x1900\/public\/2017-05\/Inauguran%20la%20Feria%20de%20Emprendedores%20Cimarrones.jpg?itok=ZAE6SdVa 1461w\u0022 type=\u0022image\/jpeg\u0022 sizes=\u0022100vw\u0022\/\u003E\n                  \u003Cimg srcset=\u0022\/sites\/default\/files\/styles\/max_650x650\/public\/2017-05\/Inauguran%20la%20Feria%20de%20Emprendedores%20Cimarrones.jpg?itok=jWyidr7I 650w, \/sites\/default\/files\/styles\/max_1300x1300\/public\/2017-05\/Inauguran%20la%20Feria%20de%20Emprendedores%20Cimarrones.jpg?itok=Lpmaf7qK 1300w, \/sites\/default\/files\/styles\/max_1900x1900\/public\/2017-05\/Inauguran%20la%20Feria%20de%20Emprendedores%20Cimarrones.jpg?itok=ZAE6SdVa 1461w\u0022 sizes=\u0022100vw\u0022 src=\u0022\/sites\/default\/files\/styles\/max_1300x1300\/public\/2017-05\/Inauguran%20la%20Feria%20de%20Emprendedores%20Cimarrones.jpg?itok=Lpmaf7qK\u0022 alt=\u0022Feria_Emprendedores_Cimarrones Emprendedores\u0022 typeof=\u0022foaf:Image\u0022 class=\u0022img-fluid\u0022 \/\u003E\n\n  \u003C\/picture\u003E\n\n\u003C\/div\u003E\n      \n  \n\n      \u003Cdiv  class=\u0022boton-expander\u0022\u003E\n        \n                  \u003Cdiv class=\u0022item-list\u0022\u003E\u003Cul\u003E\u003Cli\u003E\u003Ca href=\u0022\/ds-switch-view-mode\/node\/1304\/media_collapsed?selector=view-mode-media_expanded\u0022 class=\u0022use-ajax\u0022\u003E\u2191\u003C\/a\u003E\u003C\/li\u003E\u003C\/ul\u003E\u003C\/div\u003E\n      \n  \n    \u003C\/div\u003E\n\n\n  \u003C\/div\u003E\n\n  \u003Cdiv class=\u0022area-info group-middle\u0022\u003E\n    \n\u003Cdiv  class=\u0022inner\u0022\u003E\n          \n                          \u003Ch2  class=\u0022titulo\u0022 \u003E\n        Realizan Feria de Emprendedores Cimarrones en Tijuana\n\u003C\/h2\u003E\n      \n  \n\n    \n                          \u003Cdiv  class=\u0022resumen\u0022 \u003E\n      Se presentaron 65 proyectos\u003C\/div\u003E\n      \n  \n\n\n\u003Cdiv  class=\u0022datos\u0022\u003E\n            \u003Cdiv  class=\u0022autor\u0022\u003E\n            \u003Cdiv  class=\u0022field-label-inline\u0022\u003EPor\u003C\/div\u003E\n  \n                  \u003Ca href=\u0022\/autores\/cynthia-castaneda-y-anna-real\u0022 hreflang=\u0022es\u0022\u003ECynthia Casta\u00f1eda y Anna Real \u003C\/a\u003E\n      \n  \n    \u003C\/div\u003E\n\n      \u003Cdiv  class=\u0022campus\u0022\u003E\n            \u003Cdiv  class=\u0022field-label-inline\u0022\u003ECampus\u003C\/div\u003E\n  \n                  \u003Ca href=\u0022\/campus\/tijuana\u0022 hreflang=\u0022es\u0022\u003ETijuana\u003C\/a\u003E\n      \n  \n    \u003C\/div\u003E\n\n    \n                          \u003Cdiv  class=\u0022fecha\u0022 \u003E\n      19 de Mayo de 2017\u003C\/div\u003E\n      \n  \n\n\n  \u003C\/div\u003E\n    \n                          \u003Cdiv  class=\u0022texto\u0022 \u003E\n      \u003Cp\u003ESe llev\u00f3 a cabo la Novena Feria de Emprendedores Cimarrones en el estacionamiento de\u00a0 Vicerrector\u00eda Campus Tijuana, con el objetivo de presentar proyectos finales que los estudiantes de \u00faltimos semestres hicieron para emprender su propio negocio.\u003C\/p\u003E\n\n\u003Cp\u003ESe presentan 65 proyectos de estudiantes universitarios y aproximadamente 150 que se generan durante el transcurso del periodo escolar, en ese contexto se procede a presentar los proyectos\u00a0que son calificados\u00a0por un grupo de evaluadores externos integrado por empresarios y organismos que apoyan a la ciudad.\u00a0\u003C\/p\u003E\n\n\u003Cp\u003ELa doctora Mar\u00eda Eugenia P\u00e9rez Morales, Vicerrectora del Campus Tijuana, mencion\u00f3 que \u201cesta importante actividad es parte del Programa Integral de Emprendedores para fortalecer los indicadores de emprendimiento y apertura de empresas por parte de los alumnos y egresados, esto generar\u00e1 que m\u00e1s Cimarrones se integren al desarrollo social y econ\u00f3mico con un mayor efecto multiplicador en la comunidad\u201d.\u003C\/p\u003E\n\n\u003Cp\u003EEl proyecto ganador fue\u00a0Plantit\u00e9 desarrollado por\u00a0las alumnas de sexto semestre de la Facultad de Turismo y Mercadotecnia:\u00a0Abigail S\u00e1nchez, Karla Mart\u00ednez, Jaqueline Mart\u00ednez, Marcela\u00a0Corcheti Patricia Flores, Areli Zeferino y Dulce Heredia. El proyecto consiste en el cuidado b\u00e1sico de plantas peque\u00f1as, las cuales cuentan con un nombre y personalidad. \u201cEl prop\u00f3sito de crear conciencia acerca del cuidado de las plantas, a trav\u00e9s de la diversi\u00f3n y la practicidad\u201d, coment\u00f3 Abigail S\u00e1nchez.\u003C\/p\u003E\u003C\/div\u003E\n      \n  \n\n    \n            \u003Cdiv  class=\u0022palabras-clave\u0022\u003E\n                        \u003Ca href=\u0022\/tags\/feria\u0022 hreflang=\u0022es\u0022\u003EFeria\u003C\/a\u003E\n                \u003Ca href=\u0022\/tags\/emprendedores\u0022 hreflang=\u0022es\u0022\u003EEmprendedores\u003C\/a\u003E\n                \u003Ca href=\u0022\/tags\/cimarrones-emprendedores\u0022 hreflang=\u0022es\u0022\u003ECimarrones Emprendedores\u003C\/a\u003E\n      \n      \u003C\/div\u003E\n  \n\n\n  \u003C\/div\u003E\n\n  \u003C\/div\u003E\n\n  \u003Cdiv class=\u0022area-extras group-right\u0022\u003E\n        \n                          \u003Cdiv  class=\u0022enlace-blockBottom\u0022 \u003E\n      \u003Cdiv\u003EVer m\u00e1s \u003Ca href=\u0022http:\/\/gaceta.uabc.mx\/notas\u0022\u003ENotas\u003C\/a\u003E\u003C\/div\u003E\n\u003C\/div\u003E\n      \n  \n\n\n  \u003C\/div\u003E\n\n\u003C\/div\u003E\n\n","settings":null}]