[{"command":"settings","settings":{"pluralDelimiter":"\u0003","suppressDeprecationErrors":true,"ajaxPageState":{"libraries":"core\/drupal.ajax,ds\/ds_3col_equal_width","theme":"gaceta","theme_token":null},"ajaxTrustedUrl":[],"field_group":{"html_element":{"mode":"media_expanded","context":"view","settings":{"classes":"datos","show_empty_fields":false,"id":"","element":"div","show_label":false,"label_element":"h3","label_element_classes":"","attributes":"","effect":"none","speed":"fast"}}},"user":{"uid":0,"permissionsHash":"55dc977d165ab1e05e51b6cc6487f6d73e65ab536d99ee82c6990d9001d5c21c"}},"merge":true},{"command":"add_css","data":"\u003Clink rel=\u0022stylesheet\u0022 media=\u0022all\u0022 href=\u0022\/sites\/default\/files\/css\/css_mxJrjoKKAZuuB4_4f-B1u9VnFZxvSor3Az4JEdrFEso.css\u0022 \/\u003E\n\u003Clink rel=\u0022stylesheet\u0022 media=\u0022all\u0022 href=\u0022\/sites\/default\/files\/css\/css_-BXSGQpS8YTwwuXGbPoshUvZ7W-_HbYR3H7d0DA_mEY.css\u0022 \/\u003E\n\u003Clink rel=\u0022stylesheet\u0022 media=\u0022all\u0022 href=\u0022\/sites\/default\/files\/css\/css_89YreTu0npezhXSakRJR9TVHyBS9bTcyt0s3IckAe-M.css\u0022 \/\u003E\n"},{"command":"add_js","selector":"body","data":[{"src":"\/sites\/default\/files\/js\/js_9UaAhXvc9u0KYXXUw-OKyLP2baQxdV4zY3Y_KGurcvY.js"},{"src":"\/sites\/default\/files\/js\/js_oDJxUBLBzfRb_FDgNfkNOm9-tiatS2kNfxQIeVRZA7Y.js"},{"src":"\/sites\/default\/files\/js\/js_1RP4qUEvRifRPl9mYl8nA5jNqky6vVqo6nKEmFCp0ko.js"},{"src":"\/sites\/default\/files\/js\/js_JWYilEE4EQG7Dr-JhBmcQVwxs1c7FMUMbFbUcXjlSYw.js"}]},{"command":"insert","method":"replaceWith","selector":".view-mode-full","data":"\u003Cdiv data-history-node-id=\u002213620\u0022 class=\u0022contenido view-mode-media_expanded ds-3col-equal clearfix\u0022\u003E\n\n  \n\n  \u003Cdiv class=\u0022area-medios group-left\u0022\u003E\n          \u003Cdiv  class=\u0022boton-expander\u0022\u003E\n        \n                  \u003Cdiv class=\u0022item-list\u0022\u003E\u003Cul\u003E\u003Cli\u003E\u003Ca href=\u0022\/ds-switch-view-mode\/node\/13620\/media_collapsed?selector=view-mode-media_expanded\u0022 class=\u0022use-ajax\u0022\u003E\u2191\u003C\/a\u003E\u003C\/li\u003E\u003C\/ul\u003E\u003C\/div\u003E\n      \n  \n    \u003C\/div\u003E\n\n\n  \u003C\/div\u003E\n\n  \u003Cdiv class=\u0022area-info group-middle\u0022\u003E\n    \n\u003Cdiv  class=\u0022inner\u0022\u003E\n          \n                          \u003Ch2  class=\u0022titulo\u0022 \u003E\n        Medallistas cimarrones en Universiada Nacional 2012\n\u003C\/h2\u003E\n      \n  \n\n    \n                          \u003Cdiv  class=\u0022resumen\u0022 \u003E\n      Triunfadores Cimarrones obtienen medallas.\u003C\/div\u003E\n      \n  \n\n\n\u003Cdiv  class=\u0022datos\u0022\u003E\n            \u003Cdiv  class=\u0022campus\u0022\u003E\n            \u003Cdiv  class=\u0022field-label-inline\u0022\u003ECampus\u003C\/div\u003E\n  \n                  \u003Ca href=\u0022\/campus\/mexicali\u0022 hreflang=\u0022es\u0022\u003EMexicali\u003C\/a\u003E\n      \n  \n    \u003C\/div\u003E\n\n    \n                          \u003Cdiv  class=\u0022fecha\u0022 \u003E\n      4 de Mayo de 2012\u003C\/div\u003E\n      \n  \n\n\n  \u003C\/div\u003E\n    \n                          \u003Cdiv  class=\u0022texto\u0022 \u003E\n      \u003Cp\u003ECosech\u00f3 frutos la delegaci\u00f3n cimarrona que represent\u00f3 a la UABC en la Universiada Nacional 2012 \u201cNuestras alas, nuestro destino\u201d que se llev\u00f3 a cabo en Xalapa, Veracruz del 16 al 30 de abril.\u003C\/p\u003E\n\n\u003Cp\u003ELa competencia se llev\u00f3 a cabo en las instalaciones de la Universidad Veracruzana, con la participaci\u00f3n de alrededor 2 mil atletas de aproximadamente 180 instituciones educativas de educaci\u00f3n superior.\u003C\/p\u003E\n\n\u003Cp\u003E\u003Cstrong\u003E\u003Cspan style=\u0022line-height: 1.538em;\u0022\u003ETres medallas de plata y una de bronce para Judo\u003C\/span\u003E\u003C\/strong\u003E\u003C\/p\u003E\n\n\u003Cp\u003EJulio C\u00e9sar Niebla Arc\u00eda en la categor\u00eda 60 Kg, estudiante del noveno semestre de la Facultad de Ingenier\u00eda campus Mexicali; Lillian Cifuentes \u00c1vila en la categor\u00eda 53 kg del segundo semestre de la Facultad de Econom\u00eda y Relaciones Internacionales del Campus Tijuana; y Rafael Barrag\u00e1n Mar\u00edn en la categor\u00eda 53 kg, alumnos del cuarto semestre de la Facultad de Ingenier\u00eda campus Ensenada, fueron merecedores de la medalla de Plata.\u003C\/p\u003E\n\n\u003Cp\u003EPor su parte, Zid\u00e9 Figueroa \u00c1lvarez en la categor\u00eda 60 kg, quien estudia el tercer semestre de la Escuela de Artes campus Tijuana, obtuvo medalla de bronce.\u003C\/p\u003E\n\n\u003Cp\u003ENieblas Arc\u00eda coment\u00f3 que es un orgullo representar a la UABC en esta su tercera competencia nacional y que el pr\u00f3ximo a\u00f1o va por el oro. \u201cEstoy muy agradecido con todos los coordinadores y entrenadores que nos han apoyado para participar en este evento, es mi primera medalla y con esto les doy las gracias a todos los que me han apoyado\u201d, afirm\u00f3 Nieblas.\u003C\/p\u003E\n\n\u003Cp\u003EPor su parte, Cifuentes \u00c1vila dijo sentirse tambi\u00e9n orgullosa porque es su primera Universiada Nacional y que vino con todos los deseos de poner en alto el nombre de la UABC. Asimismo, aconsej\u00f3 a todos los universitarios a que se animen a practicar cualquier deporte para su beneficio f\u00edsico y espiritual. \u201cDeseo y espero llegar a ser seleccionada y ganar el primer lugar, trabajar\u00e9 arduamente para que el pr\u00f3ximo a\u00f1o esta medalla sea de Oro, se\u00f1al\u00f3.\u003C\/p\u003E\n\n\u003Cp\u003E\u003Cstrong\u003E\u003Cspan style=\u0022line-height: 1.538em;\u0022\u003EBronce para voleibol de playa\u003C\/span\u003E\u003C\/strong\u003E\u003C\/p\u003E\n\n\u003Cp\u003EDespu\u00e9s de 10 a\u00f1os, la selecci\u00f3n de Voleibol de Playa de la Universidad Aut\u00f3noma de Baja California volvi\u00f3 a subir al p\u00f3dium de los medalleros.\u003C\/p\u003E\n\n\u003Cp\u003ELos seleccionados, Juan Carlos Almanza Burgos del s\u00e9ptimo semestre de la Escuela de Deportes, Edgar Palacios Castro del sexto semestre de la Facultad de Derecho, ambos; del Campus Ensenada y Daniel Noriega de Le\u00f3n del noveno semestre de la Facultad de Ingenier\u00eda y Negocios del Campus Tijuana vencieron a la Universidad Aut\u00f3noma de Chihuahua (UACH).\u003C\/p\u003E\n\n\u003Cp\u003E\u201cEs un orgullo muy grande ser cimarr\u00f3n, pertenecer a la selecci\u00f3n y ganar esta medalla es un honor, estoy muy feliz\u201d, dijo Juan Carlos Almanza Burgos.\u003C\/p\u003E\n\n\u003Cp\u003E\u003Cstrong\u003E\u003Cspan style=\u0022line-height: 1.538em;\u0022\u003EPrimera medalla para atletismo\u003C\/span\u003E\u003C\/strong\u003E\u003C\/p\u003E\n\n\u003Cp\u003EMayra Karina Medina Inzunza del noveno semestre de la Facultad de Ciencias Administrativas en el Campus Mexicali, obtuvo medalla de bronce en la prueba de pista; 100 metros planos femenil con una marca de 12.33 s.\u003C\/p\u003E\n\n\u003Cp\u003E\u201cEstoy muy contenta, muy satisfecha de ganar esta medalla de Bronce representando a la UABC y orgullosamente de ser Cimarrona, de esta Universiada; me llevo la satisfacci\u00f3n de correr, es lo que m\u00e1s me apasiona espero seguir haci\u00e9ndolo por mucho tiempo m\u00e1s\u201d, comparti\u00f3 Mayra Medina.\u003C\/p\u003E\n\n\u003Cp\u003EMayra, a los 8 a\u00f1os empez\u00f3 a entrenar y hasta la fecha no lo ha dejado de hacer, en el 2000 fue su primera olimpiada nacional donde obtuvo el primer lugar en la prueba 75 metros planos, \u201cEra una beb\u00e9\u201d dijo con una enorme sonrisa. A partir de ah\u00ed; el \u00e9xito rode\u00f3 a la medallista Cimarrona con \u201cmuchas experiencias, medallas, satisfacciones, lesiones, amistades de todo un poco\u201d, finaliz\u00f3.\u003C\/p\u003E\n\n\u003Cp\u003E\u003Cstrong\u003E\u003Cspan style=\u0022line-height: 1.538em;\u0022\u003EPlata y bronce para Tae Kwon Do\u003C\/span\u003E\u003C\/strong\u003E\u003C\/p\u003E\n\n\u003Cp\u003EEn la rama femenil, Isvel L\u00f3pez Maga\u00f1a en la categor\u00eda menos 53 kg logr\u00f3 la medalla de bronce. En la rama varonil, Eduardo Ortiz Ch\u00e1vez en la categor\u00eda menos 63 kg obtuvo medalla de plata.\u003C\/p\u003E\n\n\u003Cp\u003E\u003Cspan style=\u0022line-height: 1.538em;\u0022\u003EFelicitamos a nuestros deportistas por poner en alto el nombre de nuestra Alma Mater compitiendo con respeto, honestidad e inteligencia.\u003C\/span\u003E\u003C\/p\u003E\n\n\u003Cp\u003E\u00a1\u00a1Orgullosamente Cimarr\u00f3n, Orgullosamente Deportista!!\u003C\/p\u003E\n\u003C\/div\u003E\n      \n  \n\n\n  \u003C\/div\u003E\n\n  \u003C\/div\u003E\n\n  \u003Cdiv class=\u0022area-extras group-right\u0022\u003E\n        \n                          \u003Cdiv  class=\u0022enlace-blockBottom\u0022 \u003E\n      \u003Cdiv\u003EVer m\u00e1s \u003Ca href=\u0022http:\/\/gaceta.uabc.mx\/notas\u0022\u003ENotas\u003C\/a\u003E\u003C\/div\u003E\n\u003C\/div\u003E\n      \n  \n\n\n  \u003C\/div\u003E\n\n\u003C\/div\u003E\n\n","settings":null}]