[{"command":"settings","settings":{"pluralDelimiter":"\u0003","suppressDeprecationErrors":true,"ajaxPageState":{"libraries":"core\/drupal.ajax,core\/picturefill,ds\/ds_3col_equal_width","theme":"gaceta","theme_token":null},"ajaxTrustedUrl":[],"field_group":{"html_element":{"mode":"media_expanded","context":"view","settings":{"classes":"datos","show_empty_fields":false,"id":"","element":"div","show_label":false,"label_element":"h3","label_element_classes":"","attributes":"","effect":"none","speed":"fast"}}},"user":{"uid":0,"permissionsHash":"55dc977d165ab1e05e51b6cc6487f6d73e65ab536d99ee82c6990d9001d5c21c"}},"merge":true},{"command":"add_css","data":"\u003Clink rel=\u0022stylesheet\u0022 media=\u0022all\u0022 href=\u0022\/sites\/default\/files\/css\/css_mxJrjoKKAZuuB4_4f-B1u9VnFZxvSor3Az4JEdrFEso.css\u0022 \/\u003E\n\u003Clink rel=\u0022stylesheet\u0022 media=\u0022all\u0022 href=\u0022\/sites\/default\/files\/css\/css_-BXSGQpS8YTwwuXGbPoshUvZ7W-_HbYR3H7d0DA_mEY.css\u0022 \/\u003E\n\u003Clink rel=\u0022stylesheet\u0022 media=\u0022all\u0022 href=\u0022\/sites\/default\/files\/css\/css_89YreTu0npezhXSakRJR9TVHyBS9bTcyt0s3IckAe-M.css\u0022 \/\u003E\n"},{"command":"add_js","selector":"body","data":[{"src":"\/sites\/default\/files\/js\/js_9UaAhXvc9u0KYXXUw-OKyLP2baQxdV4zY3Y_KGurcvY.js"},{"src":"\/sites\/default\/files\/js\/js_oDJxUBLBzfRb_FDgNfkNOm9-tiatS2kNfxQIeVRZA7Y.js"},{"src":"\/sites\/default\/files\/js\/js_YM82KRuzNIr2X-Kb8pQW8cOcSbWgQ_QGKclTYJ_aMlI.js"},{"src":"\/sites\/default\/files\/js\/js_pqqsPPmPmxKgamY6qk_WSawtL05XH_yAY8GkPHVyahI.js"}]},{"command":"insert","method":"replaceWith","selector":".view-mode-full","data":"\u003Cdiv data-history-node-id=\u00221385\u0022 class=\u0022contenido view-mode-media_expanded ds-3col-equal clearfix\u0022\u003E\n\n  \n\n  \u003Cdiv class=\u0022area-medios group-left\u0022\u003E\n        \n                          \u003Cdiv  class=\u0022imagen\u0022 \u003E\n          \u003Cpicture\u003E\n                  \u003Csource srcset=\u0022\/sites\/default\/files\/styles\/max_650x650\/public\/2017-05\/Se%20realiz%C3%B3%20el%20Coloquio%20de%20Proyectos%20de%20Vinculaci%C3%B3n%202017.webp?itok=smUn8HPV 650w, \/sites\/default\/files\/styles\/max_1300x1300\/public\/2017-05\/Se%20realiz%C3%B3%20el%20Coloquio%20de%20Proyectos%20de%20Vinculaci%C3%B3n%202017.webp?itok=Ysv0dBp7 1300w, \/sites\/default\/files\/styles\/max_1900x1900\/public\/2017-05\/Se%20realiz%C3%B3%20el%20Coloquio%20de%20Proyectos%20de%20Vinculaci%C3%B3n%202017.webp?itok=8KV_bvVj 1900w\u0022 type=\u0022image\/webp\u0022 sizes=\u0022100vw\u0022\/\u003E\n              \u003Csource srcset=\u0022\/sites\/default\/files\/styles\/max_650x650\/public\/2017-05\/Se%20realiz%C3%B3%20el%20Coloquio%20de%20Proyectos%20de%20Vinculaci%C3%B3n%202017.jpg?itok=smUn8HPV 650w, \/sites\/default\/files\/styles\/max_1300x1300\/public\/2017-05\/Se%20realiz%C3%B3%20el%20Coloquio%20de%20Proyectos%20de%20Vinculaci%C3%B3n%202017.jpg?itok=Ysv0dBp7 1300w, \/sites\/default\/files\/styles\/max_1900x1900\/public\/2017-05\/Se%20realiz%C3%B3%20el%20Coloquio%20de%20Proyectos%20de%20Vinculaci%C3%B3n%202017.jpg?itok=8KV_bvVj 1900w\u0022 type=\u0022image\/jpeg\u0022 sizes=\u0022100vw\u0022\/\u003E\n                  \u003Cimg srcset=\u0022\/sites\/default\/files\/styles\/max_650x650\/public\/2017-05\/Se%20realiz%C3%B3%20el%20Coloquio%20de%20Proyectos%20de%20Vinculaci%C3%B3n%202017.jpg?itok=smUn8HPV 650w, \/sites\/default\/files\/styles\/max_1300x1300\/public\/2017-05\/Se%20realiz%C3%B3%20el%20Coloquio%20de%20Proyectos%20de%20Vinculaci%C3%B3n%202017.jpg?itok=Ysv0dBp7 1300w, \/sites\/default\/files\/styles\/max_1900x1900\/public\/2017-05\/Se%20realiz%C3%B3%20el%20Coloquio%20de%20Proyectos%20de%20Vinculaci%C3%B3n%202017.jpg?itok=8KV_bvVj 1900w\u0022 sizes=\u0022100vw\u0022 src=\u0022\/sites\/default\/files\/styles\/max_1300x1300\/public\/2017-05\/Se%20realiz%C3%B3%20el%20Coloquio%20de%20Proyectos%20de%20Vinculaci%C3%B3n%202017.jpg?itok=Ysv0dBp7\u0022 alt=\u0022Coloquio_Proyecto_Vinculaci\u00f3n_Empresa_Estancia\u0022 typeof=\u0022foaf:Image\u0022 class=\u0022img-fluid\u0022 \/\u003E\n\n  \u003C\/picture\u003E\n\n\u003C\/div\u003E\n      \n  \n\n      \u003Cdiv  class=\u0022boton-expander\u0022\u003E\n        \n                  \u003Cdiv class=\u0022item-list\u0022\u003E\u003Cul\u003E\u003Cli\u003E\u003Ca href=\u0022\/ds-switch-view-mode\/node\/1385\/media_collapsed?selector=view-mode-media_expanded\u0022 class=\u0022use-ajax\u0022\u003E\u2191\u003C\/a\u003E\u003C\/li\u003E\u003C\/ul\u003E\u003C\/div\u003E\n      \n  \n    \u003C\/div\u003E\n\n\n  \u003C\/div\u003E\n\n  \u003Cdiv class=\u0022area-info group-middle\u0022\u003E\n    \n\u003Cdiv  class=\u0022inner\u0022\u003E\n          \n                          \u003Ch2  class=\u0022titulo\u0022 \u003E\n        Se realiz\u00f3 el Coloquio de Proyectos de Vinculaci\u00f3n 2017\n\u003C\/h2\u003E\n      \n  \n\n    \n                          \u003Cdiv  class=\u0022resumen\u0022 \u003E\n      El evento fue organizado por la Facultad de Ingenier\u00eda y Negocios Tecate.\u003C\/div\u003E\n      \n  \n\n\n\u003Cdiv  class=\u0022datos\u0022\u003E\n            \u003Cdiv  class=\u0022autor\u0022\u003E\n            \u003Cdiv  class=\u0022field-label-inline\u0022\u003EPor\u003C\/div\u003E\n  \n                  \u003Ca href=\u0022\/autores\/denisse-trevino-lopez-y-janette-brito-laredo\u0022 hreflang=\u0022es\u0022\u003EDenisse Trevi\u00f1o L\u00f3pez y Janette Brito Laredo\u003C\/a\u003E\n      \n  \n    \u003C\/div\u003E\n\n      \u003Cdiv  class=\u0022campus\u0022\u003E\n            \u003Cdiv  class=\u0022field-label-inline\u0022\u003ECampus\u003C\/div\u003E\n  \n                  \u003Ca href=\u0022\/campus\/tijuana\u0022 hreflang=\u0022es\u0022\u003ETijuana\u003C\/a\u003E\n      \n  \n    \u003C\/div\u003E\n\n    \n                          \u003Cdiv  class=\u0022fecha\u0022 \u003E\n      30 de Mayo de 2017\u003C\/div\u003E\n      \n  \n\n\n  \u003C\/div\u003E\n    \n                          \u003Cdiv  class=\u0022texto\u0022 \u003E\n      \u003Cp\u003ECon el prop\u00f3sito de presentar 35 carteles de proyectos de vinculaci\u00f3n con valor en cr\u00e9ditos y tres proyectos integradores en los cuales 77 alumnos de la etapa terminal de los programas educativos de Ingenier\u00eda Industrial, Mecatr\u00f3nica y la Licenciatura en Contadur\u00eda realizaron estancias en 33 empresas de la regi\u00f3n en donde tuvieron la oportunidad de aplicar sus conocimientos para resolver problem\u00e1ticas reales, asesorados por ocho profesores de la Unidad Acad\u00e9mica.\u003C\/p\u003E\n\n\u003Cp\u003EEl evento fue presidido por la maestra Edith Montiel Ayala, Directora de la Facultad de Ingenier\u00eda y Negocios; la maestra Claudia Lizeth M\u00e1rquez Mart\u00ednez, Subdirectora de la Facultad de Ingenier\u00eda y Negocios; el ingeniero Jos\u00e9 Saralegui, Director de Operaciones de Broan Nutone, representando al sector empresarial; y la doctora Janette Brito Laredo, Coordinadora de Formaci\u00f3n Profesional y Vinculaci\u00f3n Universitaria y organizadora del evento.\u003C\/p\u003E\n\n\u003Cp\u003ELa Directora de la Facultad resalt\u00f3 la importancia y el impacto de este tipo de vinculaci\u00f3n empresa-escuela, ya que permite a los alumnos entrenarse en escenarios reales, as\u00ed como darles la oportunidad de conseguir su primer empleo al egresar o aun siendo estudiantes.\u003C\/p\u003E\u003C\/div\u003E\n      \n  \n\n    \n            \u003Cdiv  class=\u0022palabras-clave\u0022\u003E\n                        \u003Ca href=\u0022\/tags\/coloquio\u0022 hreflang=\u0022es\u0022\u003EColoquio\u003C\/a\u003E\n                \u003Ca href=\u0022\/tags\/proyecto\u0022 hreflang=\u0022es\u0022\u003EProyecto\u003C\/a\u003E\n                \u003Ca href=\u0022\/tags\/vinculacion\u0022 hreflang=\u0022es\u0022\u003EVinculaci\u00f3n\u003C\/a\u003E\n                \u003Ca href=\u0022\/tags\/empresa\u0022 hreflang=\u0022es\u0022\u003EEmpresa\u003C\/a\u003E\n                \u003Ca href=\u0022\/tags\/estancia\u0022 hreflang=\u0022es\u0022\u003EEstancia\u003C\/a\u003E\n      \n      \u003C\/div\u003E\n  \n\n\n  \u003C\/div\u003E\n\n  \u003C\/div\u003E\n\n  \u003Cdiv class=\u0022area-extras group-right\u0022\u003E\n        \n                          \u003Cdiv  class=\u0022enlace-blockBottom\u0022 \u003E\n      \u003Cdiv\u003EVer m\u00e1s \u003Ca href=\u0022http:\/\/gaceta.uabc.mx\/notas\u0022\u003ENotas\u003C\/a\u003E\u003C\/div\u003E\n\u003C\/div\u003E\n      \n  \n\n\n  \u003C\/div\u003E\n\n\u003C\/div\u003E\n\n","settings":null}]