[{"command":"settings","settings":{"pluralDelimiter":"\u0003","suppressDeprecationErrors":true,"ajaxPageState":{"libraries":"core\/drupal.ajax,core\/picturefill,ds\/ds_3col_equal_width","theme":"gaceta","theme_token":null},"ajaxTrustedUrl":[],"field_group":{"html_element":{"mode":"media_expanded","context":"view","settings":{"classes":"datos","show_empty_fields":false,"id":"","element":"div","show_label":false,"label_element":"h3","label_element_classes":"","attributes":"","effect":"none","speed":"fast"}}},"user":{"uid":0,"permissionsHash":"55dc977d165ab1e05e51b6cc6487f6d73e65ab536d99ee82c6990d9001d5c21c"}},"merge":true},{"command":"add_css","data":"\u003Clink rel=\u0022stylesheet\u0022 media=\u0022all\u0022 href=\u0022\/sites\/default\/files\/css\/css_mxJrjoKKAZuuB4_4f-B1u9VnFZxvSor3Az4JEdrFEso.css\u0022 \/\u003E\n\u003Clink rel=\u0022stylesheet\u0022 media=\u0022all\u0022 href=\u0022\/sites\/default\/files\/css\/css_-BXSGQpS8YTwwuXGbPoshUvZ7W-_HbYR3H7d0DA_mEY.css\u0022 \/\u003E\n\u003Clink rel=\u0022stylesheet\u0022 media=\u0022all\u0022 href=\u0022\/sites\/default\/files\/css\/css_89YreTu0npezhXSakRJR9TVHyBS9bTcyt0s3IckAe-M.css\u0022 \/\u003E\n"},{"command":"add_js","selector":"body","data":[{"src":"\/sites\/default\/files\/js\/js_9UaAhXvc9u0KYXXUw-OKyLP2baQxdV4zY3Y_KGurcvY.js"},{"src":"\/sites\/default\/files\/js\/js_oDJxUBLBzfRb_FDgNfkNOm9-tiatS2kNfxQIeVRZA7Y.js"},{"src":"\/sites\/default\/files\/js\/js_YM82KRuzNIr2X-Kb8pQW8cOcSbWgQ_QGKclTYJ_aMlI.js"},{"src":"\/sites\/default\/files\/js\/js_pqqsPPmPmxKgamY6qk_WSawtL05XH_yAY8GkPHVyahI.js"}]},{"command":"insert","method":"replaceWith","selector":".view-mode-full","data":"\u003Cdiv data-history-node-id=\u002213959\u0022 class=\u0022contenido view-mode-media_expanded ds-3col-equal clearfix\u0022\u003E\n\n  \n\n  \u003Cdiv class=\u0022area-medios group-left\u0022\u003E\n        \n                          \u003Cdiv  class=\u0022imagen\u0022 \u003E\n          \u003Cpicture\u003E\n                  \u003Csource srcset=\u0022\/sites\/default\/files\/styles\/max_650x650\/public\/2019-03\/TORNEO%20INTERFACULTADES%20DE%20FUTBOL%20R%C3%81PIDO%20VARONIL%20Y%20FEMENL.webp?itok=-rQWLw6K 650w, \/sites\/default\/files\/styles\/max_1900x1900\/public\/2019-03\/TORNEO%20INTERFACULTADES%20DE%20FUTBOL%20R%C3%81PIDO%20VARONIL%20Y%20FEMENL.webp?itok=IzHqTBkD 960w\u0022 type=\u0022image\/webp\u0022 sizes=\u0022100vw\u0022\/\u003E\n              \u003Csource srcset=\u0022\/sites\/default\/files\/styles\/max_650x650\/public\/2019-03\/TORNEO%20INTERFACULTADES%20DE%20FUTBOL%20R%C3%81PIDO%20VARONIL%20Y%20FEMENL.jpg?itok=-rQWLw6K 650w, \/sites\/default\/files\/styles\/max_1900x1900\/public\/2019-03\/TORNEO%20INTERFACULTADES%20DE%20FUTBOL%20R%C3%81PIDO%20VARONIL%20Y%20FEMENL.jpg?itok=IzHqTBkD 960w\u0022 type=\u0022image\/jpeg\u0022 sizes=\u0022100vw\u0022\/\u003E\n                  \u003Cimg srcset=\u0022\/sites\/default\/files\/styles\/max_650x650\/public\/2019-03\/TORNEO%20INTERFACULTADES%20DE%20FUTBOL%20R%C3%81PIDO%20VARONIL%20Y%20FEMENL.jpg?itok=-rQWLw6K 650w, \/sites\/default\/files\/styles\/max_1900x1900\/public\/2019-03\/TORNEO%20INTERFACULTADES%20DE%20FUTBOL%20R%C3%81PIDO%20VARONIL%20Y%20FEMENL.jpg?itok=IzHqTBkD 960w\u0022 sizes=\u0022100vw\u0022 src=\u0022\/sites\/default\/files\/styles\/max_1300x1300\/public\/2019-03\/TORNEO%20INTERFACULTADES%20DE%20FUTBOL%20R%C3%81PIDO%20VARONIL%20Y%20FEMENL.jpg?itok=5zDYfy8S\u0022 alt=\u0022interfacultades_futbol rapido \u0022 typeof=\u0022foaf:Image\u0022 class=\u0022img-fluid\u0022 \/\u003E\n\n  \u003C\/picture\u003E\n\n\u003C\/div\u003E\n      \n  \n\n      \u003Cdiv  class=\u0022boton-expander\u0022\u003E\n        \n                  \u003Cdiv class=\u0022item-list\u0022\u003E\u003Cul\u003E\u003Cli\u003E\u003Ca href=\u0022\/ds-switch-view-mode\/node\/13959\/media_collapsed?selector=view-mode-media_expanded\u0022 class=\u0022use-ajax\u0022\u003E\u2191\u003C\/a\u003E\u003C\/li\u003E\u003C\/ul\u003E\u003C\/div\u003E\n      \n  \n    \u003C\/div\u003E\n\n\n  \u003C\/div\u003E\n\n  \u003Cdiv class=\u0022area-info group-middle\u0022\u003E\n    \n\u003Cdiv  class=\u0022inner\u0022\u003E\n          \n                          \u003Ch2  class=\u0022titulo\u0022 \u003E\n        Realizan Interfacultades de f\u00fabol r\u00e1pido\n\u003C\/h2\u003E\n      \n  \n\n    \n                          \u003Cdiv  class=\u0022resumen\u0022 \u003E\n      Los encuentros se realizan en ambas ramas\u003C\/div\u003E\n      \n  \n\n\n\u003Cdiv  class=\u0022datos\u0022\u003E\n            \u003Cdiv  class=\u0022autor\u0022\u003E\n            \u003Cdiv  class=\u0022field-label-inline\u0022\u003EPor\u003C\/div\u003E\n  \n                  \u003Ca href=\u0022\/autores\/alejandrina-mendoza-rivera\u0022 hreflang=\u0022es\u0022\u003EAlejandrina Mendoza Rivera\u003C\/a\u003E\n      \n  \n    \u003C\/div\u003E\n\n      \u003Cdiv  class=\u0022campus\u0022\u003E\n            \u003Cdiv  class=\u0022field-label-inline\u0022\u003ECampus\u003C\/div\u003E\n  \n                  \u003Ca href=\u0022\/campus\/mexicali\u0022 hreflang=\u0022es\u0022\u003EMexicali\u003C\/a\u003E\n      \n  \n    \u003C\/div\u003E\n\n    \n                          \u003Cdiv  class=\u0022fecha\u0022 \u003E\n      8 de Marzo de 2019\u003C\/div\u003E\n      \n  \n\n\n  \u003C\/div\u003E\n    \n                          \u003Cdiv  class=\u0022texto\u0022 \u003E\n      \u003Cp dir=\u0022ltr\u0022\u003ELa Facultad de Deportes, a trav\u00e9s de su Coordinaci\u00f3n de Actividad F\u00edsica y Deporte, realiz\u00f3 la primera jornada del Torneo de F\u00fatbol R\u00e1pido Interfacultades, en la cancha #1 de la Unidad Deportiva Universitaria \u201cArq. Rub\u00e9n Castro Boj\u00f3rquez\u201d.\u003C\/p\u003E\n\n\u003Cp dir=\u0022ltr\u0022\u003EEn la rama femenil inici\u00f3 con la presencia de nueve equipos de las facultades de Medicina, Ciencias Humanas (FCH), Derecho, Ciencias Sociales y Pol\u00edticas (FCSyP), Idiomas, Ciencias Administrativas (FCA), Deportes y Odontolog\u00eda, as\u00ed como del Instituto de Investigaciones en Ciencias Veterinarias (IICV). Todos los juegos del torneo Interfacultades de futbol r\u00e1pido femenil se llevar\u00e1n a cabo los mi\u00e9rcoles de cada semana a partir de las 18:30 horas.\u003C\/p\u003E\n\n\u003Cp dir=\u0022ltr\u0022\u003EEn los primeros resultados, la FCA derrot\u00f3 a FCH con marcador de 7 goles por 3. En el segundo encuentro, el IICV y FCSyP empataron a tres goles; sin embargo, bajo la v\u00eda de penales el Instituto se llev\u00f3 la victoria con marcador de 2 goles por 1.\u003C\/p\u003E\n\n\u003Cp dir=\u0022ltr\u0022\u003ELa Facultad de Derecho gan\u00f3 su primer juego 2-0 contra Odontolog\u00eda. Mientras que la Medicina derrot\u00f3 a Idiomas con un marcador de 2-0. En la rama varonil, el torneo arranc\u00f3 con 14 equipos. El grupo A est\u00e1 conformado por las facultades de Ciencias Sociales y Pol\u00edticas, Medicina, Derecho, Arquitectura y Derecho, Ciencias Humanas, Enfermer\u00eda y Deportes; mientras que el B est\u00e1 integrado por las facultades de Odontolog\u00eda, Artes, Idiomas, Pedagog\u00eda e Innovaci\u00f3n Educativa (FPIE), Ingenier\u00eda y Ciencias Administrativas, as\u00ed como el IICV. Las acciones tienen lugar los jueves de cada semana, a partir de las 19:00 horas en la cancha #1 y #2 de f\u00fatbol r\u00e1pido.\u003C\/p\u003E\n\n\u003Cp dir=\u0022ltr\u0022\u003EEn los primeros resultados, Ingenier\u00eda gan\u00f3 su primer partido quedando con un marcador de 6-3 contra FCA; \u00a0en otro encuentro, el IICV qued\u00f3 con marcador a su favor de 4-2 sobre Artes.\u003C\/p\u003E\n\n\u003Cp dir=\u0022ltr\u0022\u003ELa Facultad de Derecho con un amplio marcador de 6-1 derrot\u00f3 a la FCSyP. Mientras que en un encuentro re\u00f1ido, Odontolog\u00eda derrot\u00f3 a la FPIE, 3 goles por 2. Medicina result\u00f3 ganador con 2-0 contra Enfermer\u00eda; y venciendo en penales a Humanas 3-2 se apunt\u00f3 la victoria la Facultad de Deportes.\u003C\/p\u003E\n\n\u003Cp\u003E\u00a0\u003C\/p\u003E\u003C\/div\u003E\n      \n  \n\n    \n            \u003Cdiv  class=\u0022palabras-clave\u0022\u003E\n                        \u003Ca href=\u0022\/tags\/torneo-de-futbol-rapido\u0022 hreflang=\u0022es\u0022\u003ETorneo de f\u00fatbol r\u00e1pido \u003C\/a\u003E\n                \u003Ca href=\u0022\/tags\/interfacultades\u0022 hreflang=\u0022es\u0022\u003EInterfacultades\u003C\/a\u003E\n                \u003Ca href=\u0022\/tags\/futbol\u0022 hreflang=\u0022es\u0022\u003EF\u00fatbol\u003C\/a\u003E\n      \n      \u003C\/div\u003E\n  \n\n\n  \u003C\/div\u003E\n\n  \u003C\/div\u003E\n\n  \u003Cdiv class=\u0022area-extras group-right\u0022\u003E\n        \n                          \u003Cdiv  class=\u0022enlace-blockBottom\u0022 \u003E\n      \u003Cdiv\u003EVer m\u00e1s \u003Ca href=\u0022http:\/\/gaceta.uabc.mx\/notas\u0022\u003ENotas\u003C\/a\u003E\u003C\/div\u003E\n\u003C\/div\u003E\n      \n  \n\n\n  \u003C\/div\u003E\n\n\u003C\/div\u003E\n\n","settings":null}]