[{"command":"settings","settings":{"pluralDelimiter":"\u0003","suppressDeprecationErrors":true,"ajaxPageState":{"libraries":"core\/drupal.ajax,core\/picturefill,ds\/ds_3col_equal_width","theme":"gaceta","theme_token":null},"ajaxTrustedUrl":[],"field_group":{"html_element":{"mode":"media_expanded","context":"view","settings":{"classes":"datos","show_empty_fields":false,"id":"","element":"div","show_label":false,"label_element":"h3","label_element_classes":"","attributes":"","effect":"none","speed":"fast"}}},"user":{"uid":0,"permissionsHash":"55dc977d165ab1e05e51b6cc6487f6d73e65ab536d99ee82c6990d9001d5c21c"}},"merge":true},{"command":"add_css","data":"\u003Clink rel=\u0022stylesheet\u0022 media=\u0022all\u0022 href=\u0022\/sites\/default\/files\/css\/css_mxJrjoKKAZuuB4_4f-B1u9VnFZxvSor3Az4JEdrFEso.css\u0022 \/\u003E\n\u003Clink rel=\u0022stylesheet\u0022 media=\u0022all\u0022 href=\u0022\/sites\/default\/files\/css\/css_-BXSGQpS8YTwwuXGbPoshUvZ7W-_HbYR3H7d0DA_mEY.css\u0022 \/\u003E\n\u003Clink rel=\u0022stylesheet\u0022 media=\u0022all\u0022 href=\u0022\/sites\/default\/files\/css\/css_89YreTu0npezhXSakRJR9TVHyBS9bTcyt0s3IckAe-M.css\u0022 \/\u003E\n"},{"command":"add_js","selector":"body","data":[{"src":"\/sites\/default\/files\/js\/js_9UaAhXvc9u0KYXXUw-OKyLP2baQxdV4zY3Y_KGurcvY.js"},{"src":"\/sites\/default\/files\/js\/js_oDJxUBLBzfRb_FDgNfkNOm9-tiatS2kNfxQIeVRZA7Y.js"},{"src":"\/sites\/default\/files\/js\/js_YM82KRuzNIr2X-Kb8pQW8cOcSbWgQ_QGKclTYJ_aMlI.js"},{"src":"\/sites\/default\/files\/js\/js_pqqsPPmPmxKgamY6qk_WSawtL05XH_yAY8GkPHVyahI.js"}]},{"command":"insert","method":"replaceWith","selector":".view-mode-full","data":"\u003Cdiv data-history-node-id=\u002213987\u0022 class=\u0022contenido view-mode-media_expanded ds-3col-equal clearfix\u0022\u003E\n\n  \n\n  \u003Cdiv class=\u0022area-medios group-left\u0022\u003E\n        \n                          \u003Cdiv  class=\u0022imagen\u0022 \u003E\n          \u003Cpicture\u003E\n                  \u003Csource srcset=\u0022\/sites\/default\/files\/styles\/max_650x650\/public\/2019-03\/DSCN1060.webp?itok=UWyaf63U 650w, \/sites\/default\/files\/styles\/max_1300x1300\/public\/2019-03\/DSCN1060.webp?itok=3ac_cPaq 1300w, \/sites\/default\/files\/styles\/max_1900x1900\/public\/2019-03\/DSCN1060.webp?itok=HrWjKUz3 1355w\u0022 type=\u0022image\/webp\u0022 sizes=\u0022100vw\u0022\/\u003E\n              \u003Csource srcset=\u0022\/sites\/default\/files\/styles\/max_650x650\/public\/2019-03\/DSCN1060.JPG?itok=UWyaf63U 650w, \/sites\/default\/files\/styles\/max_1300x1300\/public\/2019-03\/DSCN1060.JPG?itok=3ac_cPaq 1300w, \/sites\/default\/files\/styles\/max_1900x1900\/public\/2019-03\/DSCN1060.JPG?itok=HrWjKUz3 1355w\u0022 type=\u0022image\/jpeg\u0022 sizes=\u0022100vw\u0022\/\u003E\n                  \u003Cimg srcset=\u0022\/sites\/default\/files\/styles\/max_650x650\/public\/2019-03\/DSCN1060.JPG?itok=UWyaf63U 650w, \/sites\/default\/files\/styles\/max_1300x1300\/public\/2019-03\/DSCN1060.JPG?itok=3ac_cPaq 1300w, \/sites\/default\/files\/styles\/max_1900x1900\/public\/2019-03\/DSCN1060.JPG?itok=HrWjKUz3 1355w\u0022 sizes=\u0022100vw\u0022 src=\u0022\/sites\/default\/files\/styles\/max_1300x1300\/public\/2019-03\/DSCN1060.JPG?itok=3ac_cPaq\u0022 alt=\u0022dia de mujer_fiad_mesa de dialogo\u0022 typeof=\u0022foaf:Image\u0022 class=\u0022img-fluid\u0022 \/\u003E\n\n  \u003C\/picture\u003E\n\n\u003C\/div\u003E\n      \n  \n\n      \u003Cdiv  class=\u0022boton-expander\u0022\u003E\n        \n                  \u003Cdiv class=\u0022item-list\u0022\u003E\u003Cul\u003E\u003Cli\u003E\u003Ca href=\u0022\/ds-switch-view-mode\/node\/13987\/media_collapsed?selector=view-mode-media_expanded\u0022 class=\u0022use-ajax\u0022\u003E\u2191\u003C\/a\u003E\u003C\/li\u003E\u003C\/ul\u003E\u003C\/div\u003E\n      \n  \n    \u003C\/div\u003E\n\n\n  \u003C\/div\u003E\n\n  \u003Cdiv class=\u0022area-info group-middle\u0022\u003E\n    \n\u003Cdiv  class=\u0022inner\u0022\u003E\n          \n                          \u003Ch2  class=\u0022titulo\u0022 \u003E\n        Dialogan en FIAD sobre el D\u00eda Internacional de la Mujer\n\u003C\/h2\u003E\n      \n  \n\n    \n                          \u003Cdiv  class=\u0022resumen\u0022 \u003E\n      Visibilizan las situaciones a las que se enfrentan las mujeres en diversos aspectos de su vida\u003Cbr \/\u003E\r\n\u003C\/div\u003E\n      \n  \n\n\n\u003Cdiv  class=\u0022datos\u0022\u003E\n            \u003Cdiv  class=\u0022autor\u0022\u003E\n            \u003Cdiv  class=\u0022field-label-inline\u0022\u003EPor\u003C\/div\u003E\n  \n                  \u003Ca href=\u0022\/autores\/laura-susana-zamudio-vega\u0022 hreflang=\u0022es\u0022\u003ELaura Susana Zamudio Vega\u003C\/a\u003E\n      \n  \n    \u003C\/div\u003E\n\n      \u003Cdiv  class=\u0022campus\u0022\u003E\n            \u003Cdiv  class=\u0022field-label-inline\u0022\u003ECampus\u003C\/div\u003E\n  \n                  \u003Ca href=\u0022\/campus\/ensenada\u0022 hreflang=\u0022es\u0022\u003EEnsenada\u003C\/a\u003E\n      \n  \n    \u003C\/div\u003E\n\n    \n                          \u003Cdiv  class=\u0022fecha\u0022 \u003E\n      12 de Marzo de 2019\u003C\/div\u003E\n      \n  \n\n\n  \u003C\/div\u003E\n    \n                          \u003Cdiv  class=\u0022texto\u0022 \u003E\n      \u003Cp dir=\u0022ltr\u0022\u003EEn el marco de la conmemoraci\u00f3n internacional del D\u00eda de la Mujer, la Facultad de Ingenier\u00eda, Arquitectura y Dise\u00f1o (FIAD) organiz\u00f3 una mesa de di\u00e1logo en la que participaron Ana Karen Mart\u00ednez Medina, Eunice Vargas Viveros, G\u00e9nesis Paulina Ram\u00edrez Torres, Laura Susana Zamudio Vega, Mar\u00eda Martha Vega Guerrero y Alma Edith Romero Salazar, quienes son alumnas, docentes y administrativas de la FIAD.\u003C\/p\u003E\n\n\u003Cp dir=\u0022ltr\u0022\u003EEl objetivo de este di\u00e1logo fue visibilizar las situaciones a las que se enfrentan las mujeres en la vida acad\u00e9mica y en la vida cotidiana por cuestiones de g\u00e9nero. As\u00ed como contextualizar los acontecimientos que dieron lugar a esta celebraci\u00f3n, que nace por la lucha de las mujeres trabajadoras que buscaban equidad laboral y por \u00faltimo, poner de manifiesto que pese a los avances en materia de equidad de g\u00e9nero, existen demandas no resueltas.\u003C\/p\u003E\n\n\u003Cp dir=\u0022ltr\u0022\u003EEl di\u00e1logo fue precedido de una introducci\u00f3n que mostraba los acontecimientos hist\u00f3ricos que dieron lugar a la conmemoraci\u00f3n de este d\u00eda. Posteriormente las cuatro participantes compartieron sus experiencias y perspectivas respecto al entorno laboral de las mujeres, cuestiones de g\u00e9nero y su situaci\u00f3n en el mundo.\u003C\/p\u003E\n\n\u003Cp dir=\u0022ltr\u0022\u003ELa actividad fue un foro al que acudieron estudiantes y docentes; permiti\u00e9ndose el di\u00e1logo abierto entre las invitadas y el p\u00fablico asistente, en el que convinieron de forma un\u00e1nime que es necesario educar a la sociedad empezando por cada uno; que se requiere de un cambio cultural que puede iniciarse cuestionando los pensamientos de g\u00e9nero, tanto de hombres como de mujeres; as\u00ed como que la reconstrucci\u00f3n social toca a todos emprenderla.\u003C\/p\u003E\n\n\u003Cp dir=\u0022ltr\u0022\u003ECabe se\u00f1alar que este evento se realiz\u00f3 a trav\u00e9s del programa de la Hora Universitaria de la FIAD, a cargo del psic\u00f3logo Ricardo Flores Barrera.\u003C\/p\u003E\n\n\u003Cp dir=\u0022ltr\u0022\u003E\u003Cimg alt=\u0022Imagen eliminada.\u0022 data-entity-type=\u0022file\u0022 data-entity-uuid=\u002258798a99-b624-48a9-82a7-a11a0e127142\u0022 src=\u0022\/sites\/default\/files\/inline-images\/DSCN1041.JPG\u0022 title=\u0022Esta imagen se ha eliminado. Por razones de seguridad, s\u00f3lo se permiten im\u00e1genes de dominio local.\u0022 height=\u002216\u0022 width=\u002216\u0022 class=\u0022filter-image-invalid\u0022 \/\u003E\u003C\/p\u003E\n\n\u003Cp\u003E\u00a0\u003C\/p\u003E\n\n\u003Cp\u003EFOTO: Cortes\u00eda\u003C\/p\u003E\u003C\/div\u003E\n      \n  \n\n    \n            \u003Cdiv  class=\u0022palabras-clave\u0022\u003E\n                        \u003Ca href=\u0022\/tags\/dia-internacional-de-la-mujer\u0022 hreflang=\u0022es\u0022\u003ED\u00eda Internacional de la mujer\u003C\/a\u003E\n                \u003Ca href=\u0022\/tags\/fiad\u0022 hreflang=\u0022es\u0022\u003EFIAD\u003C\/a\u003E\n                \u003Ca href=\u0022\/tags\/mesa-de-dialogo\u0022 hreflang=\u0022es\u0022\u003EMesa de di\u00e1logo\u003C\/a\u003E\n      \n      \u003C\/div\u003E\n  \n\n\n  \u003C\/div\u003E\n\n  \u003C\/div\u003E\n\n  \u003Cdiv class=\u0022area-extras group-right\u0022\u003E\n        \n                          \u003Cdiv  class=\u0022enlace-blockBottom\u0022 \u003E\n      \u003Cdiv\u003EVer m\u00e1s \u003Ca href=\u0022http:\/\/gaceta.uabc.mx\/notas\u0022\u003ENotas\u003C\/a\u003E\u003C\/div\u003E\n\u003C\/div\u003E\n      \n  \n\n\n  \u003C\/div\u003E\n\n\u003C\/div\u003E\n\n","settings":null}]