[{"command":"settings","settings":{"pluralDelimiter":"\u0003","suppressDeprecationErrors":true,"ajaxPageState":{"libraries":"core\/drupal.ajax,core\/picturefill,ds\/ds_3col_equal_width","theme":"gaceta","theme_token":null},"ajaxTrustedUrl":[],"field_group":{"html_element":{"mode":"media_expanded","context":"view","settings":{"classes":"datos","show_empty_fields":false,"id":"","element":"div","show_label":false,"label_element":"h3","label_element_classes":"","attributes":"","effect":"none","speed":"fast"}}},"user":{"uid":0,"permissionsHash":"55dc977d165ab1e05e51b6cc6487f6d73e65ab536d99ee82c6990d9001d5c21c"}},"merge":true},{"command":"add_css","data":"\u003Clink rel=\u0022stylesheet\u0022 media=\u0022all\u0022 href=\u0022\/sites\/default\/files\/css\/css_mxJrjoKKAZuuB4_4f-B1u9VnFZxvSor3Az4JEdrFEso.css\u0022 \/\u003E\n\u003Clink rel=\u0022stylesheet\u0022 media=\u0022all\u0022 href=\u0022\/sites\/default\/files\/css\/css_-BXSGQpS8YTwwuXGbPoshUvZ7W-_HbYR3H7d0DA_mEY.css\u0022 \/\u003E\n\u003Clink rel=\u0022stylesheet\u0022 media=\u0022all\u0022 href=\u0022\/sites\/default\/files\/css\/css_89YreTu0npezhXSakRJR9TVHyBS9bTcyt0s3IckAe-M.css\u0022 \/\u003E\n"},{"command":"add_js","selector":"body","data":[{"src":"\/sites\/default\/files\/js\/js_9UaAhXvc9u0KYXXUw-OKyLP2baQxdV4zY3Y_KGurcvY.js"},{"src":"\/sites\/default\/files\/js\/js_oDJxUBLBzfRb_FDgNfkNOm9-tiatS2kNfxQIeVRZA7Y.js"},{"src":"\/sites\/default\/files\/js\/js_YM82KRuzNIr2X-Kb8pQW8cOcSbWgQ_QGKclTYJ_aMlI.js"},{"src":"\/sites\/default\/files\/js\/js_pqqsPPmPmxKgamY6qk_WSawtL05XH_yAY8GkPHVyahI.js"}]},{"command":"insert","method":"replaceWith","selector":".view-mode-full","data":"\u003Cdiv data-history-node-id=\u002214055\u0022 class=\u0022contenido view-mode-media_expanded ds-3col-equal clearfix\u0022\u003E\n\n  \n\n  \u003Cdiv class=\u0022area-medios group-left\u0022\u003E\n        \n                          \u003Cdiv  class=\u0022imagen\u0022 \u003E\n          \u003Cpicture\u003E\n                  \u003Csource srcset=\u0022\/sites\/default\/files\/styles\/max_650x650\/public\/2019-03\/CESA.webp?itok=vArK3dbZ 650w, \/sites\/default\/files\/styles\/max_1300x1300\/public\/2019-03\/CESA.webp?itok=pN8qlGnE 1300w, \/sites\/default\/files\/styles\/max_1900x1900\/public\/2019-03\/CESA.webp?itok=8SsBLhQ- 1600w\u0022 type=\u0022image\/webp\u0022 sizes=\u0022100vw\u0022\/\u003E\n              \u003Csource srcset=\u0022\/sites\/default\/files\/styles\/max_650x650\/public\/2019-03\/CESA.jpg?itok=vArK3dbZ 650w, \/sites\/default\/files\/styles\/max_1300x1300\/public\/2019-03\/CESA.jpg?itok=pN8qlGnE 1300w, \/sites\/default\/files\/styles\/max_1900x1900\/public\/2019-03\/CESA.jpg?itok=8SsBLhQ- 1600w\u0022 type=\u0022image\/jpeg\u0022 sizes=\u0022100vw\u0022\/\u003E\n                  \u003Cimg srcset=\u0022\/sites\/default\/files\/styles\/max_650x650\/public\/2019-03\/CESA.jpg?itok=vArK3dbZ 650w, \/sites\/default\/files\/styles\/max_1300x1300\/public\/2019-03\/CESA.jpg?itok=pN8qlGnE 1300w, \/sites\/default\/files\/styles\/max_1900x1900\/public\/2019-03\/CESA.jpg?itok=8SsBLhQ- 1600w\u0022 sizes=\u0022100vw\u0022 src=\u0022\/sites\/default\/files\/styles\/max_1300x1300\/public\/2019-03\/CESA.jpg?itok=pN8qlGnE\u0022 alt=\u0022TEXTO Y FOTO: Mtra. Paulina Moreno\u0022 typeof=\u0022foaf:Image\u0022 class=\u0022img-fluid\u0022 \/\u003E\n\n  \u003C\/picture\u003E\n\n\u003C\/div\u003E\n      \n  \n\n      \u003Cdiv  class=\u0022boton-expander\u0022\u003E\n        \n                  \u003Cdiv class=\u0022item-list\u0022\u003E\u003Cul\u003E\u003Cli\u003E\u003Ca href=\u0022\/ds-switch-view-mode\/node\/14055\/media_collapsed?selector=view-mode-media_expanded\u0022 class=\u0022use-ajax\u0022\u003E\u2191\u003C\/a\u003E\u003C\/li\u003E\u003C\/ul\u003E\u003C\/div\u003E\n      \n  \n    \u003C\/div\u003E\n\n\n  \u003C\/div\u003E\n\n  \u003Cdiv class=\u0022area-info group-middle\u0022\u003E\n    \n\u003Cdiv  class=\u0022inner\u0022\u003E\n          \n                          \u003Ch2  class=\u0022titulo\u0022 \u003E\n        Asumen liderazgos estudiantiles en UABC\n\u003C\/h2\u003E\n      \n  \n\n    \n                          \u003Cdiv  class=\u0022resumen\u0022 \u003E\n      Toman protesta representantes de la comunidad estudiantil, seg\u00fan el art\u00edculo 38 de la Ley Org\u00e1nica de la Universidad. \u003C\/div\u003E\n      \n  \n\n\n\u003Cdiv  class=\u0022datos\u0022\u003E\n            \u003Cdiv  class=\u0022campus\u0022\u003E\n            \u003Cdiv  class=\u0022field-label-inline\u0022\u003ECampus\u003C\/div\u003E\n  \n                  \u003Ca href=\u0022\/campus\/ensenada\u0022 hreflang=\u0022es\u0022\u003EEnsenada\u003C\/a\u003E\n      \n  \n    \u003C\/div\u003E\n\n    \n                          \u003Cdiv  class=\u0022fecha\u0022 \u003E\n      22 de Marzo de 2019\u003C\/div\u003E\n      \n  \n\n\n  \u003C\/div\u003E\n    \n                          \u003Cdiv  class=\u0022texto\u0022 \u003E\n      \u003Cp\u003ELos 29 representantes de las diversas Sociedades de Alumnos de los tres campus de la Universidad Aut\u00f3noma de Baja California (UABC), Ensenada, Mexicali y Tijuana, rindieron protesta ante el Rector de UABC, doctor Daniel Octavio Valdez Delgadillo, para asumir la presidencia de sus respectivas unidades acad\u00e9micas.\u003C\/p\u003E\n\n\u003Cp\u003EEl doctor Valdez Delgadillo indic\u00f3 que los\u00a0estudiantes son el centro de los esfuerzos institucionales de la UABC, por lo que su formaci\u00f3n ha sido y seguir\u00e1 siendo la prioridad, asegurando que los programas acad\u00e9micos cumplan con su funci\u00f3n formadora de profesionistas que accedan al mercado laboral en las mejores condiciones, reforzando en ellos el respeto a los derechos humanos, cuidado del medio ambiente y el ejercicio de valores universitarios.\u00a0\u003C\/p\u003E\n\n\u003Cp\u003E\u0022En reconocimiento al liderazgo que ustedes mantienen entre las comunidades de estudiantes en sus unidades acad\u00e9micas, les pido que nos apoyen incentivando, promoviendo e impulsando, a que las y los estudiantes de esta universidad, asuman un papel m\u00e1s activo, ser universitario no solo significa asistir a clases, estudiar en casa y aprobar ex\u00e1menes, aprovechen este momento de sus vidas y capitalicen todo los que la UABC les ofrece\u0022, manifest\u00f3 el Rector.\u003C\/p\u003E\n\n\u003Cp\u003ELes solicit\u00f3 regirse siempre en un marco de respeto, hacer o\u00edr su voz e intercambiar ideas con sus compa\u00f1eros, maestros y dem\u00e1s personas que trabajan en la UABC, para que sean el puente de comunicaci\u00f3n entre la comunidad universitaria. \u201cSus opiniones cuentan y son muy importantes porque nos indican las tareas para que durante su paso por la UABC, podamos crecer en colectivo, ustedes como personas y la Universidad como instituci\u00f3n de servicios educativos\u201d.\u003C\/p\u003E\n\n\u003Cp\u003EFinalmente, les solicit\u00f3 su apoyo para promover el Foro de Consulta PDI 2019-2023 con el prop\u00f3sito de determinar acciones que enriquezcan el Plan de Desarrollo Institucional de su gesti\u00f3n rectoral, donde podr\u00e1n compartir sus puntos de vista en torno a las \u00e1reas de oportunidad de la instituci\u00f3n, as\u00ed como las iniciativas para la mejora continua de los programas, procesos y pr\u00e1cticas educativas.\u003C\/p\u003E\n\n\u003Cp\u003EEn el mismo evento, tambi\u00e9n tomaron protesta como Coordinadores del Consejo Estatal de Sociedades de Alumnos (CESA) y representantes de cada uno de los Campus Universitarios, los alumnos C\u00e9sar Manuel Guerrero Cambranis de Ensenada, Guillermo Adal Reina Sandoval de Mexicali y Dar\u00edo Torrez Araiza de Tijuana.\u003C\/p\u003E\n\n\u003Cp\u003EGuerrero Cambranis indic\u00f3 que al asumir esta responsabilidad, se\u00a0comprometen a ser los representantes de los estudiantes dentro y fuera de la Universidad. \u0022Como presidentes, nuestro deber es llegar a acuerdos para el beneficio de nuestra comunidad, participar activamente en la organizaci\u00f3n y ejecuci\u00f3n de actividades dentro del Campus, pero lo m\u00e1s importante, es crear y fomentar el sentido de pertenencia hacia nuestra Alma Mater\u201d.\u003C\/p\u003E\n\n\u003Cp\u003EReina Sandoval por su parte, mencion\u00f3 que les toca representar a una poblaci\u00f3n estudiantil expuesta ante diversos problemas, como la inseguridad, riesgos de salud, entre otros. \u0022Necesitamos intermediarios con una fuerte convicci\u00f3n de servicio, con una gran visi\u00f3n y humildad en su actuar, necesitamos l\u00edderes con un verdadero inter\u00e9s en las causas sociales\u0022.\u00a0\u003C\/p\u003E\n\n\u003Cp\u003EAsimismo, Torrez Araiza expres\u00f3 que su trabajo es por y para los alumnos, su misi\u00f3n principal es escuchar las inquietudes y propuestas de sus compa\u00f1eros para encontrar las soluciones que beneficien a toda la comunidad universitaria y que tengan impacto positivo en la sociedad en general. \u0022He ah\u00ed que debe recaer el compromiso y liderazgo para sobrellevar las responsabilidades que hoy adquirimos\u0022.\u003C\/p\u003E\n\n\u003Cp\u003EFinalmente, el doctor Luis Enrique Palafox Maestre, Coordinador General de Servicios Estudiantiles y Gesti\u00f3n Escolar, indic\u00f3 que los presidentes de las sociedades de alumnos son los\u00a0representantes leg\u00edtimos de la comunidad estudiantil, seg\u00fan lo marca el art\u00edculo 38 de la Ley Org\u00e1nica de la UABC. Agradeci\u00f3 el empuje, entusiasmo e iniciativa para asumir este reto de representar a sus comunidades estudiantiles en las unidades acad\u00e9micas, que en su conjunto se aproxima a los 65 mil alumnos.\u003C\/p\u003E\n\n\u003Cp\u003E\u0022Nunca olviden j\u00f3venes que el compromiso que hoy asumen, es el de trabajar por las comunidades estudiantiles que representan, pero sobre todo por su Universidad, sin mayor inter\u00e9s que el de seguir engrandeciendo esta Instituci\u00f3n que los est\u00e1 formando\u0022, expres\u00f3 el doctor Palafox Maestre.\u003C\/p\u003E\n\n\u003Cp\u003EEstuvieron presentes durante el evento de toma de protesta la doctora M\u00f3nica Lacavex Berumen, Vicerrectora del Campus Ensenada; doctora Gisela Montero Alp\u00edrez, Vicerrectora del Campus Mexicali, y la doctora Edith Montiel Ayala, Vicerrectora del Campus Tijuana.\u00a0\u00a0\u003C\/p\u003E\u003C\/div\u003E\n      \n  \n\n    \n            \u003Cdiv  class=\u0022palabras-clave\u0022\u003E\n                        \u003Ca href=\u0022\/tags\/cesa\u0022 hreflang=\u0022es\u0022\u003ECESA\u003C\/a\u003E\n                \u003Ca href=\u0022\/tags\/sociedad-de-alumnos\u0022 hreflang=\u0022es\u0022\u003ESociedad de Alumnos\u003C\/a\u003E\n                \u003Ca href=\u0022\/tags\/2019\u0022 hreflang=\u0022es\u0022\u003E2019\u003C\/a\u003E\n                \u003Ca href=\u0022\/tags\/protesta\u0022 hreflang=\u0022es\u0022\u003EPROTESTA\u003C\/a\u003E\n      \n      \u003C\/div\u003E\n  \n\n\n  \u003C\/div\u003E\n\n  \u003C\/div\u003E\n\n  \u003Cdiv class=\u0022area-extras group-right\u0022\u003E\n        \n                          \u003Cdiv  class=\u0022enlace-blockBottom\u0022 \u003E\n      \u003Cdiv\u003EVer m\u00e1s \u003Ca href=\u0022http:\/\/gaceta.uabc.mx\/notas\u0022\u003ENotas\u003C\/a\u003E\u003C\/div\u003E\n\u003C\/div\u003E\n      \n  \n\n\n  \u003C\/div\u003E\n\n\u003C\/div\u003E\n\n","settings":null}]