[{"command":"settings","settings":{"pluralDelimiter":"\u0003","suppressDeprecationErrors":true,"ajaxPageState":{"libraries":"core\/drupal.ajax,core\/picturefill,ds\/ds_3col_equal_width","theme":"gaceta","theme_token":null},"ajaxTrustedUrl":[],"field_group":{"html_element":{"mode":"media_expanded","context":"view","settings":{"classes":"datos","show_empty_fields":false,"id":"","element":"div","show_label":false,"label_element":"h3","label_element_classes":"","attributes":"","effect":"none","speed":"fast"}}},"user":{"uid":0,"permissionsHash":"55dc977d165ab1e05e51b6cc6487f6d73e65ab536d99ee82c6990d9001d5c21c"}},"merge":true},{"command":"add_css","data":"\u003Clink rel=\u0022stylesheet\u0022 media=\u0022all\u0022 href=\u0022\/sites\/default\/files\/css\/css_mxJrjoKKAZuuB4_4f-B1u9VnFZxvSor3Az4JEdrFEso.css\u0022 \/\u003E\n\u003Clink rel=\u0022stylesheet\u0022 media=\u0022all\u0022 href=\u0022\/sites\/default\/files\/css\/css_-BXSGQpS8YTwwuXGbPoshUvZ7W-_HbYR3H7d0DA_mEY.css\u0022 \/\u003E\n\u003Clink rel=\u0022stylesheet\u0022 media=\u0022all\u0022 href=\u0022\/sites\/default\/files\/css\/css_89YreTu0npezhXSakRJR9TVHyBS9bTcyt0s3IckAe-M.css\u0022 \/\u003E\n"},{"command":"add_js","selector":"body","data":[{"src":"\/sites\/default\/files\/js\/js_9UaAhXvc9u0KYXXUw-OKyLP2baQxdV4zY3Y_KGurcvY.js"},{"src":"\/sites\/default\/files\/js\/js_oDJxUBLBzfRb_FDgNfkNOm9-tiatS2kNfxQIeVRZA7Y.js"},{"src":"\/sites\/default\/files\/js\/js_YM82KRuzNIr2X-Kb8pQW8cOcSbWgQ_QGKclTYJ_aMlI.js"},{"src":"\/sites\/default\/files\/js\/js_pqqsPPmPmxKgamY6qk_WSawtL05XH_yAY8GkPHVyahI.js"}]},{"command":"insert","method":"replaceWith","selector":".view-mode-full","data":"\u003Cdiv data-history-node-id=\u002214120\u0022 class=\u0022contenido view-mode-media_expanded ds-3col-equal clearfix\u0022\u003E\n\n  \n\n  \u003Cdiv class=\u0022area-medios group-left\u0022\u003E\n        \n                          \u003Cdiv  class=\u0022imagen\u0022 \u003E\n          \u003Cpicture\u003E\n                  \u003Csource srcset=\u0022\/sites\/default\/files\/styles\/max_650x650\/public\/2019-04\/DSC_0188.webp?itok=qTEEq-Mt 650w, \/sites\/default\/files\/styles\/max_1300x1300\/public\/2019-04\/DSC_0188.webp?itok=oLAcD2x_ 1300w, \/sites\/default\/files\/styles\/max_1900x1900\/public\/2019-04\/DSC_0188.webp?itok=jTcj3YTn 1900w\u0022 type=\u0022image\/webp\u0022 sizes=\u0022100vw\u0022\/\u003E\n              \u003Csource srcset=\u0022\/sites\/default\/files\/styles\/max_650x650\/public\/2019-04\/DSC_0188.JPG?itok=qTEEq-Mt 650w, \/sites\/default\/files\/styles\/max_1300x1300\/public\/2019-04\/DSC_0188.JPG?itok=oLAcD2x_ 1300w, \/sites\/default\/files\/styles\/max_1900x1900\/public\/2019-04\/DSC_0188.JPG?itok=jTcj3YTn 1900w\u0022 type=\u0022image\/jpeg\u0022 sizes=\u0022100vw\u0022\/\u003E\n                  \u003Cimg srcset=\u0022\/sites\/default\/files\/styles\/max_650x650\/public\/2019-04\/DSC_0188.JPG?itok=qTEEq-Mt 650w, \/sites\/default\/files\/styles\/max_1300x1300\/public\/2019-04\/DSC_0188.JPG?itok=oLAcD2x_ 1300w, \/sites\/default\/files\/styles\/max_1900x1900\/public\/2019-04\/DSC_0188.JPG?itok=jTcj3YTn 1900w\u0022 sizes=\u0022100vw\u0022 src=\u0022\/sites\/default\/files\/styles\/max_1300x1300\/public\/2019-04\/DSC_0188.JPG?itok=oLAcD2x_\u0022 alt=\u0022Arranque_Universiada Regional\u0022 typeof=\u0022foaf:Image\u0022 class=\u0022img-fluid\u0022 \/\u003E\n\n  \u003C\/picture\u003E\n\n\u003C\/div\u003E\n      \n  \n\n      \u003Cdiv  class=\u0022boton-expander\u0022\u003E\n        \n                  \u003Cdiv class=\u0022item-list\u0022\u003E\u003Cul\u003E\u003Cli\u003E\u003Ca href=\u0022\/ds-switch-view-mode\/node\/14120\/media_collapsed?selector=view-mode-media_expanded\u0022 class=\u0022use-ajax\u0022\u003E\u2191\u003C\/a\u003E\u003C\/li\u003E\u003C\/ul\u003E\u003C\/div\u003E\n      \n  \n    \u003C\/div\u003E\n\n\n  \u003C\/div\u003E\n\n  \u003Cdiv class=\u0022area-info group-middle\u0022\u003E\n    \n\u003Cdiv  class=\u0022inner\u0022\u003E\n          \n                          \u003Ch2  class=\u0022titulo\u0022 \u003E\n        Arranca la Universiada Regional UABC 2019\n\u003C\/h2\u003E\n      \n  \n\n    \n                          \u003Cdiv  class=\u0022resumen\u0022 \u003E\n      Arriban los competidores a Tijuana\u003C\/div\u003E\n      \n  \n\n\n\u003Cdiv  class=\u0022datos\u0022\u003E\n            \u003Cdiv  class=\u0022autor\u0022\u003E\n            \u003Cdiv  class=\u0022field-label-inline\u0022\u003EPor\u003C\/div\u003E\n  \n                  \u003Ca href=\u0022\/autores\/alejandrina-mendoza-rivera\u0022 hreflang=\u0022es\u0022\u003EAlejandrina Mendoza Rivera\u003C\/a\u003E\n      \n  \n    \u003C\/div\u003E\n\n      \u003Cdiv  class=\u0022campus\u0022\u003E\n            \u003Cdiv  class=\u0022field-label-inline\u0022\u003ECampus\u003C\/div\u003E\n  \n                  \u003Ca href=\u0022\/campus\/tijuana\u0022 hreflang=\u0022es\u0022\u003ETijuana\u003C\/a\u003E\n      \n  \n    \u003C\/div\u003E\n\n    \n                          \u003Cdiv  class=\u0022fecha\u0022 \u003E\n      30 de Marzo de 2019\u003C\/div\u003E\n      \n  \n\n\n  \u003C\/div\u003E\n    \n                          \u003Cdiv  class=\u0022texto\u0022 \u003E\n      \u003Cp\u003EEl deporte universitario est\u00e1 de fiesta, este domingo arrancan las actividades de la Universiada Regional UABC 2019 en las instalaciones del CAR Tijuana.\u003C\/p\u003E\n\n\u003Cp\u003ELa delegaci\u00f3n de la UABC participar\u00e1\u00a0en 19 disciplinas deportivas en ambas sedes, cabe mencionar que la M\u00e1xima Casa de Estudios es tradicionalmente anfitriona de la justa deportiva cada tres a\u00f1os que reunir\u00e1 aproximadamente a 1 000 deportistas de 16 instituciones de nivel superior de la regi\u00f3n noroeste del Consejo Nacional del Deporte de la Educaci\u00f3n, AC., que conforman Sonora, Sinaloa, Baja California y Baja California Sur.\u003C\/p\u003E\n\n\u003Cp\u003EEl Coordinador de Actividad F\u00edsica y Deporte de la UABC, maestro Miguel \u00c1ngel Aispuro Ruelas, reafirm\u00f3 que la ceremonia inaugural se llevar\u00e1 a cabo el d\u00eda lunes 1 de abril en punto de las 19:00 horas en la explanada central del Centro de Alto Rendimiento en Tijuana, Baja California.\u003C\/p\u003E\n\n\u003Cp\u003EAdelant\u00f3 la asistencia entre otras personalidades del Rector de la UABC, doctor Daniel Octavio Valdez Delgadillo; maestro Sa\u00fal Castro Verdugo; doctor Jos\u00e9 Guadalupe P\u00e9rez Reyes, Coordinador Regional del Condde, maestro Emilio Arrayales Mill\u00e1n, Director de la Facultad de Deportes.\u003C\/p\u003E\n\n\u003Cp\u003EEl maestro Aispuro Ruelas confirm\u00f3 que el d\u00eda lunes arrancan las competencias de las 10 disciplinas que albergar\u00e1 la UABC en esta edici\u00f3n.\u003C\/p\u003E\n\n\u003Cp\u003ELa Universiada Regional est\u00e1 prevista del 31 de marzo al 7 de abril en las instalaciones del Centro de Alto Rendimiento, Furati, Ciudad Deportiva Tijuana y Unidad Deportiva UABC alojando las disciplinas de ajedrez, f\u00fatbol asociaci\u00f3n, f\u00fatbol de bardas, v\u00f3leibol de playa, handball, tenis, tenis de mesa, halterofilia, tae kwon do y s\u00f3ftbol.\u003C\/p\u003E\n\n\u003Cp\u003ELas expectativas para la UABC, instituci\u00f3n que ha permanecido dentro de las diez primeras universidades a nivel nacional es colocar aproximadamente 120 j\u00f3venes a la etapa de Universiada Nacional a celebrarse en Merida, Yucat\u00e1n en mayo.\u003C\/p\u003E\u003C\/div\u003E\n      \n  \n\n    \n            \u003Cdiv  class=\u0022palabras-clave\u0022\u003E\n                        \u003Ca href=\u0022\/tags\/arranque\u0022 hreflang=\u0022es\u0022\u003EArranque\u003C\/a\u003E\n                \u003Ca href=\u0022\/tags\/universiada-regional\u0022 hreflang=\u0022es\u0022\u003EUniversiada Regional\u003C\/a\u003E\n      \n      \u003C\/div\u003E\n  \n\n\n  \u003C\/div\u003E\n\n  \u003C\/div\u003E\n\n  \u003Cdiv class=\u0022area-extras group-right\u0022\u003E\n        \n                          \u003Cdiv  class=\u0022enlace-blockBottom\u0022 \u003E\n      \u003Cdiv\u003EVer m\u00e1s \u003Ca href=\u0022http:\/\/gaceta.uabc.mx\/notas\u0022\u003ENotas\u003C\/a\u003E\u003C\/div\u003E\n\u003C\/div\u003E\n      \n  \n\n\n  \u003C\/div\u003E\n\n\u003C\/div\u003E\n\n","settings":null}]