[{"command":"settings","settings":{"pluralDelimiter":"\u0003","suppressDeprecationErrors":true,"ajaxPageState":{"libraries":"core\/drupal.ajax,core\/picturefill,ds\/ds_3col_equal_width","theme":"gaceta","theme_token":null},"ajaxTrustedUrl":[],"field_group":{"html_element":{"mode":"media_expanded","context":"view","settings":{"classes":"datos","show_empty_fields":false,"id":"","element":"div","show_label":false,"label_element":"h3","label_element_classes":"","attributes":"","effect":"none","speed":"fast"}}},"user":{"uid":0,"permissionsHash":"55dc977d165ab1e05e51b6cc6487f6d73e65ab536d99ee82c6990d9001d5c21c"}},"merge":true},{"command":"add_css","data":"\u003Clink rel=\u0022stylesheet\u0022 media=\u0022all\u0022 href=\u0022\/sites\/default\/files\/css\/css_mxJrjoKKAZuuB4_4f-B1u9VnFZxvSor3Az4JEdrFEso.css\u0022 \/\u003E\n\u003Clink rel=\u0022stylesheet\u0022 media=\u0022all\u0022 href=\u0022\/sites\/default\/files\/css\/css_-BXSGQpS8YTwwuXGbPoshUvZ7W-_HbYR3H7d0DA_mEY.css\u0022 \/\u003E\n\u003Clink rel=\u0022stylesheet\u0022 media=\u0022all\u0022 href=\u0022\/sites\/default\/files\/css\/css_89YreTu0npezhXSakRJR9TVHyBS9bTcyt0s3IckAe-M.css\u0022 \/\u003E\n"},{"command":"add_js","selector":"body","data":[{"src":"\/sites\/default\/files\/js\/js_9UaAhXvc9u0KYXXUw-OKyLP2baQxdV4zY3Y_KGurcvY.js"},{"src":"\/sites\/default\/files\/js\/js_oDJxUBLBzfRb_FDgNfkNOm9-tiatS2kNfxQIeVRZA7Y.js"},{"src":"\/sites\/default\/files\/js\/js_YM82KRuzNIr2X-Kb8pQW8cOcSbWgQ_QGKclTYJ_aMlI.js"},{"src":"\/sites\/default\/files\/js\/js_pqqsPPmPmxKgamY6qk_WSawtL05XH_yAY8GkPHVyahI.js"}]},{"command":"insert","method":"replaceWith","selector":".view-mode-full","data":"\u003Cdiv data-history-node-id=\u002214137\u0022 class=\u0022contenido view-mode-media_expanded ds-3col-equal clearfix\u0022\u003E\n\n  \n\n  \u003Cdiv class=\u0022area-medios group-left\u0022\u003E\n        \n                          \u003Cdiv  class=\u0022imagen\u0022 \u003E\n          \u003Cpicture\u003E\n                  \u003Csource srcset=\u0022\/sites\/default\/files\/styles\/max_650x650\/public\/2019-04\/Bardas%20varonil%20UABC.webp?itok=jYa9OEfC 650w, \/sites\/default\/files\/styles\/max_1900x1900\/public\/2019-04\/Bardas%20varonil%20UABC.webp?itok=A5ZTuDLJ 1152w\u0022 type=\u0022image\/webp\u0022 sizes=\u0022100vw\u0022\/\u003E\n              \u003Csource srcset=\u0022\/sites\/default\/files\/styles\/max_650x650\/public\/2019-04\/Bardas%20varonil%20UABC.JPG?itok=jYa9OEfC 650w, \/sites\/default\/files\/styles\/max_1900x1900\/public\/2019-04\/Bardas%20varonil%20UABC.JPG?itok=A5ZTuDLJ 1152w\u0022 type=\u0022image\/jpeg\u0022 sizes=\u0022100vw\u0022\/\u003E\n                  \u003Cimg srcset=\u0022\/sites\/default\/files\/styles\/max_650x650\/public\/2019-04\/Bardas%20varonil%20UABC.JPG?itok=jYa9OEfC 650w, \/sites\/default\/files\/styles\/max_1900x1900\/public\/2019-04\/Bardas%20varonil%20UABC.JPG?itok=A5ZTuDLJ 1152w\u0022 sizes=\u0022100vw\u0022 src=\u0022\/sites\/default\/files\/styles\/max_1300x1300\/public\/2019-04\/Bardas%20varonil%20UABC.JPG?itok=By81m6E_\u0022 alt=\u0022campeones nacionales \u0022 typeof=\u0022foaf:Image\u0022 class=\u0022img-fluid\u0022 \/\u003E\n\n  \u003C\/picture\u003E\n\n\u003C\/div\u003E\n      \n  \n\n      \u003Cdiv  class=\u0022boton-expander\u0022\u003E\n        \n                  \u003Cdiv class=\u0022item-list\u0022\u003E\u003Cul\u003E\u003Cli\u003E\u003Ca href=\u0022\/ds-switch-view-mode\/node\/14137\/media_collapsed?selector=view-mode-media_expanded\u0022 class=\u0022use-ajax\u0022\u003E\u2191\u003C\/a\u003E\u003C\/li\u003E\u003C\/ul\u003E\u003C\/div\u003E\n      \n  \n    \u003C\/div\u003E\n\n\n  \u003C\/div\u003E\n\n  \u003Cdiv class=\u0022area-info group-middle\u0022\u003E\n    \n\u003Cdiv  class=\u0022inner\u0022\u003E\n          \n                          \u003Ch2  class=\u0022titulo\u0022 \u003E\n        Suman Cimarrones en f\u00fatbol r\u00e1pido varonil \n\u003C\/h2\u003E\n      \n  \n\n    \n                          \u003Cdiv  class=\u0022resumen\u0022 \u003E\n      Defienden su estatus de campeones nacionales \u003C\/div\u003E\n      \n  \n\n\n\u003Cdiv  class=\u0022datos\u0022\u003E\n            \u003Cdiv  class=\u0022autor\u0022\u003E\n            \u003Cdiv  class=\u0022field-label-inline\u0022\u003EPor\u003C\/div\u003E\n  \n                  \u003Ca href=\u0022\/autores\/alejandrina-mendoza-rivera\u0022 hreflang=\u0022es\u0022\u003EAlejandrina Mendoza Rivera\u003C\/a\u003E\n      \n  \n    \u003C\/div\u003E\n\n      \u003Cdiv  class=\u0022campus\u0022\u003E\n            \u003Cdiv  class=\u0022field-label-inline\u0022\u003ECampus\u003C\/div\u003E\n  \n                  \u003Ca href=\u0022\/campus\/tijuana\u0022 hreflang=\u0022es\u0022\u003ETijuana\u003C\/a\u003E\n      \n  \n    \u003C\/div\u003E\n\n    \n                          \u003Cdiv  class=\u0022fecha\u0022 \u003E\n      2 de Abril de 2019\u003C\/div\u003E\n      \n  \n\n\n  \u003C\/div\u003E\n    \n                          \u003Cdiv  class=\u0022texto\u0022 \u003E\n      \u003Cp dir=\u0022ltr\u0022\u003EEn el primer d\u00eda de competencias de la Universiada Regional UABC 2019, los Cimarrones del selectivo de F\u00fatbol Bardas Varonil, actuales campeones nacionales, resultaron victoriosos en su primer encuentro disputado, en el que derrotaron a su similar de CETYS con marcador de 7-2.\u003C\/p\u003E\n\n\u003Cp dir=\u0022ltr\u0022\u003ELos goles por parte de UABC corrieron a cargo de Aldo Medina, Ren\u00e9 Flores, Christian F\u00e9lix, Jes\u00fas F\u00e9lix y Aldair Rodr\u00edguez, logrando que su equipo sumara puntos y tuviera un buen inicio en la justa deportiva, que busca clasificar una vez m\u00e1s a la etapa nacional e ir por el bicampeonato.\u003C\/p\u003E\n\n\u003Cp dir=\u0022ltr\u0022\u003EEste martes, en su segunda jornada, los Cimarrones enfrentar\u00e1n a CUT en punto de las 9:00 a.m. en las canchas del FURATI, buscando conseguir un triunfo m\u00e1s para avanzar a las semifinales. \u00a0\u003C\/p\u003E\n\n\u003Cp dir=\u0022ltr\u0022\u003EPor otro lado, el selectivo femenil cay\u00f3 ante UNISON, con marcador de 7-6. A pesar de que las Cimarronas iniciaron perdiendo, lograron recuperarse y ponerse arriba en el marcador por algunos momentos, sin embargo, una vez m\u00e1s UNISON las super\u00f3 y volvi\u00f3 a anotar, con lo que el encuentro result\u00f3 a su favor.\u003C\/p\u003E\n\n\u003Cp\u003EEste martes 2 de abril, las Cimarronas jugar\u00e1n su segundo encuentro, al enfrentar a la UAS, en punto de la 1:00 p.m, en la cancha no. 2 del FURATI.\u003C\/p\u003E\n\n\u003Cp\u003ESe hace una atenta invitaci\u00f3n a toda la comunidad universitaria para continuar apoyando a los Cimarrones en sus pr\u00f3ximos compromisos, se puede consultar el calendario de actividades en la p\u00e1gina de Facebook Universiada Regional UABC 2019.\u003C\/p\u003E\u003C\/div\u003E\n      \n  \n\n    \n            \u003Cdiv  class=\u0022palabras-clave\u0022\u003E\n                        \u003Ca href=\u0022\/tags\/futbol-rapido\u0022 hreflang=\u0022es\u0022\u003EF\u00fatbol R\u00e1pido\u003C\/a\u003E\n                \u003Ca href=\u0022\/tags\/universiada-regional-2019\u0022 hreflang=\u0022es\u0022\u003EUniversiada Regional 2019\u003C\/a\u003E\n                \u003Ca href=\u0022\/tags\/universiada-nacional-2019\u0022 hreflang=\u0022es\u0022\u003EUniversiada Nacional 2019\u003C\/a\u003E\n      \n      \u003C\/div\u003E\n  \n\n\n  \u003C\/div\u003E\n\n  \u003C\/div\u003E\n\n  \u003Cdiv class=\u0022area-extras group-right\u0022\u003E\n        \n                          \u003Cdiv  class=\u0022enlace-blockBottom\u0022 \u003E\n      \u003Cdiv\u003EVer m\u00e1s \u003Ca href=\u0022http:\/\/gaceta.uabc.mx\/notas\u0022\u003ENotas\u003C\/a\u003E\u003C\/div\u003E\n\u003C\/div\u003E\n      \n  \n\n\n  \u003C\/div\u003E\n\n\u003C\/div\u003E\n\n","settings":null}]