[{"command":"settings","settings":{"pluralDelimiter":"\u0003","suppressDeprecationErrors":true,"ajaxPageState":{"libraries":"core\/drupal.ajax,core\/picturefill,ds\/ds_3col_equal_width","theme":"gaceta","theme_token":null},"ajaxTrustedUrl":[],"field_group":{"html_element":{"mode":"media_expanded","context":"view","settings":{"classes":"datos","show_empty_fields":false,"id":"","element":"div","show_label":false,"label_element":"h3","label_element_classes":"","attributes":"","effect":"none","speed":"fast"}}},"user":{"uid":0,"permissionsHash":"55dc977d165ab1e05e51b6cc6487f6d73e65ab536d99ee82c6990d9001d5c21c"}},"merge":true},{"command":"add_css","data":"\u003Clink rel=\u0022stylesheet\u0022 media=\u0022all\u0022 href=\u0022\/sites\/default\/files\/css\/css_mxJrjoKKAZuuB4_4f-B1u9VnFZxvSor3Az4JEdrFEso.css\u0022 \/\u003E\n\u003Clink rel=\u0022stylesheet\u0022 media=\u0022all\u0022 href=\u0022\/sites\/default\/files\/css\/css_-BXSGQpS8YTwwuXGbPoshUvZ7W-_HbYR3H7d0DA_mEY.css\u0022 \/\u003E\n\u003Clink rel=\u0022stylesheet\u0022 media=\u0022all\u0022 href=\u0022\/sites\/default\/files\/css\/css_89YreTu0npezhXSakRJR9TVHyBS9bTcyt0s3IckAe-M.css\u0022 \/\u003E\n"},{"command":"add_js","selector":"body","data":[{"src":"\/sites\/default\/files\/js\/js_9UaAhXvc9u0KYXXUw-OKyLP2baQxdV4zY3Y_KGurcvY.js"},{"src":"\/sites\/default\/files\/js\/js_oDJxUBLBzfRb_FDgNfkNOm9-tiatS2kNfxQIeVRZA7Y.js"},{"src":"\/sites\/default\/files\/js\/js_YM82KRuzNIr2X-Kb8pQW8cOcSbWgQ_QGKclTYJ_aMlI.js"},{"src":"\/sites\/default\/files\/js\/js_pqqsPPmPmxKgamY6qk_WSawtL05XH_yAY8GkPHVyahI.js"}]},{"command":"insert","method":"replaceWith","selector":".view-mode-full","data":"\u003Cdiv data-history-node-id=\u002214194\u0022 class=\u0022contenido view-mode-media_expanded ds-3col-equal clearfix\u0022\u003E\n\n  \n\n  \u003Cdiv class=\u0022area-medios group-left\u0022\u003E\n        \n                          \u003Cdiv  class=\u0022imagen\u0022 \u003E\n          \u003Cpicture\u003E\n                  \u003Csource srcset=\u0022\/sites\/default\/files\/styles\/max_650x650\/public\/2019-04\/braile%20%282%29.webp?itok=PubhBwXB 650w, \/sites\/default\/files\/styles\/max_1300x1300\/public\/2019-04\/braile%20%282%29.webp?itok=3pXG_IaG 1300w, \/sites\/default\/files\/styles\/max_1900x1900\/public\/2019-04\/braile%20%282%29.webp?itok=PlwY-ikw 1900w\u0022 type=\u0022image\/webp\u0022 sizes=\u0022100vw\u0022\/\u003E\n              \u003Csource srcset=\u0022\/sites\/default\/files\/styles\/max_650x650\/public\/2019-04\/braile%20%282%29.JPG?itok=PubhBwXB 650w, \/sites\/default\/files\/styles\/max_1300x1300\/public\/2019-04\/braile%20%282%29.JPG?itok=3pXG_IaG 1300w, \/sites\/default\/files\/styles\/max_1900x1900\/public\/2019-04\/braile%20%282%29.JPG?itok=PlwY-ikw 1900w\u0022 type=\u0022image\/jpeg\u0022 sizes=\u0022100vw\u0022\/\u003E\n                  \u003Cimg srcset=\u0022\/sites\/default\/files\/styles\/max_650x650\/public\/2019-04\/braile%20%282%29.JPG?itok=PubhBwXB 650w, \/sites\/default\/files\/styles\/max_1300x1300\/public\/2019-04\/braile%20%282%29.JPG?itok=3pXG_IaG 1300w, \/sites\/default\/files\/styles\/max_1900x1900\/public\/2019-04\/braile%20%282%29.JPG?itok=PlwY-ikw 1900w\u0022 sizes=\u0022100vw\u0022 src=\u0022\/sites\/default\/files\/styles\/max_1300x1300\/public\/2019-04\/braile%20%282%29.JPG?itok=3pXG_IaG\u0022 alt=\u0022XX FIL UABC 2019_Braille_Historia_Mexicali\u0022 typeof=\u0022foaf:Image\u0022 class=\u0022img-fluid\u0022 \/\u003E\n\n  \u003C\/picture\u003E\n\n\u003C\/div\u003E\n      \n  \n\n      \u003Cdiv  class=\u0022boton-expander\u0022\u003E\n        \n                  \u003Cdiv class=\u0022item-list\u0022\u003E\u003Cul\u003E\u003Cli\u003E\u003Ca href=\u0022\/ds-switch-view-mode\/node\/14194\/media_collapsed?selector=view-mode-media_expanded\u0022 class=\u0022use-ajax\u0022\u003E\u2191\u003C\/a\u003E\u003C\/li\u003E\u003C\/ul\u003E\u003C\/div\u003E\n      \n  \n    \u003C\/div\u003E\n\n\n  \u003C\/div\u003E\n\n  \u003Cdiv class=\u0022area-info group-middle\u0022\u003E\n    \n\u003Cdiv  class=\u0022inner\u0022\u003E\n          \n                          \u003Ch2  class=\u0022titulo\u0022 \u003E\n        Aprenden a ser inclusivos desde peque\u00f1os\n\u003C\/h2\u003E\n      \n  \n\n    \n                          \u003Cdiv  class=\u0022resumen\u0022 \u003E\n      Ense\u00f1an sistema Braille e historia de Mexicali.\u003C\/div\u003E\n      \n  \n\n\n\u003Cdiv  class=\u0022datos\u0022\u003E\n            \u003Cdiv  class=\u0022autor\u0022\u003E\n            \u003Cdiv  class=\u0022field-label-inline\u0022\u003EPor\u003C\/div\u003E\n  \n                  \u003Ca href=\u0022\/autores\/kitzia-elizabeth-flores-beltran\u0022 hreflang=\u0022es\u0022\u003E Kitzia Elizabeth Flores Beltran\u003C\/a\u003E\n      \n  \n    \u003C\/div\u003E\n\n      \u003Cdiv  class=\u0022campus\u0022\u003E\n            \u003Cdiv  class=\u0022field-label-inline\u0022\u003ECampus\u003C\/div\u003E\n  \n                  \u003Ca href=\u0022\/campus\/mexicali\u0022 hreflang=\u0022es\u0022\u003EMexicali\u003C\/a\u003E\n      \n  \n    \u003C\/div\u003E\n\n    \n                          \u003Cdiv  class=\u0022fecha\u0022 \u003E\n      5 de Abril de 2019\u003C\/div\u003E\n      \n  \n\n\n  \u003C\/div\u003E\n    \n                          \u003Cdiv  class=\u0022texto\u0022 \u003E\n      \u003Cp\u003ESe crean espacios inclusivos en el \u00e1rea infantil de la XX Feria Internacional del Libro de la UABC (XX FIL UABC 2019), donde se encuentra el taller de Braille, donde se les ense\u00f1a a los ni\u00f1os lo m\u00e1s esencial de este sistema de modo sencillo para mejor comprensi\u00f3n.\u003C\/p\u003E\n\n\u003Cp\u003E\u201cEs muy importante que los ni\u00f1os conozcan que existen distintos tipos de escritura para los que no pueden leer de la misma manera que nosotros\u201d, coment\u00f3 la encargada del taller quien, con juguetes legos les explica la forma en que deben ser acomodados para la transmisi\u00f3n de mensajes.\u003C\/p\u003E\n\n\u003Cp\u003EAsimismo, en el \u00e1rea infantil se encuentra un espacio donde se narra la historia de Mexicali, en el que se les ense\u00f1a a los peque\u00f1os a trav\u00e9s de la narraci\u00f3n de un cuento c\u00f3mo lleg\u00f3 la primera familia al desierto que posteriormente se convertir\u00eda en la capital de Baja California.\u003C\/p\u003E\n\n\u003Cp\u003ETambi\u00e9n se mencion\u00f3 que la cachanillas y el mezquite fueron las plantas principales de la regi\u00f3n, as\u00ed como otros datos interesantes.\u003C\/p\u003E\n\n\u003Cp\u003EEn la XX FIL UABC 2019, se cuenta con un programa lleno de actividades donde ni\u00f1os y adultos podr\u00e1n irse con conocimientos nuevos, para conocerlo accede a la p\u00e1gina http:\/\/www.filuabc.mx\/.\u003C\/p\u003E\u003C\/div\u003E\n      \n  \n\n    \n            \u003Cdiv  class=\u0022palabras-clave\u0022\u003E\n                        \u003Ca href=\u0022\/tags\/xx-fil-uabc-2019\u0022 hreflang=\u0022es\u0022\u003EXX FIL UABC 2019\u003C\/a\u003E\n                \u003Ca href=\u0022\/tags\/braille\u0022 hreflang=\u0022es\u0022\u003EBraille\u003C\/a\u003E\n                \u003Ca href=\u0022\/tags\/historia\u0022 hreflang=\u0022es\u0022\u003EHistoria\u003C\/a\u003E\n                \u003Ca href=\u0022\/tags\/mexicali\u0022 hreflang=\u0022es\u0022\u003EMexicali\u003C\/a\u003E\n      \n      \u003C\/div\u003E\n  \n\n\n  \u003C\/div\u003E\n\n  \u003C\/div\u003E\n\n  \u003Cdiv class=\u0022area-extras group-right\u0022\u003E\n        \n                          \u003Cdiv  class=\u0022enlace-blockBottom\u0022 \u003E\n      \u003Cdiv\u003EVer m\u00e1s \u003Ca href=\u0022http:\/\/gaceta.uabc.mx\/notas\u0022\u003ENotas\u003C\/a\u003E\u003C\/div\u003E\n\u003C\/div\u003E\n      \n  \n\n\n  \u003C\/div\u003E\n\n\u003C\/div\u003E\n\n","settings":null}]