[{"command":"settings","settings":{"pluralDelimiter":"\u0003","suppressDeprecationErrors":true,"ajaxPageState":{"libraries":"core\/drupal.ajax,core\/picturefill,ds\/ds_3col_equal_width","theme":"gaceta","theme_token":null},"ajaxTrustedUrl":[],"field_group":{"html_element":{"mode":"media_expanded","context":"view","settings":{"classes":"datos","show_empty_fields":false,"id":"","element":"div","show_label":false,"label_element":"h3","label_element_classes":"","attributes":"","effect":"none","speed":"fast"}}},"user":{"uid":0,"permissionsHash":"55dc977d165ab1e05e51b6cc6487f6d73e65ab536d99ee82c6990d9001d5c21c"}},"merge":true},{"command":"add_css","data":"\u003Clink rel=\u0022stylesheet\u0022 media=\u0022all\u0022 href=\u0022\/sites\/default\/files\/css\/css_mxJrjoKKAZuuB4_4f-B1u9VnFZxvSor3Az4JEdrFEso.css\u0022 \/\u003E\n\u003Clink rel=\u0022stylesheet\u0022 media=\u0022all\u0022 href=\u0022\/sites\/default\/files\/css\/css_-BXSGQpS8YTwwuXGbPoshUvZ7W-_HbYR3H7d0DA_mEY.css\u0022 \/\u003E\n\u003Clink rel=\u0022stylesheet\u0022 media=\u0022all\u0022 href=\u0022\/sites\/default\/files\/css\/css_89YreTu0npezhXSakRJR9TVHyBS9bTcyt0s3IckAe-M.css\u0022 \/\u003E\n"},{"command":"add_js","selector":"body","data":[{"src":"\/sites\/default\/files\/js\/js_9UaAhXvc9u0KYXXUw-OKyLP2baQxdV4zY3Y_KGurcvY.js"},{"src":"\/sites\/default\/files\/js\/js_oDJxUBLBzfRb_FDgNfkNOm9-tiatS2kNfxQIeVRZA7Y.js"},{"src":"\/sites\/default\/files\/js\/js_YM82KRuzNIr2X-Kb8pQW8cOcSbWgQ_QGKclTYJ_aMlI.js"},{"src":"\/sites\/default\/files\/js\/js_pqqsPPmPmxKgamY6qk_WSawtL05XH_yAY8GkPHVyahI.js"}]},{"command":"insert","method":"replaceWith","selector":".view-mode-full","data":"\u003Cdiv data-history-node-id=\u002214307\u0022 class=\u0022contenido view-mode-media_expanded ds-3col-equal clearfix\u0022\u003E\n\n  \n\n  \u003Cdiv class=\u0022area-medios group-left\u0022\u003E\n        \n                          \u003Cdiv  class=\u0022imagen\u0022 \u003E\n          \u003Cpicture\u003E\n                  \u003Csource srcset=\u0022\/sites\/default\/files\/styles\/max_650x650\/public\/2019-04\/talleresinfantiles2.bryang_0.webp?itok=Zp0Eq4Di 650w, \/sites\/default\/files\/styles\/max_1300x1300\/public\/2019-04\/talleresinfantiles2.bryang_0.webp?itok=EbTFnY6K 1300w, \/sites\/default\/files\/styles\/max_1900x1900\/public\/2019-04\/talleresinfantiles2.bryang_0.webp?itok=r_9YYNyQ 1900w\u0022 type=\u0022image\/webp\u0022 sizes=\u0022100vw\u0022\/\u003E\n              \u003Csource srcset=\u0022\/sites\/default\/files\/styles\/max_650x650\/public\/2019-04\/talleresinfantiles2.bryang_0.JPG?itok=Zp0Eq4Di 650w, \/sites\/default\/files\/styles\/max_1300x1300\/public\/2019-04\/talleresinfantiles2.bryang_0.JPG?itok=EbTFnY6K 1300w, \/sites\/default\/files\/styles\/max_1900x1900\/public\/2019-04\/talleresinfantiles2.bryang_0.JPG?itok=r_9YYNyQ 1900w\u0022 type=\u0022image\/jpeg\u0022 sizes=\u0022100vw\u0022\/\u003E\n                  \u003Cimg srcset=\u0022\/sites\/default\/files\/styles\/max_650x650\/public\/2019-04\/talleresinfantiles2.bryang_0.JPG?itok=Zp0Eq4Di 650w, \/sites\/default\/files\/styles\/max_1300x1300\/public\/2019-04\/talleresinfantiles2.bryang_0.JPG?itok=EbTFnY6K 1300w, \/sites\/default\/files\/styles\/max_1900x1900\/public\/2019-04\/talleresinfantiles2.bryang_0.JPG?itok=r_9YYNyQ 1900w\u0022 sizes=\u0022100vw\u0022 src=\u0022\/sites\/default\/files\/styles\/max_1300x1300\/public\/2019-04\/talleresinfantiles2.bryang_0.JPG?itok=EbTFnY6K\u0022 alt=\u0022taller infantil bryan\u0022 typeof=\u0022foaf:Image\u0022 class=\u0022img-fluid\u0022 \/\u003E\n\n  \u003C\/picture\u003E\n\n\u003C\/div\u003E\n      \n  \n\n      \u003Cdiv  class=\u0022boton-expander\u0022\u003E\n        \n                  \u003Cdiv class=\u0022item-list\u0022\u003E\u003Cul\u003E\u003Cli\u003E\u003Ca href=\u0022\/ds-switch-view-mode\/node\/14307\/media_collapsed?selector=view-mode-media_expanded\u0022 class=\u0022use-ajax\u0022\u003E\u2191\u003C\/a\u003E\u003C\/li\u003E\u003C\/ul\u003E\u003C\/div\u003E\n      \n  \n    \u003C\/div\u003E\n\n\n  \u003C\/div\u003E\n\n  \u003Cdiv class=\u0022area-info group-middle\u0022\u003E\n    \n\u003Cdiv  class=\u0022inner\u0022\u003E\n          \n                          \u003Ch2  class=\u0022titulo\u0022 \u003E\n        Contin\u00faan talleres infantiles \n\u003C\/h2\u003E\n      \n  \n\n    \n                          \u003Cdiv  class=\u0022resumen\u0022 \u003E\n      Se despide el \u00e1rea infantil y juvenil con talleres din\u00e1micos   \u003C\/div\u003E\n      \n  \n\n\n\u003Cdiv  class=\u0022datos\u0022\u003E\n            \u003Cdiv  class=\u0022autor\u0022\u003E\n            \u003Cdiv  class=\u0022field-label-inline\u0022\u003EPor\u003C\/div\u003E\n  \n                  \u003Ca href=\u0022\/autores\/bryan-alonso-galaviz-beltran\u0022 hreflang=\u0022es\u0022\u003EBryan Alonso Galaviz Beltran\u003C\/a\u003E\n      \n  \n    \u003C\/div\u003E\n\n      \u003Cdiv  class=\u0022campus\u0022\u003E\n            \u003Cdiv  class=\u0022field-label-inline\u0022\u003ECampus\u003C\/div\u003E\n  \n                  \u003Ca href=\u0022\/campus\/mexicali\u0022 hreflang=\u0022es\u0022\u003EMexicali\u003C\/a\u003E\n      \n  \n    \u003C\/div\u003E\n\n    \n                          \u003Cdiv  class=\u0022fecha\u0022 \u003E\n      9 de Abril de 2019\u003C\/div\u003E\n      \n  \n\n\n  \u003C\/div\u003E\n    \n                          \u003Cdiv  class=\u0022texto\u0022 \u003E\n      \u003Cp dir=\u0022ltr\u0022\u003EEn el \u00faltimo d\u00eda de actividades de la XX Feria Internacional del Libro de la UABC 2019 (XX FIL UABC 2019), los ni\u00f1os de entre 6 a 12 a\u00f1os, disfrutaron de los talleres en el \u00e1rea infantil que coordina el IIC Museo-UABC \u00a0\u003C\/p\u003E\n\n\u003Cp dir=\u0022ltr\u0022\u003EDos de los numerosos talleres que se presentaron fueron \u201cC\u00f3mo encender un drag\u00f3n apagado\u201d y \u00a8El \u00e1rbol generoso\u201d. Ambos cuentos breves, donde se reforz\u00f3 su entendimiento con actividades grupales recreativas.\u003C\/p\u003E\n\n\u003Cp\u003ELuis Pablo Carrillo encargado de contar el \u201cEl \u00e1rbol generoso\u201d \u00a0coment\u00f3 , \u201cLa actividad consiste en que los ni\u00f1os reconstruyan el \u00e1rbol, acorde a lo visto en la historia\u201d. Por otra parte, Eduardo Garc\u00eda Cortez encargado de la interpretaci\u00f3n de \u00a0\u201cC\u00f3mo encender un drag\u00f3n apagado\u201d dijo, \u201cQueremos que los ni\u00f1os interact\u00faen con sus compa\u00f1eros y comprendan que el amor hace posible varias cosas\u201d.\u003C\/p\u003E\n\n\u003Cp\u003E\u003Cbr \/\u003E\nPara m\u00e1s informaci\u00f3n referente a la FIL visita : \u003Ca href=\u0022http:\/\/www.filuabc.mx\/\u0022\u003Ehttp:\/\/www.filuabc.mx\/\u003C\/a\u003E\u003C\/p\u003E\n\n\u003Cp\u003E\u003Cimg alt=\u0022Imagen eliminada.\u0022 data-entity-type=\u0022file\u0022 data-entity-uuid=\u00220acedf1b-0bd6-45cb-bad4-0dc0d50736ec\u0022 src=\u0022\/sites\/default\/files\/inline-images\/talleresinfantiles1.bryang.JPG\u0022 title=\u0022Esta imagen se ha eliminado. Por razones de seguridad, s\u00f3lo se permiten im\u00e1genes de dominio local.\u0022 height=\u002216\u0022 width=\u002216\u0022 class=\u0022filter-image-invalid\u0022 \/\u003E\u003C\/p\u003E\u003C\/div\u003E\n      \n  \n\n    \n            \u003Cdiv  class=\u0022palabras-clave\u0022\u003E\n                        \u003Ca href=\u0022\/tags\/fil-uabc-2019\u0022 hreflang=\u0022es\u0022\u003EFIL UABC 2019\u003C\/a\u003E\n                \u003Ca href=\u0022\/tags\/talleres-infantiles\u0022 hreflang=\u0022es\u0022\u003ETalleres Infantiles\u003C\/a\u003E\n                \u003Ca href=\u0022\/tags\/cuenta-cuentos\u0022 hreflang=\u0022es\u0022\u003ECuenta cuentos\u003C\/a\u003E\n      \n      \u003C\/div\u003E\n  \n\n\n  \u003C\/div\u003E\n\n  \u003C\/div\u003E\n\n  \u003Cdiv class=\u0022area-extras group-right\u0022\u003E\n        \n                          \u003Cdiv  class=\u0022enlace-blockBottom\u0022 \u003E\n      \u003Cdiv\u003EVer m\u00e1s \u003Ca href=\u0022http:\/\/gaceta.uabc.mx\/notas\u0022\u003ENotas\u003C\/a\u003E\u003C\/div\u003E\n\u003C\/div\u003E\n      \n  \n\n\n  \u003C\/div\u003E\n\n\u003C\/div\u003E\n\n","settings":null}]