[{"command":"settings","settings":{"pluralDelimiter":"\u0003","suppressDeprecationErrors":true,"ajaxPageState":{"libraries":"core\/drupal.ajax,core\/picturefill,ds\/ds_3col_equal_width","theme":"gaceta","theme_token":null},"ajaxTrustedUrl":[],"field_group":{"html_element":{"mode":"media_expanded","context":"view","settings":{"classes":"datos","show_empty_fields":false,"id":"","element":"div","show_label":false,"label_element":"h3","label_element_classes":"","attributes":"","effect":"none","speed":"fast"}}},"user":{"uid":0,"permissionsHash":"55dc977d165ab1e05e51b6cc6487f6d73e65ab536d99ee82c6990d9001d5c21c"}},"merge":true},{"command":"add_css","data":"\u003Clink rel=\u0022stylesheet\u0022 media=\u0022all\u0022 href=\u0022\/sites\/default\/files\/css\/css_mxJrjoKKAZuuB4_4f-B1u9VnFZxvSor3Az4JEdrFEso.css\u0022 \/\u003E\n\u003Clink rel=\u0022stylesheet\u0022 media=\u0022all\u0022 href=\u0022\/sites\/default\/files\/css\/css_-BXSGQpS8YTwwuXGbPoshUvZ7W-_HbYR3H7d0DA_mEY.css\u0022 \/\u003E\n\u003Clink rel=\u0022stylesheet\u0022 media=\u0022all\u0022 href=\u0022\/sites\/default\/files\/css\/css_89YreTu0npezhXSakRJR9TVHyBS9bTcyt0s3IckAe-M.css\u0022 \/\u003E\n"},{"command":"add_js","selector":"body","data":[{"src":"\/sites\/default\/files\/js\/js_9UaAhXvc9u0KYXXUw-OKyLP2baQxdV4zY3Y_KGurcvY.js"},{"src":"\/sites\/default\/files\/js\/js_oDJxUBLBzfRb_FDgNfkNOm9-tiatS2kNfxQIeVRZA7Y.js"},{"src":"\/sites\/default\/files\/js\/js_YM82KRuzNIr2X-Kb8pQW8cOcSbWgQ_QGKclTYJ_aMlI.js"},{"src":"\/sites\/default\/files\/js\/js_pqqsPPmPmxKgamY6qk_WSawtL05XH_yAY8GkPHVyahI.js"}]},{"command":"insert","method":"replaceWith","selector":".view-mode-full","data":"\u003Cdiv data-history-node-id=\u002214465\u0022 class=\u0022contenido view-mode-media_expanded ds-3col-equal clearfix\u0022\u003E\n\n  \n\n  \u003Cdiv class=\u0022area-medios group-left\u0022\u003E\n        \n                          \u003Cdiv  class=\u0022imagen\u0022 \u003E\n          \u003Cpicture\u003E\n                  \u003Csource srcset=\u0022\/sites\/default\/files\/styles\/max_650x650\/public\/2019-05\/IMG_5618.webp?itok=4OxG1xOa 650w, \/sites\/default\/files\/styles\/max_1300x1300\/public\/2019-05\/IMG_5618.webp?itok=dQ6nYcHj 1300w, \/sites\/default\/files\/styles\/max_1900x1900\/public\/2019-05\/IMG_5618.webp?itok=AyXL1xMc 1900w\u0022 type=\u0022image\/webp\u0022 sizes=\u0022100vw\u0022\/\u003E\n              \u003Csource srcset=\u0022\/sites\/default\/files\/styles\/max_650x650\/public\/2019-05\/IMG_5618.jpg?itok=4OxG1xOa 650w, \/sites\/default\/files\/styles\/max_1300x1300\/public\/2019-05\/IMG_5618.jpg?itok=dQ6nYcHj 1300w, \/sites\/default\/files\/styles\/max_1900x1900\/public\/2019-05\/IMG_5618.jpg?itok=AyXL1xMc 1900w\u0022 type=\u0022image\/jpeg\u0022 sizes=\u0022100vw\u0022\/\u003E\n                  \u003Cimg srcset=\u0022\/sites\/default\/files\/styles\/max_650x650\/public\/2019-05\/IMG_5618.jpg?itok=4OxG1xOa 650w, \/sites\/default\/files\/styles\/max_1300x1300\/public\/2019-05\/IMG_5618.jpg?itok=dQ6nYcHj 1300w, \/sites\/default\/files\/styles\/max_1900x1900\/public\/2019-05\/IMG_5618.jpg?itok=AyXL1xMc 1900w\u0022 sizes=\u0022100vw\u0022 src=\u0022\/sites\/default\/files\/styles\/max_1300x1300\/public\/2019-05\/IMG_5618.jpg?itok=dQ6nYcHj\u0022 alt=\u0022fiad_futbol sala _copa challenge \u0022 typeof=\u0022foaf:Image\u0022 class=\u0022img-fluid\u0022 \/\u003E\n\n  \u003C\/picture\u003E\n\n\u003C\/div\u003E\n      \n  \n\n      \u003Cdiv  class=\u0022boton-expander\u0022\u003E\n        \n                  \u003Cdiv class=\u0022item-list\u0022\u003E\u003Cul\u003E\u003Cli\u003E\u003Ca href=\u0022\/ds-switch-view-mode\/node\/14465\/media_collapsed?selector=view-mode-media_expanded\u0022 class=\u0022use-ajax\u0022\u003E\u2191\u003C\/a\u003E\u003C\/li\u003E\u003C\/ul\u003E\u003C\/div\u003E\n      \n  \n    \u003C\/div\u003E\n\n\n  \u003C\/div\u003E\n\n  \u003Cdiv class=\u0022area-info group-middle\u0022\u003E\n    \n\u003Cdiv  class=\u0022inner\u0022\u003E\n          \n                          \u003Ch2  class=\u0022titulo\u0022 \u003E\n        Triunfa FIAD en Copa Challenge en Futsal\n\u003C\/h2\u003E\n      \n  \n\n    \n                          \u003Cdiv  class=\u0022resumen\u0022 \u003E\n      Suma equipo de f\u00fatbol sala 100 puntos para FIAD  \u003Cbr \/\u003E\r\n\u003C\/div\u003E\n      \n  \n\n\n\u003Cdiv  class=\u0022datos\u0022\u003E\n            \u003Cdiv  class=\u0022autor\u0022\u003E\n            \u003Cdiv  class=\u0022field-label-inline\u0022\u003EPor\u003C\/div\u003E\n  \n                  \u003Ca href=\u0022\/autores\/jose-de-jesus-saray-morales\u0022 hreflang=\u0022es\u0022\u003EJos\u00e9 de Jes\u00fas Saray Morales\u003C\/a\u003E\n      \n  \n    \u003C\/div\u003E\n\n      \u003Cdiv  class=\u0022campus\u0022\u003E\n            \u003Cdiv  class=\u0022field-label-inline\u0022\u003ECampus\u003C\/div\u003E\n  \n                  \u003Ca href=\u0022\/campus\/ensenada\u0022 hreflang=\u0022es\u0022\u003EEnsenada\u003C\/a\u003E\n      \n  \n    \u003C\/div\u003E\n\n    \n                          \u003Cdiv  class=\u0022fecha\u0022 \u003E\n      9 de Mayo de 2019\u003C\/div\u003E\n      \n  \n\n\n  \u003C\/div\u003E\n    \n                          \u003Cdiv  class=\u0022texto\u0022 \u003E\n      \u003Cp dir=\u0022ltr\u0022\u003ESe llev\u00f3 a cabo con gran \u00e9xito el inicio de la 1ra. edici\u00f3n de la Copa Challenge 2019-1, la competencia abri\u00f3 con los duelos de f\u00fatbol de sala.\u003C\/p\u003E\n\n\u003Cp dir=\u0022ltr\u0022\u003EEn el primer encuentro la Facultad de Ingenier\u00eda, Arquitectura y Dise\u00f1o (FIAD) comenz\u00f3 su camino al t\u00edtulo derrotando a la Facultad de Idiomas, mientras que la Facultad de Ciencias Administrativas y Sociales (FCAyS) hizo lo mismo ante la Escuela de Medicina.\u003C\/p\u003E\n\n\u003Cp dir=\u0022ltr\u0022\u003EEstos enfrentamientos definieron a los \u00faltimos dos semifinalistas ya que, por sorteo previo, la Facultad de Deportes y la Facultad de Ingenier\u00eda y Negocios San Quint\u00edn (FINSQ) estaban esperando a sus rivales. Los duelos de semifinal quedaron FIAD vs Deportes y FCAyS vs FINSQ.\u003C\/p\u003E\n\n\u003Cp dir=\u0022ltr\u0022\u003EEn la primera llave, Deportes no pudo apagar la ofensiva de FIAD que termin\u00f3 ganando el encuentro y paso a la final. En el siguiente duelo San Quint\u00edn present\u00f3 un cuadro muy bien plantado, sin embargo, FCAyS supo doblegar en un par de ocasiones a esa defensa y se qued\u00f3 con el segundo boleto a la final.\u003C\/p\u003E\n\n\u003Cp dir=\u0022ltr\u0022\u003EEl partido que defini\u00f3 el campeonato fue muy disputado, inici\u00f3 a la ofensiva la \u00a0FCAyS, coloc\u00e1ndose 2-1 en el marcador, pero en la segunda parte, la FIAD con todo su poder\u00edo ofensivo, se lanz\u00f3 hacia la porter\u00eda rival y faltando 1 minuto para que el \u00e1rbitro Ra\u00fal Salda\u00f1a diera el pitazo final, encontraron el gol que les dar\u00eda el t\u00edtulo.\u003C\/p\u003E\n\n\u003Cp dir=\u0022ltr\u0022\u003ELa FIAD se qued\u00f3 con 100 puntos y FCAyS con 75; esto servir\u00e1 para definir al campe\u00f3n definitivo de la Copa Challenge, ya que el 17 de mayo se llevar\u00e1 a cabo ahora en la modalidad de voleibol de sala mixto.\u003C\/p\u003E\n\n\u003Cp\u003E\u003Cimg alt=\u0022Imagen eliminada.\u0022 data-entity-type=\u0022file\u0022 data-entity-uuid=\u00226d35d7e8-b7f5-481f-8bb6-1d6a89364069\u0022 src=\u0022\/sites\/default\/files\/inline-images\/IMG_5617.jpg\u0022 title=\u0022Esta imagen se ha eliminado. Por razones de seguridad, s\u00f3lo se permiten im\u00e1genes de dominio local.\u0022 height=\u002216\u0022 width=\u002216\u0022 class=\u0022filter-image-invalid\u0022 \/\u003E\u003C\/p\u003E\n\n\u003Cp\u003EFOTOS:\u00a0Jos\u00e9 de Jes\u00fas Saray Morales\u003C\/p\u003E\u003C\/div\u003E\n      \n  \n\n    \n            \u003Cdiv  class=\u0022palabras-clave\u0022\u003E\n                        \u003Ca href=\u0022\/tags\/fiad\u0022 hreflang=\u0022es\u0022\u003EFIAD\u003C\/a\u003E\n                \u003Ca href=\u0022\/tags\/copa-challenge\u0022 hreflang=\u0022es\u0022\u003ECopa Challenge \u003C\/a\u003E\n                \u003Ca href=\u0022\/tags\/futbol-sala\u0022 hreflang=\u0022es\u0022\u003EF\u00fatbol Sala\u003C\/a\u003E\n      \n      \u003C\/div\u003E\n  \n\n\n  \u003C\/div\u003E\n\n  \u003C\/div\u003E\n\n  \u003Cdiv class=\u0022area-extras group-right\u0022\u003E\n        \n                          \u003Cdiv  class=\u0022enlace-blockBottom\u0022 \u003E\n      \u003Cdiv\u003EVer m\u00e1s \u003Ca href=\u0022http:\/\/gaceta.uabc.mx\/notas\u0022\u003ENotas\u003C\/a\u003E\u003C\/div\u003E\n\u003C\/div\u003E\n      \n  \n\n\n  \u003C\/div\u003E\n\n\u003C\/div\u003E\n\n","settings":null}]