[{"command":"settings","settings":{"pluralDelimiter":"\u0003","suppressDeprecationErrors":true,"ajaxPageState":{"libraries":"core\/drupal.ajax,core\/picturefill,ds\/ds_3col_equal_width","theme":"gaceta","theme_token":null},"ajaxTrustedUrl":[],"field_group":{"html_element":{"mode":"media_expanded","context":"view","settings":{"classes":"datos","show_empty_fields":false,"id":"","element":"div","show_label":false,"label_element":"h3","label_element_classes":"","attributes":"","effect":"none","speed":"fast"}}},"user":{"uid":0,"permissionsHash":"55dc977d165ab1e05e51b6cc6487f6d73e65ab536d99ee82c6990d9001d5c21c"}},"merge":true},{"command":"add_css","data":"\u003Clink rel=\u0022stylesheet\u0022 media=\u0022all\u0022 href=\u0022\/sites\/default\/files\/css\/css_mxJrjoKKAZuuB4_4f-B1u9VnFZxvSor3Az4JEdrFEso.css\u0022 \/\u003E\n\u003Clink rel=\u0022stylesheet\u0022 media=\u0022all\u0022 href=\u0022\/sites\/default\/files\/css\/css_-BXSGQpS8YTwwuXGbPoshUvZ7W-_HbYR3H7d0DA_mEY.css\u0022 \/\u003E\n\u003Clink rel=\u0022stylesheet\u0022 media=\u0022all\u0022 href=\u0022\/sites\/default\/files\/css\/css_89YreTu0npezhXSakRJR9TVHyBS9bTcyt0s3IckAe-M.css\u0022 \/\u003E\n"},{"command":"add_js","selector":"body","data":[{"src":"\/sites\/default\/files\/js\/js_9UaAhXvc9u0KYXXUw-OKyLP2baQxdV4zY3Y_KGurcvY.js"},{"src":"\/sites\/default\/files\/js\/js_oDJxUBLBzfRb_FDgNfkNOm9-tiatS2kNfxQIeVRZA7Y.js"},{"src":"\/sites\/default\/files\/js\/js_YM82KRuzNIr2X-Kb8pQW8cOcSbWgQ_QGKclTYJ_aMlI.js"},{"src":"\/sites\/default\/files\/js\/js_pqqsPPmPmxKgamY6qk_WSawtL05XH_yAY8GkPHVyahI.js"}]},{"command":"insert","method":"replaceWith","selector":".view-mode-full","data":"\u003Cdiv data-history-node-id=\u002214500\u0022 class=\u0022contenido view-mode-media_expanded ds-3col-equal clearfix\u0022\u003E\n\n  \n\n  \u003Cdiv class=\u0022area-medios group-left\u0022\u003E\n        \n                          \u003Cdiv  class=\u0022imagen\u0022 \u003E\n          \u003Cpicture\u003E\n                  \u003Csource srcset=\u0022\/sites\/default\/files\/styles\/max_650x650\/public\/2019-05\/IMG_2860.webp?itok=mCUCGDVZ 650w, \/sites\/default\/files\/styles\/max_1300x1300\/public\/2019-05\/IMG_2860.webp?itok=ATrkBdLn 1300w, \/sites\/default\/files\/styles\/max_1900x1900\/public\/2019-05\/IMG_2860.webp?itok=P-eyJhom 1900w\u0022 type=\u0022image\/webp\u0022 sizes=\u0022100vw\u0022\/\u003E\n              \u003Csource srcset=\u0022\/sites\/default\/files\/styles\/max_650x650\/public\/2019-05\/IMG_2860.jpg?itok=mCUCGDVZ 650w, \/sites\/default\/files\/styles\/max_1300x1300\/public\/2019-05\/IMG_2860.jpg?itok=ATrkBdLn 1300w, \/sites\/default\/files\/styles\/max_1900x1900\/public\/2019-05\/IMG_2860.jpg?itok=P-eyJhom 1900w\u0022 type=\u0022image\/jpeg\u0022 sizes=\u0022100vw\u0022\/\u003E\n                  \u003Cimg srcset=\u0022\/sites\/default\/files\/styles\/max_650x650\/public\/2019-05\/IMG_2860.jpg?itok=mCUCGDVZ 650w, \/sites\/default\/files\/styles\/max_1300x1300\/public\/2019-05\/IMG_2860.jpg?itok=ATrkBdLn 1300w, \/sites\/default\/files\/styles\/max_1900x1900\/public\/2019-05\/IMG_2860.jpg?itok=P-eyJhom 1900w\u0022 sizes=\u0022100vw\u0022 src=\u0022\/sites\/default\/files\/styles\/max_1300x1300\/public\/2019-05\/IMG_2860.jpg?itok=ATrkBdLn\u0022 alt=\u0022ingles_ ense\u00f1anza de lenguas_apendizaje ingles\u0022 typeof=\u0022foaf:Image\u0022 class=\u0022img-fluid\u0022 \/\u003E\n\n  \u003C\/picture\u003E\n\n\u003C\/div\u003E\n      \n  \n\n      \u003Cdiv  class=\u0022boton-expander\u0022\u003E\n        \n                  \u003Cdiv class=\u0022item-list\u0022\u003E\u003Cul\u003E\u003Cli\u003E\u003Ca href=\u0022\/ds-switch-view-mode\/node\/14500\/media_collapsed?selector=view-mode-media_expanded\u0022 class=\u0022use-ajax\u0022\u003E\u2191\u003C\/a\u003E\u003C\/li\u003E\u003C\/ul\u003E\u003C\/div\u003E\n      \n  \n    \u003C\/div\u003E\n\n\n  \u003C\/div\u003E\n\n  \u003Cdiv class=\u0022area-info group-middle\u0022\u003E\n    \n\u003Cdiv  class=\u0022inner\u0022\u003E\n          \n                          \u003Ch2  class=\u0022titulo\u0022 \u003E\n        Estudian sobre la importancia del ingl\u00e9s \n\u003C\/h2\u003E\n      \n  \n\n    \n                          \u003Cdiv  class=\u0022resumen\u0022 \u003E\n       \u003Cbr \/\u003E\r\nDeterminan la pol\u00edtica ling\u00fc\u00edstica de la UABC en materia de ense\u00f1anza del idioma.\u003Cbr \/\u003E\r\n\u003C\/div\u003E\n      \n  \n\n\n\u003Cdiv  class=\u0022datos\u0022\u003E\n            \u003Cdiv  class=\u0022autor\u0022\u003E\n            \u003Cdiv  class=\u0022field-label-inline\u0022\u003EPor\u003C\/div\u003E\n  \n                  \u003Ca href=\u0022\/autores\/redaccion-gaceta\u0022 hreflang=\u0022es\u0022\u003ERedacci\u00f3n Gaceta\u003C\/a\u003E\n      \n  \n    \u003C\/div\u003E\n\n      \u003Cdiv  class=\u0022campus\u0022\u003E\n            \u003Cdiv  class=\u0022field-label-inline\u0022\u003ECampus\u003C\/div\u003E\n  \n                  \u003Ca href=\u0022\/campus\/tijuana\u0022 hreflang=\u0022es\u0022\u003ETijuana\u003C\/a\u003E\n      \n  \n    \u003C\/div\u003E\n\n    \n                          \u003Cdiv  class=\u0022fecha\u0022 \u003E\n      15 de Mayo de 2019\u003C\/div\u003E\n      \n  \n\n\n  \u003C\/div\u003E\n    \n                          \u003Cdiv  class=\u0022texto\u0022 \u003E\n      \u003Cp dir=\u0022ltr\u0022\u003EProfesores investigadores miembros de los cuerpos acad\u00e9micos de Pol\u00edtica Ling\u00fc\u00edstica y Ense\u00f1anza de Lenguas, as\u00ed como Ling\u00fc\u00edstica Aplicada, sostuvieron una reuni\u00f3n de trabajo para dise\u00f1ar las directrices sobre la investigaci\u00f3n del aprendizaje del ingl\u00e9s en el contexto universitario en apoyo al Programa de Internacionalizaci\u00f3n en Casa, impulsado en la UABC durante la administraci\u00f3n rectoral del doctor Daniel Octavio Valdez Delgadillo.\u003C\/p\u003E\n\n\u003Cp dir=\u0022ltr\u0022\u003EEste proyecto\u00a0tiene como objetivo determinar la pol\u00edtica ling\u00fc\u00edstica de la UABC en materia de ense\u00f1anza del ingl\u00e9s, empleabilidad e inserci\u00f3n en el mundo laboral de sus egresados, en concordancia con el Plan de Desarrollo Institucional (PDI) 2019-2023.\u003C\/p\u003E\n\n\u003Cp dir=\u0022ltr\u0022\u003EEn la primera etapa del estudio se planea tener reuniones para recolectar apreciaciones y experiencias con empleadores, egresados, directivos y profesores que le permita al equipo obtener informaci\u00f3n relevante que permita a la instituci\u00f3n tomar decisiones sobre el rumbo que debe tomar el ingl\u00e9s en las aulas universitarias.\u003C\/p\u003E\n\n\u003Cp dir=\u0022ltr\u0022\u003EEste proyecto surgi\u00f3 en el marco del proyecto Baja Speaks English organizado el pasado mes de abril por la XXII Legislatura del estado de Baja California donde la UABC particip\u00f3 como instituci\u00f3n l\u00edder en el tema.\u003C\/p\u003E\n\n\u003Cp dir=\u0022ltr\u0022\u003EComo parte del proyecto estatal participan los doctores Mar\u00eda del Roc\u00edo Dom\u00ednguez Gaona, l\u00edder del proyecto; Myriam Romero Monteverde, Jitka Crhov\u00e1, Erika Mart\u00ednez Lugo, Socorro Monta\u00f1o Rodr\u00edguez, Nahum Samperio S\u00e1nchez, as\u00ed como las maestras Icela L\u00f3pez Gaspar y Ana Rosa Zamora Leyva.\u003C\/p\u003E\n\n\u003Cp dir=\u0022ltr\u0022\u003ETambi\u00e9n se contar\u00e1 con expertos externos como la doctora Karen Cadiero-Kaplan, profesora em\u00e9rita de SDSU; doctora Laura Garc\u00eda Landa, profesora investigadora de la UNAM, y la doctora Ver\u00f3nica S\u00e1nchez Hern\u00e1ndez, profesora investigadora de la BUAP.\u003C\/p\u003E\n\n\u003Cp dir=\u0022ltr\u0022\u003ECon este estudio tambi\u00e9n se atienden las recomendaciones de los Comit\u00e9s Interinstitucional para la Evaluaci\u00f3n de Instituciones de Educaci\u00f3n Superior (CIEES) en materia de internacionalizaci\u00f3n, que emitieron a la UABC en evaluaci\u00f3n realizada en el 2018.\u003C\/p\u003E\n\n\u003Cp dir=\u0022ltr\u0022\u003EFOTO:\u00a0Frida Mendivil Jim\u00e9nez\u003C\/p\u003E\u003C\/div\u003E\n      \n  \n\n    \n            \u003Cdiv  class=\u0022palabras-clave\u0022\u003E\n                        \u003Ca href=\u0022\/tags\/ingles\u0022 hreflang=\u0022es\u0022\u003Eingl\u00e9s\u003C\/a\u003E\n                \u003Ca href=\u0022\/tags\/ensenanza-de-lenguas\u0022 hreflang=\u0022es\u0022\u003EEnse\u00f1anza de Lenguas\u003C\/a\u003E\n                \u003Ca href=\u0022\/tags\/ensenanza-ingles\u0022 hreflang=\u0022es\u0022\u003EEnse\u00f1anza Ingl\u00e9s \u003C\/a\u003E\n      \n      \u003C\/div\u003E\n  \n\n\n  \u003C\/div\u003E\n\n  \u003C\/div\u003E\n\n  \u003Cdiv class=\u0022area-extras group-right\u0022\u003E\n        \n                          \u003Cdiv  class=\u0022enlace-blockBottom\u0022 \u003E\n      \u003Cdiv\u003EVer m\u00e1s \u003Ca href=\u0022http:\/\/gaceta.uabc.mx\/notas\u0022\u003ENotas\u003C\/a\u003E\u003C\/div\u003E\n\u003C\/div\u003E\n      \n  \n\n\n  \u003C\/div\u003E\n\n\u003C\/div\u003E\n\n","settings":null}]