[{"command":"settings","settings":{"pluralDelimiter":"\u0003","suppressDeprecationErrors":true,"ajaxPageState":{"libraries":"core\/drupal.ajax,core\/picturefill,ds\/ds_3col_equal_width","theme":"gaceta","theme_token":null},"ajaxTrustedUrl":[],"field_group":{"html_element":{"mode":"media_expanded","context":"view","settings":{"classes":"datos","show_empty_fields":false,"id":"","element":"div","show_label":false,"label_element":"h3","label_element_classes":"","attributes":"","effect":"none","speed":"fast"}}},"user":{"uid":0,"permissionsHash":"55dc977d165ab1e05e51b6cc6487f6d73e65ab536d99ee82c6990d9001d5c21c"}},"merge":true},{"command":"add_css","data":"\u003Clink rel=\u0022stylesheet\u0022 media=\u0022all\u0022 href=\u0022\/sites\/default\/files\/css\/css_mxJrjoKKAZuuB4_4f-B1u9VnFZxvSor3Az4JEdrFEso.css\u0022 \/\u003E\n\u003Clink rel=\u0022stylesheet\u0022 media=\u0022all\u0022 href=\u0022\/sites\/default\/files\/css\/css_-BXSGQpS8YTwwuXGbPoshUvZ7W-_HbYR3H7d0DA_mEY.css\u0022 \/\u003E\n\u003Clink rel=\u0022stylesheet\u0022 media=\u0022all\u0022 href=\u0022\/sites\/default\/files\/css\/css_89YreTu0npezhXSakRJR9TVHyBS9bTcyt0s3IckAe-M.css\u0022 \/\u003E\n"},{"command":"add_js","selector":"body","data":[{"src":"\/sites\/default\/files\/js\/js_9UaAhXvc9u0KYXXUw-OKyLP2baQxdV4zY3Y_KGurcvY.js"},{"src":"\/sites\/default\/files\/js\/js_oDJxUBLBzfRb_FDgNfkNOm9-tiatS2kNfxQIeVRZA7Y.js"},{"src":"\/sites\/default\/files\/js\/js_YM82KRuzNIr2X-Kb8pQW8cOcSbWgQ_QGKclTYJ_aMlI.js"},{"src":"\/sites\/default\/files\/js\/js_pqqsPPmPmxKgamY6qk_WSawtL05XH_yAY8GkPHVyahI.js"}]},{"command":"insert","method":"replaceWith","selector":".view-mode-full","data":"\u003Cdiv data-history-node-id=\u002214689\u0022 class=\u0022contenido view-mode-media_expanded ds-3col-equal clearfix\u0022\u003E\n\n  \n\n  \u003Cdiv class=\u0022area-medios group-left\u0022\u003E\n        \n                          \u003Cdiv  class=\u0022imagen\u0022 \u003E\n          \u003Cpicture\u003E\n                  \u003Csource srcset=\u0022\/sites\/default\/files\/styles\/max_650x650\/public\/2019-06\/IMG_9779.webp?itok=Qhi3sBnY 650w, \/sites\/default\/files\/styles\/max_1300x1300\/public\/2019-06\/IMG_9779.webp?itok=FXqXw6lu 1300w, \/sites\/default\/files\/styles\/max_1900x1900\/public\/2019-06\/IMG_9779.webp?itok=AJP0iN0c 1600w\u0022 type=\u0022image\/webp\u0022 sizes=\u0022100vw\u0022\/\u003E\n              \u003Csource srcset=\u0022\/sites\/default\/files\/styles\/max_650x650\/public\/2019-06\/IMG_9779.JPG?itok=Qhi3sBnY 650w, \/sites\/default\/files\/styles\/max_1300x1300\/public\/2019-06\/IMG_9779.JPG?itok=FXqXw6lu 1300w, \/sites\/default\/files\/styles\/max_1900x1900\/public\/2019-06\/IMG_9779.JPG?itok=AJP0iN0c 1600w\u0022 type=\u0022image\/jpeg\u0022 sizes=\u0022100vw\u0022\/\u003E\n                  \u003Cimg srcset=\u0022\/sites\/default\/files\/styles\/max_650x650\/public\/2019-06\/IMG_9779.JPG?itok=Qhi3sBnY 650w, \/sites\/default\/files\/styles\/max_1300x1300\/public\/2019-06\/IMG_9779.JPG?itok=FXqXw6lu 1300w, \/sites\/default\/files\/styles\/max_1900x1900\/public\/2019-06\/IMG_9779.JPG?itok=AJP0iN0c 1600w\u0022 sizes=\u0022100vw\u0022 src=\u0022\/sites\/default\/files\/styles\/max_1300x1300\/public\/2019-06\/IMG_9779.JPG?itok=FXqXw6lu\u0022 alt=\u0022pdi_2019-2023\u0022 typeof=\u0022foaf:Image\u0022 class=\u0022img-fluid\u0022 \/\u003E\n\n  \u003C\/picture\u003E\n\n\u003C\/div\u003E\n      \n  \n\n      \u003Cdiv  class=\u0022boton-expander\u0022\u003E\n        \n                  \u003Cdiv class=\u0022item-list\u0022\u003E\u003Cul\u003E\u003Cli\u003E\u003Ca href=\u0022\/ds-switch-view-mode\/node\/14689\/media_collapsed?selector=view-mode-media_expanded\u0022 class=\u0022use-ajax\u0022\u003E\u2191\u003C\/a\u003E\u003C\/li\u003E\u003C\/ul\u003E\u003C\/div\u003E\n      \n  \n    \u003C\/div\u003E\n\n\n  \u003C\/div\u003E\n\n  \u003Cdiv class=\u0022area-info group-middle\u0022\u003E\n    \n\u003Cdiv  class=\u0022inner\u0022\u003E\n          \n                          \u003Ch2  class=\u0022titulo\u0022 \u003E\n        Presenta UABC Plan de Desarrollo Institucional 2019-2023\n\u003C\/h2\u003E\n      \n  \n\n    \n                          \u003Cdiv  class=\u0022resumen\u0022 \u003E\n      Prioriza los temas de autonom\u00eda y gobernanza, responsabilidad social universitaria, as\u00ed como equidad. Incluye adem\u00e1s 12 pol\u00edticas que guiar\u00e1n los esfuerzos y metas de la instituci\u00f3n.\u003C\/div\u003E\n      \n  \n\n\n\u003Cdiv  class=\u0022datos\u0022\u003E\n            \u003Cdiv  class=\u0022campus\u0022\u003E\n            \u003Cdiv  class=\u0022field-label-inline\u0022\u003ECampus\u003C\/div\u003E\n  \n                  \u003Ca href=\u0022\/campus\/tijuana\u0022 hreflang=\u0022es\u0022\u003ETijuana\u003C\/a\u003E\n      \n  \n    \u003C\/div\u003E\n\n    \n                          \u003Cdiv  class=\u0022fecha\u0022 \u003E\n      14 de Junio de 2019\u003C\/div\u003E\n      \n  \n\n\n  \u003C\/div\u003E\n    \n                          \u003Cdiv  class=\u0022texto\u0022 \u003E\n      \u003Cp\u003EEn Sesi\u00f3n Extraordinaria del Consejo Universitario de la Universidad Aut\u00f3noma de Baja California (UABC), el doctor Daniel Octavio Valdez Delgadillo, present\u00f3 el\u00a0Plan\u00a0de Desarrollo Institucional (PDI 2019-2023), el cual orientar\u00e1 el trabajo de los universitarios en los pr\u00f3ximos a\u00f1os para articular, potenciar y focalizar los esfuerzos institucionales en el logro de la Visi\u00f3n 2030.\u003C\/p\u003E\n\n\u003Cp\u003EEl Rector se\u00f1al\u00f3 que en los \u00faltimos 16 a\u00f1os la universidad ampli\u00f3 su matr\u00edcula en casi 160 por ciento, atendiendo actualmente a m\u00e1s de 64 mil estudiantes, lo que la posiciona en el puesto n\u00famero cinco entre las universidades p\u00fablicas estatales con mayor matr\u00edcula en el pa\u00eds. Esto llev\u00f3 a la creaci\u00f3n de unidades universitarias en diversos puntos del Estado para incrementar las oportunidades de acceso a la educaci\u00f3n superior para miles de j\u00f3venes.\u003C\/p\u003E\n\n\u003Cp\u003EDe igual manera, la UABC asumi\u00f3 el compromiso de ampliar la oferta educativa preservando su calidad, logrando a finales del 2018, contar con el 100 por ciento de los programas evaluables reconocidos por su buena calidad, formando parte de un grupo selecto de universidades p\u00fablicas estatales que lideran el escenario nacional en cuanto al n\u00famero de programas de licenciatura acreditados y en la proporci\u00f3n de estudiantes que realizan sus estudios en programas educativos de calidad.\u003C\/p\u003E\n\n\u003Cp\u003EAdem\u00e1s, los 46 programas de posgrado que oferta la UABC forman parte del Padr\u00f3n Nacional de Posgrados de Calidad (PNPC) del Consejo Nacional de Ciencia y Tecnolog\u00eda (Conacyt), mismos que concentran el 98 por ciento de la matr\u00edcula total en este nivel de estudios. Adem\u00e1s, logr\u00f3 ingresar a rankings universitarios nacionales e internacionales.\u003C\/p\u003E\n\n\u003Cp\u003ELos niveles de competitividad acad\u00e9mica de la instituci\u00f3n tambi\u00e9n se han incrementado notablemente y se materializa en el incremento y diversificaci\u00f3n de la producci\u00f3n cient\u00edfica de sus investigadores, particularmente de art\u00edculos publicados en revistas con factor de impacto, as\u00ed como en el n\u00famero de patentes, certificados de obra y solicitudes de invenci\u00f3n que estos registran ante los organismos especializados en la materia.\u003C\/p\u003E\n\n\u003Cp\u003EEl doctor Valdez Delgadillo indic\u00f3 que estos y otros tantos logros han permitido consolidar el liderazgo de la UABC a nivel local, regional y nacional. \u201cNo obstante, reconocemos los retos que a\u00fan le aguardan a nuestra universidad, en un escenario en el que se vislumbran grandes transformaciones en las pol\u00edticas p\u00fablicas en los \u00e1mbitos social, econ\u00f3mico y educativo, donde temas tales como la cobertura, la equidad, la obligatoriedad, la gratuidad y el financiamiento de la educaci\u00f3n superior, ocupar\u00e1n un lugar central en las agendas de las instituciones educativas del pa\u00eds y de las comunidades que las conforman\u201d, declar\u00f3.\u00a0\u003C\/p\u003E\n\n\u003Cp\u003ESobre el PDI 2019-2023, el cual present\u00f3 40 d\u00edas antes de la fecha l\u00edmite que prev\u00e9 la normatividad universitaria, mencion\u00f3 que se cimienta en tres ejes transversales y compromete 12 pol\u00edticas, 30 estrategias y 127 acciones, resultado de un proceso participativo e incluyente que permiti\u00f3 materializar las propuestas de estudiantes, egresados, acad\u00e9micos, personal administrativo, directores y funcionarios, as\u00ed como las valoraciones de representantes de los sectores p\u00fablico, social y privado.\u003C\/p\u003E\n\n\u003Cp\u003ELos ejes transversales del\u00a0PDI 2019-2023, entendidos como elementos que dan sustento a las actividades universitarias en todos los \u00e1mbitos, son: Autonom\u00eda y gobernanza; Responsabilidad social universitaria y Equidad. Con ellos, la UABC busca: tener una articulaci\u00f3n con otras instituciones y organismos en un marco de responsabilidad y rendici\u00f3n de cuentas; refrendar su compromiso de cooperaci\u00f3n con los distintos sectores y grupos sociales, en particular, con los que presentan mayor desventaja; as\u00ed como conjuntar esfuerzos para mejorar las condiciones de trabajo de los universitarios, no s\u00f3lo con beneficios materiales sino tambi\u00e9n simb\u00f3licos.\u003C\/p\u003E\n\n\u003Cp\u003ELas pol\u00edticas institucionales que contempla son: Calidad y pertenencia de la oferta educativa, adecu\u00e1ndola a las demandas de los sectores p\u00fablico, privado y social; Proceso formativo, relacionado a fortalecer la formaci\u00f3n integral de los alumnos y sus trayectorias escolares; Investigaci\u00f3n, desarrollo tecnol\u00f3gico e innovaci\u00f3n, que contribuyan al desarrollo regional, nacional e internacional; Extensi\u00f3n y vinculaci\u00f3n, contribuyendo al desarrollo regional y nacional; Internalizaci\u00f3n, posicionar a la universidad en el contexto internacional; Desarrollo acad\u00e9mico, consolidando la planta acad\u00e9mica de la universidad.\u003C\/p\u003E\n\n\u003Cp\u003ETambi\u00e9n: Cultura digital, con base en esquemas de colaboraci\u00f3n y aprovechamiento de las tecnolog\u00edas digitales; Comunicaci\u00f3n e identidad universitaria, que preserve el sentido de pertenencia a la UABC; Infraestructura, equipamiento y seguridad,\u003Cstrong\u003E\u00a0\u003C\/strong\u003Epara garantizar el cumplimiento de las funciones sustantivas y de gesti\u00f3n de la universidad; Organizaci\u00f3n y gesti\u00f3n administrativa, que impulse una gesti\u00f3n eficiente y eficaz; Cuidado del medio ambiente, promoviendo entre la comunidad la cultura de respeto y cuidado desde la perspectiva del desarrollo sostenible; as\u00ed como Gobernanza universitaria, transparencia y rendici\u00f3n de cuentas.\u003C\/p\u003E\n\n\u003Cp\u003EEl documento completo del Plan de Desarrollo Institucional 2019-2023 estar\u00e1 disponible para \u00a0consultarse en la p\u00e1gina electr\u00f3nica de la Coordinaci\u00f3n General de Planeaci\u00f3n y Desarrollo Institucional\u003Ca href=\u0022http:\/\/www.uabc.mx\/planeacion\u0022\u003Ewww.uabc.mx\/planeacion\u003C\/a\u003E, instancia a cargo del doctor Joaqu\u00edn Caso Niebla, quien coordin\u00f3 los trabajos para la realizaci\u00f3n de este marco orientador de los esfuerzos y metas de la m\u00e1xima casa de estudios.\u00a0\u003C\/p\u003E\n\n\u003Cp\u003EFOTO: C\u00e9sar F\u00e9lix\u00a0\u003C\/p\u003E\u003C\/div\u003E\n      \n  \n\n    \n            \u003Cdiv  class=\u0022palabras-clave\u0022\u003E\n                        \u003Ca href=\u0022\/tags\/pdi\u0022 hreflang=\u0022es\u0022\u003EPDI\u003C\/a\u003E\n                \u003Ca href=\u0022\/tags\/plan-de-desarrollo-institucional-2019-2023\u0022 hreflang=\u0022es\u0022\u003EPlan de Desarrollo Institucional 2019-2023\u003C\/a\u003E\n      \n      \u003C\/div\u003E\n  \n\n\n  \u003C\/div\u003E\n\n  \u003C\/div\u003E\n\n  \u003Cdiv class=\u0022area-extras group-right\u0022\u003E\n        \n                          \u003Cdiv  class=\u0022enlace-blockBottom\u0022 \u003E\n      \u003Cdiv\u003EVer m\u00e1s \u003Ca href=\u0022http:\/\/gaceta.uabc.mx\/notas\u0022\u003ENotas\u003C\/a\u003E\u003C\/div\u003E\n\u003C\/div\u003E\n      \n  \n\n\n  \u003C\/div\u003E\n\n\u003C\/div\u003E\n\n","settings":null}]