[{"command":"settings","settings":{"pluralDelimiter":"\u0003","suppressDeprecationErrors":true,"ajaxPageState":{"libraries":"core\/drupal.ajax,core\/picturefill,ds\/ds_3col_equal_width","theme":"gaceta","theme_token":null},"ajaxTrustedUrl":[],"field_group":{"html_element":{"mode":"media_expanded","context":"view","settings":{"classes":"datos","show_empty_fields":false,"id":"","element":"div","show_label":false,"label_element":"h3","label_element_classes":"","attributes":"","effect":"none","speed":"fast"}}},"user":{"uid":0,"permissionsHash":"55dc977d165ab1e05e51b6cc6487f6d73e65ab536d99ee82c6990d9001d5c21c"}},"merge":true},{"command":"add_css","data":"\u003Clink rel=\u0022stylesheet\u0022 media=\u0022all\u0022 href=\u0022\/sites\/default\/files\/css\/css_mxJrjoKKAZuuB4_4f-B1u9VnFZxvSor3Az4JEdrFEso.css\u0022 \/\u003E\n\u003Clink rel=\u0022stylesheet\u0022 media=\u0022all\u0022 href=\u0022\/sites\/default\/files\/css\/css_-BXSGQpS8YTwwuXGbPoshUvZ7W-_HbYR3H7d0DA_mEY.css\u0022 \/\u003E\n\u003Clink rel=\u0022stylesheet\u0022 media=\u0022all\u0022 href=\u0022\/sites\/default\/files\/css\/css_89YreTu0npezhXSakRJR9TVHyBS9bTcyt0s3IckAe-M.css\u0022 \/\u003E\n"},{"command":"add_js","selector":"body","data":[{"src":"\/sites\/default\/files\/js\/js_9UaAhXvc9u0KYXXUw-OKyLP2baQxdV4zY3Y_KGurcvY.js"},{"src":"\/sites\/default\/files\/js\/js_oDJxUBLBzfRb_FDgNfkNOm9-tiatS2kNfxQIeVRZA7Y.js"},{"src":"\/sites\/default\/files\/js\/js_YM82KRuzNIr2X-Kb8pQW8cOcSbWgQ_QGKclTYJ_aMlI.js"},{"src":"\/sites\/default\/files\/js\/js_pqqsPPmPmxKgamY6qk_WSawtL05XH_yAY8GkPHVyahI.js"}]},{"command":"insert","method":"replaceWith","selector":".view-mode-full","data":"\u003Cdiv data-history-node-id=\u00221479\u0022 class=\u0022contenido view-mode-media_expanded ds-3col-equal clearfix\u0022\u003E\n\n  \n\n  \u003Cdiv class=\u0022area-medios group-left\u0022\u003E\n        \n                          \u003Cdiv  class=\u0022imagen\u0022 \u003E\n          \u003Cpicture\u003E\n                  \u003Csource srcset=\u0022\/sites\/default\/files\/styles\/max_650x650\/public\/2017-08\/Despiden%20a%20j%C3%B3venes%20participantes%20del%20programa%20Delf%C3%ADn%20en%20Campus%20Mexicali.webp?itok=9tvTNPsI 650w, \/sites\/default\/files\/styles\/max_1300x1300\/public\/2017-08\/Despiden%20a%20j%C3%B3venes%20participantes%20del%20programa%20Delf%C3%ADn%20en%20Campus%20Mexicali.webp?itok=6pzRIimA 1300w, \/sites\/default\/files\/styles\/max_1900x1900\/public\/2017-08\/Despiden%20a%20j%C3%B3venes%20participantes%20del%20programa%20Delf%C3%ADn%20en%20Campus%20Mexicali.webp?itok=DNQvKzPd 1900w\u0022 type=\u0022image\/webp\u0022 sizes=\u0022100vw\u0022\/\u003E\n              \u003Csource srcset=\u0022\/sites\/default\/files\/styles\/max_650x650\/public\/2017-08\/Despiden%20a%20j%C3%B3venes%20participantes%20del%20programa%20Delf%C3%ADn%20en%20Campus%20Mexicali.jpg?itok=9tvTNPsI 650w, \/sites\/default\/files\/styles\/max_1300x1300\/public\/2017-08\/Despiden%20a%20j%C3%B3venes%20participantes%20del%20programa%20Delf%C3%ADn%20en%20Campus%20Mexicali.jpg?itok=6pzRIimA 1300w, \/sites\/default\/files\/styles\/max_1900x1900\/public\/2017-08\/Despiden%20a%20j%C3%B3venes%20participantes%20del%20programa%20Delf%C3%ADn%20en%20Campus%20Mexicali.jpg?itok=DNQvKzPd 1900w\u0022 type=\u0022image\/jpeg\u0022 sizes=\u0022100vw\u0022\/\u003E\n                  \u003Cimg srcset=\u0022\/sites\/default\/files\/styles\/max_650x650\/public\/2017-08\/Despiden%20a%20j%C3%B3venes%20participantes%20del%20programa%20Delf%C3%ADn%20en%20Campus%20Mexicali.jpg?itok=9tvTNPsI 650w, \/sites\/default\/files\/styles\/max_1300x1300\/public\/2017-08\/Despiden%20a%20j%C3%B3venes%20participantes%20del%20programa%20Delf%C3%ADn%20en%20Campus%20Mexicali.jpg?itok=6pzRIimA 1300w, \/sites\/default\/files\/styles\/max_1900x1900\/public\/2017-08\/Despiden%20a%20j%C3%B3venes%20participantes%20del%20programa%20Delf%C3%ADn%20en%20Campus%20Mexicali.jpg?itok=DNQvKzPd 1900w\u0022 sizes=\u0022100vw\u0022 src=\u0022\/sites\/default\/files\/styles\/max_1300x1300\/public\/2017-08\/Despiden%20a%20j%C3%B3venes%20participantes%20del%20programa%20Delf%C3%ADn%20en%20Campus%20Mexicali.jpg?itok=6pzRIimA\u0022 alt=\u0022Programa Delf\u00edn_Investigaci\u00f3n_Posgrado_Alumnos Visitantes\u0022 typeof=\u0022foaf:Image\u0022 class=\u0022img-fluid\u0022 \/\u003E\n\n  \u003C\/picture\u003E\n\n\u003C\/div\u003E\n      \n  \n\n      \u003Cdiv  class=\u0022boton-expander\u0022\u003E\n        \n                  \u003Cdiv class=\u0022item-list\u0022\u003E\u003Cul\u003E\u003Cli\u003E\u003Ca href=\u0022\/ds-switch-view-mode\/node\/1479\/media_collapsed?selector=view-mode-media_expanded\u0022 class=\u0022use-ajax\u0022\u003E\u2191\u003C\/a\u003E\u003C\/li\u003E\u003C\/ul\u003E\u003C\/div\u003E\n      \n  \n    \u003C\/div\u003E\n\n\n  \u003C\/div\u003E\n\n  \u003Cdiv class=\u0022area-info group-middle\u0022\u003E\n    \n\u003Cdiv  class=\u0022inner\u0022\u003E\n          \n                          \u003Ch2  class=\u0022titulo\u0022 \u003E\n        Despiden a j\u00f3venes participantes del programa Delf\u00edn en Campus Mexicali\n\u003C\/h2\u003E\n      \n  \n\n    \n                          \u003Cdiv  class=\u0022resumen\u0022 \u003E\n      Concluyen satisfactoriamente su estad\u00eda de investigaci\u00f3n, 22 alumnos for\u00e1neos.\u003C\/div\u003E\n      \n  \n\n\n\u003Cdiv  class=\u0022datos\u0022\u003E\n            \u003Cdiv  class=\u0022autor\u0022\u003E\n            \u003Cdiv  class=\u0022field-label-inline\u0022\u003EPor\u003C\/div\u003E\n  \n                  \u003Ca href=\u0022\/autores\/maria-dolores-morales-moreno\u0022 hreflang=\u0022es\u0022\u003EMaria Dolores Morales Moreno\u003C\/a\u003E\n      \n  \n    \u003C\/div\u003E\n\n      \u003Cdiv  class=\u0022campus\u0022\u003E\n            \u003Cdiv  class=\u0022field-label-inline\u0022\u003ECampus\u003C\/div\u003E\n  \n                  \u003Ca href=\u0022\/campus\/mexicali\u0022 hreflang=\u0022es\u0022\u003EMexicali\u003C\/a\u003E\n      \n  \n    \u003C\/div\u003E\n\n    \n                          \u003Cdiv  class=\u0022fecha\u0022 \u003E\n      3 de Agosto de 2017\u003C\/div\u003E\n      \n  \n\n\n  \u003C\/div\u003E\n    \n                          \u003Cdiv  class=\u0022texto\u0022 \u003E\n      \u003Cp\u003ESe despidi\u00f3 en ameno desayuno a estudiantes provenientes de diversos estados del pa\u00eds que participaron en el Programa Interinstitucional para el Fortalecimiento de la Investigaci\u00f3n y Posgrado del Pacifico, Delf\u00edn 2017, que ofrece la UABC a trav\u00e9s del Departamento de Posgrado e Investigaci\u00f3n.\u003C\/p\u003E\n\n\u003Cp\u003EEl objetivo de este programa es fomentar la formaci\u00f3n intelectual y despertar en los j\u00f3venes de licenciatura de todas las \u00e1reas del conocimiento cient\u00edfico y tecnol\u00f3gico, el inter\u00e9s por la investigaci\u00f3n mediante una estancia acad\u00e9mica de siete semanas, donde son asesorados por investigadores nacionales e internacionales.\u003C\/p\u003E\n\n\u003Cp\u003EEl Vicerrector de la UABC Campus Mexicali, doctor \u00c1ngel Norzagaray Norzagaray, quien presidi\u00f3 el evento estuvo acompa\u00f1ado de la doctora Lourdes Monta\u00f1o P\u00e9rez, Jefa del Departamento de Posgrado e Investigaci\u00f3n.\u003C\/p\u003E\n\n\u003Cp\u003EEl doctor \u00c1ngel Norzagaray Norzagaray, agradeci\u00f3 a los estudiantes por haber elegido a la M\u00e1xima Casa de Estudios como sede para llevar a cabo este verano de investigaci\u00f3n.\u003C\/p\u003E\n\n\u003Cp\u003ETambi\u00e9n se cont\u00f3 con la presencia de los investigadores Miguel Cervantes Ram\u00edrez y Daniel Gonz\u00e1lez Mendoza del \u00e1rea de Biotecnolog\u00eda y Ciencias Agropecuarias; Roberto Burgue\u00f1o Romero y Ra\u00fal Rasc\u00f3n Carmona de Ingenier\u00eda Industrial; Ra\u00fal Balbuena Bello y Luis Moreno Moreno de Sociales y Econom\u00eda; \u00a0Sawako Ashima y Rafael Villa Angulo de Biolog\u00eda y Qu\u00edmica; Alicia Ramona Romero de Humanidades y Ciencias de la Conducta, quienes fungieron como asesores de investigaci\u00f3n.\u003C\/p\u003E\n\n\u003Cp\u003ECabe mencionar que el nivel de satisfacci\u00f3n educativa que gener\u00f3 la UABC hacia los alumnos visitantes es alto, ya que al compartir su experiencia coincidieron en que en cuestiones acad\u00e9micas lograron fortalecer sus conocimientos y enriquecer sus expectativas en cada una de sus \u00e1reas de investigaci\u00f3n.\u003C\/p\u003E\n\n\u003Cp\u003ELeticia Guti\u00e9rrez, estudiante de la Facultad de Medicina Veterinaria en la Universidad Aut\u00f3noma de Sinaloa y quien particip\u00f3 en el proyecto \u201cEstr\u00e9s por calor en porcinos\u201d en el Instituto de Ciencias Agr\u00edcolas, coment\u00f3 que este clima debe aprovecharse como referente de investigaci\u00f3n para conocer c\u00f3mo ayudar a los animales susceptibles a \u00e9l.\u003C\/p\u003E\n\n\u003Cp\u003EOtros de los proyectos en los que participaron los alumnos visitantes fue el denominado \u201cPozos t\u00e9rmicos para las cavas de vinos y el monitoreo t\u00e9rmico de viviendas\u201d, en el que se coment\u00f3 que los resultados arrojaron que no solamente influyen las materias primas de construcci\u00f3n, sino que tambi\u00e9n, el color que se utiliza en paredes y los muebles que se tienen dentro de la casa forman parte de los factores que afectan la temperatura.\u003C\/p\u003E\n\n\u003Cp\u003ELos estudiantes que se recibieron proven\u00edan de la Universidad de Guadalajara, la Universidad de Guerrero, la Universidad de Sinaloa, la Benem\u00e9rita Universidad de Puebla, el Polit\u00e9cnico Nacional, el Instituto Tecnol\u00f3gico de L\u00e1zaro C\u00e1rdenas Michoac\u00e1n, el Instituto Tecnol\u00f3gico de Tl\u00e1huac, el Instituto Tecnol\u00f3gico de Bah\u00eda de Banderas, la Universidad de Colima y la Universidad de Occidente, mismos que se retiraron de la UABC satisfechos de poder concluir sus temas de investigaci\u00f3n para posteriormente presentarlos en el D\u00e9cimo Segundo Congreso de Investigaci\u00f3n Educativa Internacional que se llevar\u00e1 a cabo en Nuevo Vallarta, Jalisco del 16 al 19 de agosto.\u003C\/p\u003E\u003C\/div\u003E\n      \n  \n\n    \n            \u003Cdiv  class=\u0022palabras-clave\u0022\u003E\n                        \u003Ca href=\u0022\/tags\/programa-delfin\u0022 hreflang=\u0022es\u0022\u003EPrograma Delf\u00edn\u003C\/a\u003E\n                \u003Ca href=\u0022\/tags\/investigacion\u0022 hreflang=\u0022es\u0022\u003EInvestigaci\u00f3n\u003C\/a\u003E\n                \u003Ca href=\u0022\/tags\/posgrado\u0022 hreflang=\u0022es\u0022\u003EPosgrado\u003C\/a\u003E\n                \u003Ca href=\u0022\/tags\/alumnos-visitantes\u0022 hreflang=\u0022es\u0022\u003EAlumnos Visitantes\u003C\/a\u003E\n      \n      \u003C\/div\u003E\n  \n\n\n  \u003C\/div\u003E\n\n  \u003C\/div\u003E\n\n  \u003Cdiv class=\u0022area-extras group-right\u0022\u003E\n        \n                          \u003Cdiv  class=\u0022enlace-blockBottom\u0022 \u003E\n      \u003Cdiv\u003EVer m\u00e1s \u003Ca href=\u0022http:\/\/gaceta.uabc.mx\/notas\u0022\u003ENotas\u003C\/a\u003E\u003C\/div\u003E\n\u003C\/div\u003E\n      \n  \n\n\n  \u003C\/div\u003E\n\n\u003C\/div\u003E\n\n","settings":null}]