[{"command":"settings","settings":{"pluralDelimiter":"\u0003","suppressDeprecationErrors":true,"ajaxPageState":{"libraries":"core\/drupal.ajax,core\/picturefill,ds\/ds_3col_equal_width","theme":"gaceta","theme_token":null},"ajaxTrustedUrl":[],"field_group":{"html_element":{"mode":"media_expanded","context":"view","settings":{"classes":"datos","show_empty_fields":false,"id":"","element":"div","show_label":false,"label_element":"h3","label_element_classes":"","attributes":"","effect":"none","speed":"fast"}}},"user":{"uid":0,"permissionsHash":"55dc977d165ab1e05e51b6cc6487f6d73e65ab536d99ee82c6990d9001d5c21c"}},"merge":true},{"command":"add_css","data":"\u003Clink rel=\u0022stylesheet\u0022 media=\u0022all\u0022 href=\u0022\/sites\/default\/files\/css\/css_mxJrjoKKAZuuB4_4f-B1u9VnFZxvSor3Az4JEdrFEso.css\u0022 \/\u003E\n\u003Clink rel=\u0022stylesheet\u0022 media=\u0022all\u0022 href=\u0022\/sites\/default\/files\/css\/css_-BXSGQpS8YTwwuXGbPoshUvZ7W-_HbYR3H7d0DA_mEY.css\u0022 \/\u003E\n\u003Clink rel=\u0022stylesheet\u0022 media=\u0022all\u0022 href=\u0022\/sites\/default\/files\/css\/css_89YreTu0npezhXSakRJR9TVHyBS9bTcyt0s3IckAe-M.css\u0022 \/\u003E\n"},{"command":"add_js","selector":"body","data":[{"src":"\/sites\/default\/files\/js\/js_9UaAhXvc9u0KYXXUw-OKyLP2baQxdV4zY3Y_KGurcvY.js"},{"src":"\/sites\/default\/files\/js\/js_oDJxUBLBzfRb_FDgNfkNOm9-tiatS2kNfxQIeVRZA7Y.js"},{"src":"\/sites\/default\/files\/js\/js_YM82KRuzNIr2X-Kb8pQW8cOcSbWgQ_QGKclTYJ_aMlI.js"},{"src":"\/sites\/default\/files\/js\/js_pqqsPPmPmxKgamY6qk_WSawtL05XH_yAY8GkPHVyahI.js"}]},{"command":"insert","method":"replaceWith","selector":".view-mode-full","data":"\u003Cdiv data-history-node-id=\u002215036\u0022 class=\u0022contenido view-mode-media_expanded ds-3col-equal clearfix\u0022\u003E\n\n  \n\n  \u003Cdiv class=\u0022area-medios group-left\u0022\u003E\n        \n                          \u003Cdiv  class=\u0022imagen\u0022 \u003E\n          \u003Cpicture\u003E\n                  \u003Csource srcset=\u0022\/sites\/default\/files\/styles\/max_650x650\/public\/2019-09\/Se%20llev%C3%B3%20a%20cabo%20tercera%20etapa%20del%20Serial%20Atl%C3%A9tico%20UABC01.webp?itok=m8YxF4Xb 650w, \/sites\/default\/files\/styles\/max_1300x1300\/public\/2019-09\/Se%20llev%C3%B3%20a%20cabo%20tercera%20etapa%20del%20Serial%20Atl%C3%A9tico%20UABC01.webp?itok=PYOlU-kF 1300w, \/sites\/default\/files\/styles\/max_1900x1900\/public\/2019-09\/Se%20llev%C3%B3%20a%20cabo%20tercera%20etapa%20del%20Serial%20Atl%C3%A9tico%20UABC01.webp?itok=wTs47pjH 1900w\u0022 type=\u0022image\/webp\u0022 sizes=\u0022100vw\u0022\/\u003E\n              \u003Csource srcset=\u0022\/sites\/default\/files\/styles\/max_650x650\/public\/2019-09\/Se%20llev%C3%B3%20a%20cabo%20tercera%20etapa%20del%20Serial%20Atl%C3%A9tico%20UABC01.JPG?itok=m8YxF4Xb 650w, \/sites\/default\/files\/styles\/max_1300x1300\/public\/2019-09\/Se%20llev%C3%B3%20a%20cabo%20tercera%20etapa%20del%20Serial%20Atl%C3%A9tico%20UABC01.JPG?itok=PYOlU-kF 1300w, \/sites\/default\/files\/styles\/max_1900x1900\/public\/2019-09\/Se%20llev%C3%B3%20a%20cabo%20tercera%20etapa%20del%20Serial%20Atl%C3%A9tico%20UABC01.JPG?itok=wTs47pjH 1900w\u0022 type=\u0022image\/jpeg\u0022 sizes=\u0022100vw\u0022\/\u003E\n                  \u003Cimg srcset=\u0022\/sites\/default\/files\/styles\/max_650x650\/public\/2019-09\/Se%20llev%C3%B3%20a%20cabo%20tercera%20etapa%20del%20Serial%20Atl%C3%A9tico%20UABC01.JPG?itok=m8YxF4Xb 650w, \/sites\/default\/files\/styles\/max_1300x1300\/public\/2019-09\/Se%20llev%C3%B3%20a%20cabo%20tercera%20etapa%20del%20Serial%20Atl%C3%A9tico%20UABC01.JPG?itok=PYOlU-kF 1300w, \/sites\/default\/files\/styles\/max_1900x1900\/public\/2019-09\/Se%20llev%C3%B3%20a%20cabo%20tercera%20etapa%20del%20Serial%20Atl%C3%A9tico%20UABC01.JPG?itok=wTs47pjH 1900w\u0022 sizes=\u0022100vw\u0022 src=\u0022\/sites\/default\/files\/styles\/max_1300x1300\/public\/2019-09\/Se%20llev%C3%B3%20a%20cabo%20tercera%20etapa%20del%20Serial%20Atl%C3%A9tico%20UABC01.JPG?itok=PYOlU-kF\u0022 alt=\u0022\u0022 typeof=\u0022foaf:Image\u0022 class=\u0022img-fluid\u0022 \/\u003E\n\n  \u003C\/picture\u003E\n\n\u003C\/div\u003E\n      \n  \n\n      \u003Cdiv  class=\u0022boton-expander\u0022\u003E\n        \n                  \u003Cdiv class=\u0022item-list\u0022\u003E\u003Cul\u003E\u003Cli\u003E\u003Ca href=\u0022\/ds-switch-view-mode\/node\/15036\/media_collapsed?selector=view-mode-media_expanded\u0022 class=\u0022use-ajax\u0022\u003E\u2191\u003C\/a\u003E\u003C\/li\u003E\u003C\/ul\u003E\u003C\/div\u003E\n      \n  \n    \u003C\/div\u003E\n\n\n  \u003C\/div\u003E\n\n  \u003Cdiv class=\u0022area-info group-middle\u0022\u003E\n    \n\u003Cdiv  class=\u0022inner\u0022\u003E\n          \n                          \u003Ch2  class=\u0022titulo\u0022 \u003E\n        Se llev\u00f3 a cabo tercera etapa del Serial Atl\u00e9tico UABC\n\u003C\/h2\u003E\n      \n  \n\n    \n                          \u003Cdiv  class=\u0022resumen\u0022 \u003E\n      Participan cerca de 1,200 competidores\u003Cbr \/\u003E\r\n\u003C\/div\u003E\n      \n  \n\n\n\u003Cdiv  class=\u0022datos\u0022\u003E\n            \u003Cdiv  class=\u0022autor\u0022\u003E\n            \u003Cdiv  class=\u0022field-label-inline\u0022\u003EPor\u003C\/div\u003E\n  \n                  \u003Ca href=\u0022\/autores\/vasthy-raquel-mejia-negrete\u0022 hreflang=\u0022es\u0022\u003EVasthy Raquel Mej\u00eda Negrete\u003C\/a\u003E\n      \n  \n    \u003C\/div\u003E\n\n      \u003Cdiv  class=\u0022campus\u0022\u003E\n            \u003Cdiv  class=\u0022field-label-inline\u0022\u003ECampus\u003C\/div\u003E\n  \n                  \u003Ca href=\u0022\/campus\/tijuana\u0022 hreflang=\u0022es\u0022\u003ETijuana\u003C\/a\u003E\n      \n  \n    \u003C\/div\u003E\n\n    \n                          \u003Cdiv  class=\u0022fecha\u0022 \u003E\n      17 de Septiembre de 2019\u003C\/div\u003E\n      \n  \n\n\n  \u003C\/div\u003E\n    \n                          \u003Cdiv  class=\u0022texto\u0022 \u003E\n      \u003Cp dir=\u0022ltr\u0022\u003ECon la participaci\u00f3n de alrededor de 1,200 corredores se llev\u00f3 a cabo la tercera etapa del Serial Atl\u00e9tico UABC 5KM, en la Facultad de Deportes.\u003C\/p\u003E\n\n\u003Cp dir=\u0022ltr\u0022\u003ELas actividades iniciaron con la venta de n\u00fameros para quienes todav\u00eda no hab\u00edan adquirido el suyo. Compitieron corredores de todas las edades e incluso mascotas que tambi\u00e9n realizaron el recorrido de cinco kil\u00f3metros.\u00a0\u003C\/p\u003E\n\n\u003Cp dir=\u0022ltr\u0022\u003EDespu\u00e9s se realiz\u00f3 el calentamiento para despu\u00e9s dar paso al inicio de la carrera., cuyo disparo de salida estuvo a cargo del doctor Sergio Vald\u00e9s Pasar\u00f3n, Jefe del Departamento de Investigaci\u00f3n y Posgrado, en representaci\u00f3n de la maestra Edith Montiel Ayala, vicerrectora del Campus Tijuana.\u003C\/p\u003E\n\n\u003Cp dir=\u0022ltr\u0022\u003EEn la rama femenil los mejores diez tiempos los hicieron: Mary Akor, con 21\u00b408\u201d; Arlem Garc\u00eda,\u00a0 21\u00b442\u0022; Berenice del Cid, 22\u00b410\u0022; Aide\u00e9 Estrella, 22\u00b441\u0022; Karina Ram\u00edrez, 22\u00b448\u0022; Lizeth Sandoval, 23\u00b437\u0022; Carmen Barrag\u00e1n, 23\u00b446\u0022; Isabel L\u00f3pez, 25\u00b409\u0022; Patricia Fuentes, 25\u00b410\u0022; y Nohem\u00ed Montoya, 25\u00b434\u0022.\u00a0 Mientras que en la rama varonil fueron para: Miguel \u00c1ngel Valle, con 17\u00b419\u0022; Cristopher Bustos, 17\u00b434\u0022; Rub\u00e9n Rodr\u00edguez, 17\u00b443\u0022; Luis \u00c1ngel Rodr\u00edguez, 17\u00b448\u0022; V\u00edctor Hern\u00e1ndez, 18\u00b418\u0022; Luis Ricardo Acosta, 18\u00b454\u0022; Leonel Flores 19\u00b404\u0022; Galindo G\u00f3mez, 19\u00b412\u0022; Jos\u00e9 Padilla, 19\u00b428\u0022; Kevin Aranda, 19\u00b434\u0022.\u003C\/p\u003E\n\n\u003Cp dir=\u0022ltr\u0022\u003EA todos los corredores que cruzaron la meta se les hizo entrega de su tercer medalla de este Serial Atl\u00e9tico, con lo que ya s\u00f3lo faltar\u00e1 una medalla m\u00e1s para completar el rompecabezas, la cual se entregar\u00e1 a quienes asistan a la cuarta y \u00faltima carrera del Serial Atl\u00e9tico UABC 2019, el domingo 8 de diciembre. En las pr\u00f3ximas semanas se les estar\u00e1 informando a trav\u00e9s de la p\u00e1gina de Facebook Facultad de Deportes Tijuana, a partir de qu\u00e9 fecha estar\u00e1n los n\u00fameros a la venta para la cuarta etapa, as\u00ed como\u00a0 tambi\u00e9n se informar\u00e1 sobre una carrera m\u00e1s que se realizar\u00e1 en octubre para quienes no pudieron asistir a una de las anteriores y as\u00ed puedan tener todas sus medallas.\u003C\/p\u003E\n\n\u003Cp dir=\u0022ltr\u0022\u003EEsta tercera etapa del Serial Atl\u00e9tico UABC 5KM result\u00f3 todo un \u00e9xito gracias, como siempre, al trabajo realizado en equipo, en el que colaboraron autoridades universitarias, docentes, integrantes de la Sociedad de Alumnos, promotores, staff\u00a0 y, por supuesto, al apoyo de los patrocinadores y la gran respuesta por parte de la comunidad universitaria y sociedad en general que acudi\u00f3 a este evento.\u003C\/p\u003E\n\n\u003Cp\u003E\u00a0\u003C\/p\u003E\u003C\/div\u003E\n      \n  \n\n    \n            \u003Cdiv  class=\u0022palabras-clave\u0022\u003E\n                        \u003Ca href=\u0022\/tags\/carrera-atletica\u0022 hreflang=\u0022es\u0022\u003ECarrera Atl\u00e9tica\u003C\/a\u003E\n                \u003Ca href=\u0022\/tags\/deportes\u0022 hreflang=\u0022es\u0022\u003EDeportes\u003C\/a\u003E\n                \u003Ca href=\u0022\/tags\/serial-atletico-0\u0022 hreflang=\u0022es\u0022\u003Eserial atl\u00e9tico\u003C\/a\u003E\n      \n      \u003C\/div\u003E\n  \n\n\n  \u003C\/div\u003E\n\n  \u003C\/div\u003E\n\n  \u003Cdiv class=\u0022area-extras group-right\u0022\u003E\n        \n                          \u003Cdiv  class=\u0022enlace-blockBottom\u0022 \u003E\n      \u003Cdiv\u003EVer m\u00e1s \u003Ca href=\u0022http:\/\/gaceta.uabc.mx\/notas\u0022\u003ENotas\u003C\/a\u003E\u003C\/div\u003E\n\u003C\/div\u003E\n      \n  \n\n\n  \u003C\/div\u003E\n\n\u003C\/div\u003E\n\n","settings":null}]