[{"command":"settings","settings":{"pluralDelimiter":"\u0003","suppressDeprecationErrors":true,"ajaxPageState":{"libraries":"core\/drupal.ajax,core\/picturefill,ds\/ds_3col_equal_width","theme":"gaceta","theme_token":null},"ajaxTrustedUrl":[],"field_group":{"html_element":{"mode":"media_expanded","context":"view","settings":{"classes":"datos","show_empty_fields":false,"id":"","element":"div","show_label":false,"label_element":"h3","label_element_classes":"","attributes":"","effect":"none","speed":"fast"}}},"user":{"uid":0,"permissionsHash":"55dc977d165ab1e05e51b6cc6487f6d73e65ab536d99ee82c6990d9001d5c21c"}},"merge":true},{"command":"add_css","data":"\u003Clink rel=\u0022stylesheet\u0022 media=\u0022all\u0022 href=\u0022\/sites\/default\/files\/css\/css_mxJrjoKKAZuuB4_4f-B1u9VnFZxvSor3Az4JEdrFEso.css\u0022 \/\u003E\n\u003Clink rel=\u0022stylesheet\u0022 media=\u0022all\u0022 href=\u0022\/sites\/default\/files\/css\/css_-BXSGQpS8YTwwuXGbPoshUvZ7W-_HbYR3H7d0DA_mEY.css\u0022 \/\u003E\n\u003Clink rel=\u0022stylesheet\u0022 media=\u0022all\u0022 href=\u0022\/sites\/default\/files\/css\/css_89YreTu0npezhXSakRJR9TVHyBS9bTcyt0s3IckAe-M.css\u0022 \/\u003E\n"},{"command":"add_js","selector":"body","data":[{"src":"\/sites\/default\/files\/js\/js_9UaAhXvc9u0KYXXUw-OKyLP2baQxdV4zY3Y_KGurcvY.js"},{"src":"\/sites\/default\/files\/js\/js_oDJxUBLBzfRb_FDgNfkNOm9-tiatS2kNfxQIeVRZA7Y.js"},{"src":"\/sites\/default\/files\/js\/js_YM82KRuzNIr2X-Kb8pQW8cOcSbWgQ_QGKclTYJ_aMlI.js"},{"src":"\/sites\/default\/files\/js\/js_pqqsPPmPmxKgamY6qk_WSawtL05XH_yAY8GkPHVyahI.js"}]},{"command":"insert","method":"replaceWith","selector":".view-mode-full","data":"\u003Cdiv data-history-node-id=\u002215106\u0022 class=\u0022contenido view-mode-media_expanded ds-3col-equal clearfix\u0022\u003E\n\n  \n\n  \u003Cdiv class=\u0022area-medios group-left\u0022\u003E\n        \n                          \u003Cdiv  class=\u0022imagen\u0022 \u003E\n          \u003Cpicture\u003E\n                  \u003Csource srcset=\u0022\/sites\/default\/files\/styles\/max_650x650\/public\/2019-09\/Se%20avecinan%20los%20Relevos%20Mixtos%20Nocturnos.webp?itok=AXXqWN9l 650w, \/sites\/default\/files\/styles\/max_1300x1300\/public\/2019-09\/Se%20avecinan%20los%20Relevos%20Mixtos%20Nocturnos.webp?itok=MFJvW7Ni 1300w, \/sites\/default\/files\/styles\/max_1900x1900\/public\/2019-09\/Se%20avecinan%20los%20Relevos%20Mixtos%20Nocturnos.webp?itok=cLBkP-If 1900w\u0022 type=\u0022image\/webp\u0022 sizes=\u0022100vw\u0022\/\u003E\n              \u003Csource srcset=\u0022\/sites\/default\/files\/styles\/max_650x650\/public\/2019-09\/Se%20avecinan%20los%20Relevos%20Mixtos%20Nocturnos.jpg?itok=AXXqWN9l 650w, \/sites\/default\/files\/styles\/max_1300x1300\/public\/2019-09\/Se%20avecinan%20los%20Relevos%20Mixtos%20Nocturnos.jpg?itok=MFJvW7Ni 1300w, \/sites\/default\/files\/styles\/max_1900x1900\/public\/2019-09\/Se%20avecinan%20los%20Relevos%20Mixtos%20Nocturnos.jpg?itok=cLBkP-If 1900w\u0022 type=\u0022image\/jpeg\u0022 sizes=\u0022100vw\u0022\/\u003E\n                  \u003Cimg srcset=\u0022\/sites\/default\/files\/styles\/max_650x650\/public\/2019-09\/Se%20avecinan%20los%20Relevos%20Mixtos%20Nocturnos.jpg?itok=AXXqWN9l 650w, \/sites\/default\/files\/styles\/max_1300x1300\/public\/2019-09\/Se%20avecinan%20los%20Relevos%20Mixtos%20Nocturnos.jpg?itok=MFJvW7Ni 1300w, \/sites\/default\/files\/styles\/max_1900x1900\/public\/2019-09\/Se%20avecinan%20los%20Relevos%20Mixtos%20Nocturnos.jpg?itok=cLBkP-If 1900w\u0022 sizes=\u0022100vw\u0022 src=\u0022\/sites\/default\/files\/styles\/max_1300x1300\/public\/2019-09\/Se%20avecinan%20los%20Relevos%20Mixtos%20Nocturnos.jpg?itok=MFJvW7Ni\u0022 alt=\u0022relevos mixtos nocturnos mexicali\u0022 typeof=\u0022foaf:Image\u0022 class=\u0022img-fluid\u0022 \/\u003E\n\n  \u003C\/picture\u003E\n\n\u003C\/div\u003E\n      \n  \n\n      \u003Cdiv  class=\u0022boton-expander\u0022\u003E\n        \n                  \u003Cdiv class=\u0022item-list\u0022\u003E\u003Cul\u003E\u003Cli\u003E\u003Ca href=\u0022\/ds-switch-view-mode\/node\/15106\/media_collapsed?selector=view-mode-media_expanded\u0022 class=\u0022use-ajax\u0022\u003E\u2191\u003C\/a\u003E\u003C\/li\u003E\u003C\/ul\u003E\u003C\/div\u003E\n      \n  \n    \u003C\/div\u003E\n\n\n  \u003C\/div\u003E\n\n  \u003Cdiv class=\u0022area-info group-middle\u0022\u003E\n    \n\u003Cdiv  class=\u0022inner\u0022\u003E\n          \n                          \u003Ch2  class=\u0022titulo\u0022 \u003E\n        Se avecinan los relevos mixtos nocturnos\n\u003C\/h2\u003E\n      \n  \n\n    \n                          \u003Cdiv  class=\u0022resumen\u0022 \u003E\n      Las inscripciones son gratuitas y cerrar\u00e1n el 24 de octubre.\u003C\/div\u003E\n      \n  \n\n\n\u003Cdiv  class=\u0022datos\u0022\u003E\n            \u003Cdiv  class=\u0022autor\u0022\u003E\n            \u003Cdiv  class=\u0022field-label-inline\u0022\u003EPor\u003C\/div\u003E\n  \n                  \u003Ca href=\u0022\/autores\/alejandrina-mendoza-rivera\u0022 hreflang=\u0022es\u0022\u003EAlejandrina Mendoza Rivera\u003C\/a\u003E\n      \n  \n    \u003C\/div\u003E\n\n      \u003Cdiv  class=\u0022campus\u0022\u003E\n            \u003Cdiv  class=\u0022field-label-inline\u0022\u003ECampus\u003C\/div\u003E\n  \n                  \u003Ca href=\u0022\/campus\/mexicali\u0022 hreflang=\u0022es\u0022\u003EMexicali\u003C\/a\u003E\n      \n  \n    \u003C\/div\u003E\n\n    \n                          \u003Cdiv  class=\u0022fecha\u0022 \u003E\n      25 de Septiembre de 2019\u003C\/div\u003E\n      \n  \n\n\n  \u003C\/div\u003E\n    \n                          \u003Cdiv  class=\u0022texto\u0022 \u003E\n      \u003Cp dir=\u0022ltr\u0022\u003EComo ya es tradici\u00f3n, la Universidad Aut\u00f3noma de Baja California a trav\u00e9s de la Facultad de Deportes y la Coordinaci\u00f3n Estatal de Actividad F\u00edsica y Deporte invita a la comunidad atl\u00e9tica, escuelas, clubes, instituciones privadas y atletas en general a participar en los Relevos Mixtos Nocturnos UABC 2019 \u201cED. Jos\u00e9 Humberto Jacquez Valles\u201d.\u003C\/p\u003E\n\n\u003Cp dir=\u0022ltr\u0022\u003EEl evento se llevar\u00e1 a cabo en la ciudad de Mexicali, Baja California el viernes 25 de octubre a las 16:00 horas, con sede en la Pista Atl\u00e9tica de la unidad deportiva universitaria.\u00a0\u003C\/p\u003E\n\n\u003Cp dir=\u0022ltr\u0022\u003ELa convocatoria se encuentra abierta para las ramas varonil y femenil, especial infantil de 12 a 15 a\u00f1os, novatos universitarios y todos aquellos atletas de instituciones educativas y clubes de la regi\u00f3n noroeste de M\u00e9xico.\u00a0 Las inscripciones ser\u00e1n totalmente gratuitas, cerr\u00e1ndose el jueves 24 de octubre por medio del correo electr\u00f3nico \u003Ca href=\u0022mailto:atletismouabcmxl@uabc.edu.mx\u0022\u003Eatletismouabcmxl@uabc.edu.mx\u003C\/a\u003E.\u00a0\u003C\/p\u003E\n\n\u003Cp dir=\u0022ltr\u0022\u003ESe participar\u00e1 en los relevos de velocidad 100, 200, 300 y 400 metros, 4x200 metros mixto, relevos de medio fondo 400, 800, 1200 y 1600 metros, as\u00ed como las pruebas especiales 4x 100 infantil, 4x 100 universitarios, 60 metros planes, 300 metros planos, adem\u00e1s de pruebas de campo; salto de longitud, lanzamiento de disco, lanzamiento de jabalina y lanzamiento de martillo.\u00a0\u003C\/p\u003E\u003C\/div\u003E\n      \n  \n\n    \n            \u003Cdiv  class=\u0022palabras-clave\u0022\u003E\n                        \u003Ca href=\u0022\/tags\/relevos\u0022 hreflang=\u0022es\u0022\u003ERelevos\u003C\/a\u003E\n                \u003Ca href=\u0022\/tags\/atletismo\u0022 hreflang=\u0022es\u0022\u003EAtletismo\u003C\/a\u003E\n                \u003Ca href=\u0022\/tags\/deporte\u0022 hreflang=\u0022es\u0022\u003Edeporte\u003C\/a\u003E\n      \n      \u003C\/div\u003E\n  \n\n\n  \u003C\/div\u003E\n\n  \u003C\/div\u003E\n\n  \u003Cdiv class=\u0022area-extras group-right\u0022\u003E\n        \n                          \u003Cdiv  class=\u0022enlace-blockBottom\u0022 \u003E\n      \u003Cdiv\u003EVer m\u00e1s \u003Ca href=\u0022http:\/\/gaceta.uabc.mx\/notas\u0022\u003ENotas\u003C\/a\u003E\u003C\/div\u003E\n\u003C\/div\u003E\n      \n  \n\n\n  \u003C\/div\u003E\n\n\u003C\/div\u003E\n\n","settings":null}]