[{"command":"settings","settings":{"pluralDelimiter":"\u0003","suppressDeprecationErrors":true,"ajaxPageState":{"libraries":"core\/drupal.ajax,core\/picturefill,ds\/ds_3col_equal_width","theme":"gaceta","theme_token":null},"ajaxTrustedUrl":[],"field_group":{"html_element":{"mode":"media_expanded","context":"view","settings":{"classes":"datos","show_empty_fields":false,"id":"","element":"div","show_label":false,"label_element":"h3","label_element_classes":"","attributes":"","effect":"none","speed":"fast"}}},"user":{"uid":0,"permissionsHash":"55dc977d165ab1e05e51b6cc6487f6d73e65ab536d99ee82c6990d9001d5c21c"}},"merge":true},{"command":"add_css","data":"\u003Clink rel=\u0022stylesheet\u0022 media=\u0022all\u0022 href=\u0022\/sites\/default\/files\/css\/css_mxJrjoKKAZuuB4_4f-B1u9VnFZxvSor3Az4JEdrFEso.css\u0022 \/\u003E\n\u003Clink rel=\u0022stylesheet\u0022 media=\u0022all\u0022 href=\u0022\/sites\/default\/files\/css\/css_-BXSGQpS8YTwwuXGbPoshUvZ7W-_HbYR3H7d0DA_mEY.css\u0022 \/\u003E\n\u003Clink rel=\u0022stylesheet\u0022 media=\u0022all\u0022 href=\u0022\/sites\/default\/files\/css\/css_89YreTu0npezhXSakRJR9TVHyBS9bTcyt0s3IckAe-M.css\u0022 \/\u003E\n"},{"command":"add_js","selector":"body","data":[{"src":"\/sites\/default\/files\/js\/js_9UaAhXvc9u0KYXXUw-OKyLP2baQxdV4zY3Y_KGurcvY.js"},{"src":"\/sites\/default\/files\/js\/js_oDJxUBLBzfRb_FDgNfkNOm9-tiatS2kNfxQIeVRZA7Y.js"},{"src":"\/sites\/default\/files\/js\/js_YM82KRuzNIr2X-Kb8pQW8cOcSbWgQ_QGKclTYJ_aMlI.js"},{"src":"\/sites\/default\/files\/js\/js_pqqsPPmPmxKgamY6qk_WSawtL05XH_yAY8GkPHVyahI.js"}]},{"command":"insert","method":"replaceWith","selector":".view-mode-full","data":"\u003Cdiv data-history-node-id=\u002215392\u0022 class=\u0022contenido view-mode-media_expanded ds-3col-equal clearfix\u0022\u003E\n\n  \n\n  \u003Cdiv class=\u0022area-medios group-left\u0022\u003E\n        \n                          \u003Cdiv  class=\u0022imagen\u0022 \u003E\n          \u003Cpicture\u003E\n                  \u003Csource srcset=\u0022\/sites\/default\/files\/styles\/max_650x650\/public\/2019-11\/Muestran%20danza%20en%20el%20IIC-Museo01.webp?itok=P-R8ioVz 650w, \/sites\/default\/files\/styles\/max_1300x1300\/public\/2019-11\/Muestran%20danza%20en%20el%20IIC-Museo01.webp?itok=FXD7t5Eo 1300w, \/sites\/default\/files\/styles\/max_1900x1900\/public\/2019-11\/Muestran%20danza%20en%20el%20IIC-Museo01.webp?itok=iCPy8nxM 1900w\u0022 type=\u0022image\/webp\u0022 sizes=\u0022100vw\u0022\/\u003E\n              \u003Csource srcset=\u0022\/sites\/default\/files\/styles\/max_650x650\/public\/2019-11\/Muestran%20danza%20en%20el%20IIC-Museo01.jpg?itok=P-R8ioVz 650w, \/sites\/default\/files\/styles\/max_1300x1300\/public\/2019-11\/Muestran%20danza%20en%20el%20IIC-Museo01.jpg?itok=FXD7t5Eo 1300w, \/sites\/default\/files\/styles\/max_1900x1900\/public\/2019-11\/Muestran%20danza%20en%20el%20IIC-Museo01.jpg?itok=iCPy8nxM 1900w\u0022 type=\u0022image\/jpeg\u0022 sizes=\u0022100vw\u0022\/\u003E\n                  \u003Cimg srcset=\u0022\/sites\/default\/files\/styles\/max_650x650\/public\/2019-11\/Muestran%20danza%20en%20el%20IIC-Museo01.jpg?itok=P-R8ioVz 650w, \/sites\/default\/files\/styles\/max_1300x1300\/public\/2019-11\/Muestran%20danza%20en%20el%20IIC-Museo01.jpg?itok=FXD7t5Eo 1300w, \/sites\/default\/files\/styles\/max_1900x1900\/public\/2019-11\/Muestran%20danza%20en%20el%20IIC-Museo01.jpg?itok=iCPy8nxM 1900w\u0022 sizes=\u0022100vw\u0022 src=\u0022\/sites\/default\/files\/styles\/max_1300x1300\/public\/2019-11\/Muestran%20danza%20en%20el%20IIC-Museo01.jpg?itok=FXD7t5Eo\u0022 alt=\u0022danza_museo_presentaci\u00f3n art\u00edstica_lux boreal\u0022 typeof=\u0022foaf:Image\u0022 class=\u0022img-fluid\u0022 \/\u003E\n\n  \u003C\/picture\u003E\n\n\u003C\/div\u003E\n      \n  \n\n      \u003Cdiv  class=\u0022boton-expander\u0022\u003E\n        \n                  \u003Cdiv class=\u0022item-list\u0022\u003E\u003Cul\u003E\u003Cli\u003E\u003Ca href=\u0022\/ds-switch-view-mode\/node\/15392\/media_collapsed?selector=view-mode-media_expanded\u0022 class=\u0022use-ajax\u0022\u003E\u2191\u003C\/a\u003E\u003C\/li\u003E\u003C\/ul\u003E\u003C\/div\u003E\n      \n  \n    \u003C\/div\u003E\n\n\n  \u003C\/div\u003E\n\n  \u003Cdiv class=\u0022area-info group-middle\u0022\u003E\n    \n\u003Cdiv  class=\u0022inner\u0022\u003E\n          \n                          \u003Ch2  class=\u0022titulo\u0022 \u003E\n        Muestran danza en el IIC-Museo\n\u003C\/h2\u003E\n      \n  \n\n    \n                          \u003Cdiv  class=\u0022resumen\u0022 \u003E\n      Lux Boreal  presenta \u0026quot;Intermitente\u0026quot;\u003Cbr \/\u003E\r\n\u003C\/div\u003E\n      \n  \n\n\n\u003Cdiv  class=\u0022datos\u0022\u003E\n            \u003Cdiv  class=\u0022autor\u0022\u003E\n            \u003Cdiv  class=\u0022field-label-inline\u0022\u003EPor\u003C\/div\u003E\n  \n                  \u003Ca href=\u0022\/autores\/keren-ariana-juarez-granados\u0022 hreflang=\u0022es\u0022\u003EKeren Ariana Juarez Granados\u003C\/a\u003E\n      \n  \n    \u003C\/div\u003E\n\n      \u003Cdiv  class=\u0022campus\u0022\u003E\n            \u003Cdiv  class=\u0022field-label-inline\u0022\u003ECampus\u003C\/div\u003E\n  \n                  \u003Ca href=\u0022\/campus\/mexicali\u0022 hreflang=\u0022es\u0022\u003EMexicali\u003C\/a\u003E\n      \n  \n    \u003C\/div\u003E\n\n    \n                          \u003Cdiv  class=\u0022fecha\u0022 \u003E\n      5 de Noviembre de 2019\u003C\/div\u003E\n      \n  \n\n\n  \u003C\/div\u003E\n    \n                          \u003Cdiv  class=\u0022texto\u0022 \u003E\n      \u003Cp dir=\u0022ltr\u0022\u003EContin\u00faa la celebraci\u00f3n del 42 aniversario del Instituto de Investigaciones Culturales Museo (IIC-Museo) con la presentaci\u00f3n de danza \u201cIntermitente\u201d de Lux Boreal.\u00a0\u003C\/p\u003E\n\n\u003Cp dir=\u0022ltr\u0022\u003ELux Boreal, cuyo significado es \u201cluz del norte\u201d es una compa\u00f1\u00eda de danza contempor\u00e1nea que surgi\u00f3 en 2002 con la colaboraci\u00f3n de los bailarines Henry Torres y \u00c1ngel Ar\u00e1mbula en Tijuana, Baja California.\u00a0\u003C\/p\u003E\n\n\u003Cp dir=\u0022ltr\u0022\u003EActualmente, esta compa\u00f1\u00eda art\u00edstica est\u00e1 conformada por algunos docentes de danza y cuenta con el apoyo de instituciones gubernamentales de cultura como la Secretar\u00eda de Cultura de M\u00e9xico y la Casa de la Cultura de Tijuana, en la cual se encuentra su sede.\u00a0\u003C\/p\u003E\n\n\u003Cp dir=\u0022ltr\u0022\u003ECon una amplia experiencia de participaci\u00f3n en festivales nacionales e internacionales, los bailarines docentes realizaron la puesta en escena de \u201cIntermitente\u201d en las instalaciones del IIC- Museo; Matthew Armstrong, Ra\u00fal Navarro, Pamela Mac\u00edas, Ilse Meza y Melissa Padilla.\u00a0\u003C\/p\u003E\n\n\u003Cp dir=\u0022ltr\u0022\u003EDurante la puesta en escena, a trav\u00e9s de un recorrido por las instalaciones del IIC-Museo los asistentes pudieron apreciar seis coreograf\u00edas, tanto solos como grupales, las cuales se presentaron en un formato de 4x4, el cual consiste en bailar en un cuadrado de madera y algunas de las piezas fueron: \u201cAgua linda\u201d \u201cNuestro secreto\u201d \u201cSue\u00f1os delirantes\u201d y \u201cLa \u00faltima y nos vamos\u201d.\u00a0\u003C\/p\u003E\n\n\u003Cp dir=\u0022ltr\u0022\u003EEn un intermedio de la obra de danza, el codirector Henry Torres agradeci\u00f3 a las personas por su asistencia y al personal del IIC-Museo por fomentar la danza y la cultura en la comunidad.\u00a0\u003C\/p\u003E\n\n\u003Cp dir=\u0022ltr\u0022\u003EFoto: Teresa Rodr\u00edguez\u003C\/p\u003E\u003C\/div\u003E\n      \n  \n\n    \n            \u003Cdiv  class=\u0022palabras-clave\u0022\u003E\n                        \u003Ca href=\u0022\/tags\/danza\u0022 hreflang=\u0022es\u0022\u003EDanza\u003C\/a\u003E\n                \u003Ca href=\u0022\/tags\/presentacion-artistica\u0022 hreflang=\u0022es\u0022\u003Epresentaci\u00f3n art\u00edstica\u003C\/a\u003E\n                \u003Ca href=\u0022\/tags\/museo-uabc\u0022 hreflang=\u0022es\u0022\u003EMuseo UABC\u003C\/a\u003E\n                \u003Ca href=\u0022\/tags\/lux-boreal\u0022 hreflang=\u0022es\u0022\u003ELux Boreal\u003C\/a\u003E\n      \n      \u003C\/div\u003E\n  \n\n\n  \u003C\/div\u003E\n\n  \u003C\/div\u003E\n\n  \u003Cdiv class=\u0022area-extras group-right\u0022\u003E\n        \n                          \u003Cdiv  class=\u0022enlace-blockBottom\u0022 \u003E\n      \u003Cdiv\u003EVer m\u00e1s \u003Ca href=\u0022http:\/\/gaceta.uabc.mx\/notas\u0022\u003ENotas\u003C\/a\u003E\u003C\/div\u003E\n\u003C\/div\u003E\n      \n  \n\n\n  \u003C\/div\u003E\n\n\u003C\/div\u003E\n\n","settings":null}]