[{"command":"settings","settings":{"pluralDelimiter":"\u0003","suppressDeprecationErrors":true,"ajaxPageState":{"libraries":"core\/drupal.ajax,core\/picturefill,ds\/ds_3col_equal_width","theme":"gaceta","theme_token":null},"ajaxTrustedUrl":[],"field_group":{"html_element":{"mode":"media_expanded","context":"view","settings":{"classes":"datos","show_empty_fields":false,"id":"","element":"div","show_label":false,"label_element":"h3","label_element_classes":"","attributes":"","effect":"none","speed":"fast"}}},"user":{"uid":0,"permissionsHash":"55dc977d165ab1e05e51b6cc6487f6d73e65ab536d99ee82c6990d9001d5c21c"}},"merge":true},{"command":"add_css","data":"\u003Clink rel=\u0022stylesheet\u0022 media=\u0022all\u0022 href=\u0022\/sites\/default\/files\/css\/css_mxJrjoKKAZuuB4_4f-B1u9VnFZxvSor3Az4JEdrFEso.css\u0022 \/\u003E\n\u003Clink rel=\u0022stylesheet\u0022 media=\u0022all\u0022 href=\u0022\/sites\/default\/files\/css\/css_-BXSGQpS8YTwwuXGbPoshUvZ7W-_HbYR3H7d0DA_mEY.css\u0022 \/\u003E\n\u003Clink rel=\u0022stylesheet\u0022 media=\u0022all\u0022 href=\u0022\/sites\/default\/files\/css\/css_89YreTu0npezhXSakRJR9TVHyBS9bTcyt0s3IckAe-M.css\u0022 \/\u003E\n"},{"command":"add_js","selector":"body","data":[{"src":"\/sites\/default\/files\/js\/js_9UaAhXvc9u0KYXXUw-OKyLP2baQxdV4zY3Y_KGurcvY.js"},{"src":"\/sites\/default\/files\/js\/js_oDJxUBLBzfRb_FDgNfkNOm9-tiatS2kNfxQIeVRZA7Y.js"},{"src":"\/sites\/default\/files\/js\/js_YM82KRuzNIr2X-Kb8pQW8cOcSbWgQ_QGKclTYJ_aMlI.js"},{"src":"\/sites\/default\/files\/js\/js_pqqsPPmPmxKgamY6qk_WSawtL05XH_yAY8GkPHVyahI.js"}]},{"command":"insert","method":"replaceWith","selector":".view-mode-full","data":"\u003Cdiv data-history-node-id=\u002215400\u0022 class=\u0022contenido view-mode-media_expanded ds-3col-equal clearfix\u0022\u003E\n\n  \n\n  \u003Cdiv class=\u0022area-medios group-left\u0022\u003E\n        \n                          \u003Cdiv  class=\u0022imagen\u0022 \u003E\n          \u003Cpicture\u003E\n                  \u003Csource srcset=\u0022\/sites\/default\/files\/styles\/max_650x650\/public\/2019-11\/Se%20preparan%20los%20equipos%20representativos%20del%20Campus%20Mexicali.webp?itok=EsGVe9D- 650w, \/sites\/default\/files\/styles\/max_1300x1300\/public\/2019-11\/Se%20preparan%20los%20equipos%20representativos%20del%20Campus%20Mexicali.webp?itok=MVkBKn6i 1300w, \/sites\/default\/files\/styles\/max_1900x1900\/public\/2019-11\/Se%20preparan%20los%20equipos%20representativos%20del%20Campus%20Mexicali.webp?itok=-LXTkYKG 1900w\u0022 type=\u0022image\/webp\u0022 sizes=\u0022100vw\u0022\/\u003E\n              \u003Csource srcset=\u0022\/sites\/default\/files\/styles\/max_650x650\/public\/2019-11\/Se%20preparan%20los%20equipos%20representativos%20del%20Campus%20Mexicali.JPG?itok=EsGVe9D- 650w, \/sites\/default\/files\/styles\/max_1300x1300\/public\/2019-11\/Se%20preparan%20los%20equipos%20representativos%20del%20Campus%20Mexicali.JPG?itok=MVkBKn6i 1300w, \/sites\/default\/files\/styles\/max_1900x1900\/public\/2019-11\/Se%20preparan%20los%20equipos%20representativos%20del%20Campus%20Mexicali.JPG?itok=-LXTkYKG 1900w\u0022 type=\u0022image\/jpeg\u0022 sizes=\u0022100vw\u0022\/\u003E\n                  \u003Cimg srcset=\u0022\/sites\/default\/files\/styles\/max_650x650\/public\/2019-11\/Se%20preparan%20los%20equipos%20representativos%20del%20Campus%20Mexicali.JPG?itok=EsGVe9D- 650w, \/sites\/default\/files\/styles\/max_1300x1300\/public\/2019-11\/Se%20preparan%20los%20equipos%20representativos%20del%20Campus%20Mexicali.JPG?itok=MVkBKn6i 1300w, \/sites\/default\/files\/styles\/max_1900x1900\/public\/2019-11\/Se%20preparan%20los%20equipos%20representativos%20del%20Campus%20Mexicali.JPG?itok=-LXTkYKG 1900w\u0022 sizes=\u0022100vw\u0022 src=\u0022\/sites\/default\/files\/styles\/max_1300x1300\/public\/2019-11\/Se%20preparan%20los%20equipos%20representativos%20del%20Campus%20Mexicali.JPG?itok=MVkBKn6i\u0022 alt=\u0022entrenamiento_juegos deportivos estatales\u0022 typeof=\u0022foaf:Image\u0022 class=\u0022img-fluid\u0022 \/\u003E\n\n  \u003C\/picture\u003E\n\n\u003C\/div\u003E\n      \n  \n\n      \u003Cdiv  class=\u0022boton-expander\u0022\u003E\n        \n                  \u003Cdiv class=\u0022item-list\u0022\u003E\u003Cul\u003E\u003Cli\u003E\u003Ca href=\u0022\/ds-switch-view-mode\/node\/15400\/media_collapsed?selector=view-mode-media_expanded\u0022 class=\u0022use-ajax\u0022\u003E\u2191\u003C\/a\u003E\u003C\/li\u003E\u003C\/ul\u003E\u003C\/div\u003E\n      \n  \n    \u003C\/div\u003E\n\n\n  \u003C\/div\u003E\n\n  \u003Cdiv class=\u0022area-info group-middle\u0022\u003E\n    \n\u003Cdiv  class=\u0022inner\u0022\u003E\n          \n                          \u003Ch2  class=\u0022titulo\u0022 \u003E\n        Se preparan los equipos representativos del Campus Mexicali\n\u003C\/h2\u003E\n      \n  \n\n    \n                          \u003Cdiv  class=\u0022resumen\u0022 \u003E\n      Buscan refrendar el t\u00edtulo en tochito, softbol, f\u00fatbol asociaci\u00f3n varonil, b\u00e9isbol y voleibol varonil. \u003Cbr \/\u003E\r\n\u003C\/div\u003E\n      \n  \n\n\n\u003Cdiv  class=\u0022datos\u0022\u003E\n            \u003Cdiv  class=\u0022autor\u0022\u003E\n            \u003Cdiv  class=\u0022field-label-inline\u0022\u003EPor\u003C\/div\u003E\n  \n                  \u003Ca href=\u0022\/autores\/alejandrina-mendoza-rivera\u0022 hreflang=\u0022es\u0022\u003EAlejandrina Mendoza Rivera\u003C\/a\u003E\n      \n  \n    \u003C\/div\u003E\n\n      \u003Cdiv  class=\u0022campus\u0022\u003E\n            \u003Cdiv  class=\u0022field-label-inline\u0022\u003ECampus\u003C\/div\u003E\n  \n                  \u003Ca href=\u0022\/campus\/mexicali\u0022 hreflang=\u0022es\u0022\u003EMexicali\u003C\/a\u003E\n      \n  \n    \u003C\/div\u003E\n\n    \n                          \u003Cdiv  class=\u0022fecha\u0022 \u003E\n      5 de Noviembre de 2019\u003C\/div\u003E\n      \n  \n\n\n  \u003C\/div\u003E\n    \n                          \u003Cdiv  class=\u0022texto\u0022 \u003E\n      \u003Cp dir=\u0022ltr\u0022\u003ELos Cimarrones del Campus Mexicali no detienen su preparaci\u00f3n con miras a los Juegos Deportivos Estatales Universitarios a celebrarse en el puerto de Ensenada el pr\u00f3ximo viernes 15 de noviembre.\u00a0\u003C\/p\u003E\n\n\u003Cp dir=\u0022ltr\u0022\u003ELas disciplinas de conjunto convocadas para estos juegos son baloncesto, b\u00e9isbol, f\u00fatbol asociaci\u00f3n, f\u00fatbol r\u00e1pido, voleibol de sala y de playa, softbol y tochito, en actividades coordinadas por la Facultad de Deportes a trav\u00e9s de la Coordinaci\u00f3n Estatal de Actividad F\u00edsica y Deporte.\u003C\/p\u003E\n\n\u003Cp dir=\u0022ltr\u0022\u003EMediante este evento interno se pretende conformar las selecciones representativas estatales que defender\u00e1n los colores de los Cimarrones en el proceso rumbo a Universiada Nacional 2020.\u003C\/p\u003E\n\n\u003Cp dir=\u0022ltr\u0022\u003ELos diferentes entrenadores coordinados por el responsable de equipos representativos del Campus Mexicali, el maestro V\u00edctor Porras, han mantenido sus competencias preparatorias y entrenamientos de m\u00e1s de 200 preseleccionados con participaci\u00f3n en torneos organizados por ellos mismos y tambi\u00e9n con participaci\u00f3n en las diferentes\u00a0 ligas y torneos locales.\u003C\/p\u003E\n\n\u003Cp dir=\u0022ltr\u0022\u003ETodo esto con miras a detectar a los mejores candidatos a integrar las selecciones representativas de Mexicali y as\u00ed llegar en gran rendimiento a esta justa estatal interna y de esta manera refrendar el t\u00edtulo estatal obtenido el ciclo pasado donde obtuvieron como campus campeonatos en las disciplinas del tochito, softbol, f\u00fatbol asociaci\u00f3n varonil, b\u00e9isbol y voleibol varonil.\u00a0\u003C\/p\u003E\n\n\u003Cp\u003E\u00a0\u003C\/p\u003E\u003C\/div\u003E\n      \n  \n\n    \n            \u003Cdiv  class=\u0022palabras-clave\u0022\u003E\n                        \u003Ca href=\u0022\/tags\/juegos-deportivos-estatales-universitarios\u0022 hreflang=\u0022es\u0022\u003EJuegos Deportivos Estatales Universitarios\u003C\/a\u003E\n                \u003Ca href=\u0022\/tags\/entrenamiento\u0022 hreflang=\u0022es\u0022\u003EEntrenamiento\u003C\/a\u003E\n                \u003Ca href=\u0022\/tags\/cimarrones\u0022 hreflang=\u0022es\u0022\u003ECimarrones\u003C\/a\u003E\n      \n      \u003C\/div\u003E\n  \n\n\n  \u003C\/div\u003E\n\n  \u003C\/div\u003E\n\n  \u003Cdiv class=\u0022area-extras group-right\u0022\u003E\n        \n                          \u003Cdiv  class=\u0022enlace-blockBottom\u0022 \u003E\n      \u003Cdiv\u003EVer m\u00e1s \u003Ca href=\u0022http:\/\/gaceta.uabc.mx\/notas\u0022\u003ENotas\u003C\/a\u003E\u003C\/div\u003E\n\u003C\/div\u003E\n      \n  \n\n\n  \u003C\/div\u003E\n\n\u003C\/div\u003E\n\n","settings":null}]