[{"command":"settings","settings":{"pluralDelimiter":"\u0003","suppressDeprecationErrors":true,"ajaxPageState":{"libraries":"core\/drupal.ajax,core\/picturefill,ds\/ds_3col_equal_width","theme":"gaceta","theme_token":null},"ajaxTrustedUrl":[],"field_group":{"html_element":{"mode":"media_expanded","context":"view","settings":{"classes":"datos","show_empty_fields":false,"id":"","element":"div","show_label":false,"label_element":"h3","label_element_classes":"","attributes":"","effect":"none","speed":"fast"}}},"user":{"uid":0,"permissionsHash":"55dc977d165ab1e05e51b6cc6487f6d73e65ab536d99ee82c6990d9001d5c21c"}},"merge":true},{"command":"add_css","data":"\u003Clink rel=\u0022stylesheet\u0022 media=\u0022all\u0022 href=\u0022\/sites\/default\/files\/css\/css_mxJrjoKKAZuuB4_4f-B1u9VnFZxvSor3Az4JEdrFEso.css\u0022 \/\u003E\n\u003Clink rel=\u0022stylesheet\u0022 media=\u0022all\u0022 href=\u0022\/sites\/default\/files\/css\/css_-BXSGQpS8YTwwuXGbPoshUvZ7W-_HbYR3H7d0DA_mEY.css\u0022 \/\u003E\n\u003Clink rel=\u0022stylesheet\u0022 media=\u0022all\u0022 href=\u0022\/sites\/default\/files\/css\/css_89YreTu0npezhXSakRJR9TVHyBS9bTcyt0s3IckAe-M.css\u0022 \/\u003E\n"},{"command":"add_js","selector":"body","data":[{"src":"\/sites\/default\/files\/js\/js_9UaAhXvc9u0KYXXUw-OKyLP2baQxdV4zY3Y_KGurcvY.js"},{"src":"\/sites\/default\/files\/js\/js_oDJxUBLBzfRb_FDgNfkNOm9-tiatS2kNfxQIeVRZA7Y.js"},{"src":"\/sites\/default\/files\/js\/js_YM82KRuzNIr2X-Kb8pQW8cOcSbWgQ_QGKclTYJ_aMlI.js"},{"src":"\/sites\/default\/files\/js\/js_pqqsPPmPmxKgamY6qk_WSawtL05XH_yAY8GkPHVyahI.js"}]},{"command":"insert","method":"replaceWith","selector":".view-mode-full","data":"\u003Cdiv data-history-node-id=\u002215527\u0022 class=\u0022contenido view-mode-media_expanded ds-3col-equal clearfix\u0022\u003E\n\n  \n\n  \u003Cdiv class=\u0022area-medios group-left\u0022\u003E\n        \n                          \u003Cdiv  class=\u0022imagen\u0022 \u003E\n          \u003Cpicture\u003E\n                  \u003Csource srcset=\u0022\/sites\/default\/files\/styles\/max_650x650\/public\/2019-11\/Presenta%20informe%20de%20gesti%C3%B3n%20director%20de%20la%20FIAD%2001.webp?itok=XUrB2FNV 650w, \/sites\/default\/files\/styles\/max_1300x1300\/public\/2019-11\/Presenta%20informe%20de%20gesti%C3%B3n%20director%20de%20la%20FIAD%2001.webp?itok=XiVy9vw3 1300w, \/sites\/default\/files\/styles\/max_1900x1900\/public\/2019-11\/Presenta%20informe%20de%20gesti%C3%B3n%20director%20de%20la%20FIAD%2001.webp?itok=fZLXI7zp 1900w\u0022 type=\u0022image\/webp\u0022 sizes=\u0022100vw\u0022\/\u003E\n              \u003Csource srcset=\u0022\/sites\/default\/files\/styles\/max_650x650\/public\/2019-11\/Presenta%20informe%20de%20gesti%C3%B3n%20director%20de%20la%20FIAD%2001.JPG?itok=XUrB2FNV 650w, \/sites\/default\/files\/styles\/max_1300x1300\/public\/2019-11\/Presenta%20informe%20de%20gesti%C3%B3n%20director%20de%20la%20FIAD%2001.JPG?itok=XiVy9vw3 1300w, \/sites\/default\/files\/styles\/max_1900x1900\/public\/2019-11\/Presenta%20informe%20de%20gesti%C3%B3n%20director%20de%20la%20FIAD%2001.JPG?itok=fZLXI7zp 1900w\u0022 type=\u0022image\/jpeg\u0022 sizes=\u0022100vw\u0022\/\u003E\n                  \u003Cimg srcset=\u0022\/sites\/default\/files\/styles\/max_650x650\/public\/2019-11\/Presenta%20informe%20de%20gesti%C3%B3n%20director%20de%20la%20FIAD%2001.JPG?itok=XUrB2FNV 650w, \/sites\/default\/files\/styles\/max_1300x1300\/public\/2019-11\/Presenta%20informe%20de%20gesti%C3%B3n%20director%20de%20la%20FIAD%2001.JPG?itok=XiVy9vw3 1300w, \/sites\/default\/files\/styles\/max_1900x1900\/public\/2019-11\/Presenta%20informe%20de%20gesti%C3%B3n%20director%20de%20la%20FIAD%2001.JPG?itok=fZLXI7zp 1900w\u0022 sizes=\u0022100vw\u0022 src=\u0022\/sites\/default\/files\/styles\/max_1300x1300\/public\/2019-11\/Presenta%20informe%20de%20gesti%C3%B3n%20director%20de%20la%20FIAD%2001.JPG?itok=XiVy9vw3\u0022 alt=\u0022informe_director_fiad\u0022 typeof=\u0022foaf:Image\u0022 class=\u0022img-fluid\u0022 \/\u003E\n\n  \u003C\/picture\u003E\n\n\u003C\/div\u003E\n      \n  \n\n      \u003Cdiv  class=\u0022boton-expander\u0022\u003E\n        \n                  \u003Cdiv class=\u0022item-list\u0022\u003E\u003Cul\u003E\u003Cli\u003E\u003Ca href=\u0022\/ds-switch-view-mode\/node\/15527\/media_collapsed?selector=view-mode-media_expanded\u0022 class=\u0022use-ajax\u0022\u003E\u2191\u003C\/a\u003E\u003C\/li\u003E\u003C\/ul\u003E\u003C\/div\u003E\n      \n  \n    \u003C\/div\u003E\n\n\n  \u003C\/div\u003E\n\n  \u003Cdiv class=\u0022area-info group-middle\u0022\u003E\n    \n\u003Cdiv  class=\u0022inner\u0022\u003E\n          \n                          \u003Ch2  class=\u0022titulo\u0022 \u003E\n        Presenta informe de gesti\u00f3n director de la FIAD \n\u003C\/h2\u003E\n      \n  \n\n    \n                          \u003Cdiv  class=\u0022resumen\u0022 \u003E\n      Destaca los logros alcanzados durante los dos periodos en los que estuvo al frente de la Facultad \u003Cbr \/\u003E\r\n\u003Cbr \/\u003E\r\n\u003C\/div\u003E\n      \n  \n\n\n\u003Cdiv  class=\u0022datos\u0022\u003E\n            \u003Cdiv  class=\u0022autor\u0022\u003E\n            \u003Cdiv  class=\u0022field-label-inline\u0022\u003EPor\u003C\/div\u003E\n  \n                  \u003Ca href=\u0022\/autores\/mtra-paulina-moreno-rangel\u0022 hreflang=\u0022es\u0022\u003EMtra. Paulina Moreno Rangel\u003C\/a\u003E\n      \n  \n    \u003C\/div\u003E\n\n      \u003Cdiv  class=\u0022campus\u0022\u003E\n            \u003Cdiv  class=\u0022field-label-inline\u0022\u003ECampus\u003C\/div\u003E\n  \n                  \u003Ca href=\u0022\/campus\/ensenada\u0022 hreflang=\u0022es\u0022\u003EEnsenada\u003C\/a\u003E\n      \n  \n    \u003C\/div\u003E\n\n    \n                          \u003Cdiv  class=\u0022fecha\u0022 \u003E\n      21 de Noviembre de 2019\u003C\/div\u003E\n      \n  \n\n\n  \u003C\/div\u003E\n    \n                          \u003Cdiv  class=\u0022texto\u0022 \u003E\n      \u003Cp dir=\u0022ltr\u0022\u003EEl director de la Facultad de Ingenier\u00eda, Arquitectura y Dise\u00f1o (FIAD), doctor Juan Iv\u00e1n Nieto Hip\u00f3lito, rindi\u00f3 su informe ejecutivo de gesti\u00f3n del periodo 2012-1 al 2019-2, en el que hizo un recuento de los logros y tambi\u00e9n de las \u00e1reas de oportunidad que tiene la unidad acad\u00e9mica.\u003C\/p\u003E\n\n\u003Cp dir=\u0022ltr\u0022\u003EAnte autoridades y comunidad universitaria, el doctor Juan Iv\u00e1n Nieto habl\u00f3 del compromiso con la calidad y la cobertura en licenciatura, destacando que a la fecha se cuenta con una matr\u00edcula de 2,265 alumnos, habi\u00e9ndose generado un incremento de 512 estudiantes con respecto a la matricula del 2012-1, representando un 29.2%.\u003C\/p\u003E\n\n\u003Cp dir=\u0022ltr\u0022\u003EDe la misma manera, resalt\u00f3 el estatus de reconocimiento de calidad de los siete programas acad\u00e9micos de la Facultad: Ingenier\u00eda civil y Bioingenier\u00eda,\u00a0 acreditados hasta 2020; Arquitectura e Ingenier\u00eda en Nanotecnolog\u00eda, hasta 2022; Ingenier\u00eda en Electr\u00f3nica, Ingenier\u00eda en Computaci\u00f3n e Ingenier\u00eda Industrial, hasta 2023, estos \u00faltimos con distinci\u00f3n internacional.\u00a0\u003C\/p\u003E\n\n\u003Cp dir=\u0022ltr\u0022\u003EEn cuanto al tema de posgrado, mencion\u00f3 que en 2012-1 la unidad acad\u00e9mica contaba con los programas Maestr\u00eda en Ciencias e Ingenier\u00eda y Doctorado en Ciencias e Ingenier\u00eda, sin embargo, en el 2019-2 inici\u00f3 clases la primera generaci\u00f3n de los programas Maestr\u00eda y Doctorado en Arquitectura, Urbanismo y Dise\u00f1o.\u003C\/p\u003E\n\n\u003Cp dir=\u0022ltr\u0022\u003EOtra de las acciones que destac\u00f3 el director fue la implementaci\u00f3n del primer semestre con carga reducida, programa que se inici\u00f3 en 2017-2 para disminuir la reprobaci\u00f3n, deserci\u00f3n y rezago de los alumnos de nuevo ingreso, resultando exitoso al lograr que los estudiantes cuenten con un buen nivel acad\u00e9mico.\u003C\/p\u003E\n\n\u003Cp dir=\u0022ltr\u0022\u003ERespecto a la competitividad acad\u00e9mica, coment\u00f3 que a la fecha la FIAD tiene 62 profesores de tiempo completo (PTC), 9 t\u00e9cnicos acad\u00e9micos, 46 PTC con doctorado, 15 con maestr\u00eda y uno con licenciatura, adem\u00e1s de 19 PTC que son miembros del Sistema Nacional de Investigadores (SNI) y 47 PTC con perfil Prodep.\u003C\/p\u003E\n\n\u003Cp dir=\u0022ltr\u0022\u003EEn este mismo rubro, recalc\u00f3 el otorgamiento en 2017 de la patente \u201cDispositivo perif\u00e9rico y m\u00e9todo encriptador\/desencriptador hiperca\u00f3tico de im\u00e1genes digitales\u201d a favor de los doctores \u00d3scar Roberto L\u00f3pez Bonilla, Enrique Efr\u00e9n Garc\u00eda Guerrero y Everardo Inzunza Gonz\u00e1lez. Asimismo, destac\u00f3 el nombramiento del doctor Juan de Dios S\u00e1nchez L\u00f3pez como M\u00e9rito Acad\u00e9mico 2018.\u00a0\u003C\/p\u003E\n\n\u003Cp dir=\u0022ltr\u0022\u003ETambi\u00e9n refiri\u00f3 que la unidad acad\u00e9mica en el 2012-1 contaba con seis cuerpos acad\u00e9micos (CA) pero en 2019 -2 se increment\u00f3 a 13. Actualmente hay cinco CA en formaci\u00f3n, tres en consolidaci\u00f3n y cinco consolidados.\u00a0\u00a0\u003C\/p\u003E\n\n\u003Cp dir=\u0022ltr\u0022\u003EEn materia de infraestructura subray\u00f3 la entrega del edificio nuevo E55, que cubre la demanda de espacios f\u00edsicos para la docencia, investigaci\u00f3n y cub\u00edculos; habl\u00f3 tambi\u00e9n de la ampliaci\u00f3n de la sala de maestros, la remodelaci\u00f3n de la sala audiovisual, la adquisici\u00f3n de veh\u00edculos. Finalmente, destac\u00f3 la inversi\u00f3n en dinero en esta materia y en equipamiento de laboratorios y programas educativos.\u003C\/p\u003E\n\n\u003Cp dir=\u0022ltr\u0022\u003EEn el informe estuvieron presentes la doctora Edna Luna Serrano, secretaria de la Junta de Gobierno; la doctora M\u00f3nica Lacavex Berumen, vicerrectora del Campus Ensenada; as\u00ed como directores de unidades acad\u00e9micas y comunidad universitaria de la FIAD.\u00a0\u003C\/p\u003E\n\n\u003Cp dir=\u0022ltr\u0022\u003EFoto: Paulina Moreno\u003C\/p\u003E\n\n\u003Cp\u003E\u00a0\u003C\/p\u003E\u003C\/div\u003E\n      \n  \n\n    \n            \u003Cdiv  class=\u0022palabras-clave\u0022\u003E\n                        \u003Ca href=\u0022\/tags\/informe-de-gestion\u0022 hreflang=\u0022es\u0022\u003Einforme de gesti\u00f3n\u003C\/a\u003E\n                \u003Ca href=\u0022\/tags\/director\u0022 hreflang=\u0022es\u0022\u003EDirector\u003C\/a\u003E\n                \u003Ca href=\u0022\/tags\/fiad\u0022 hreflang=\u0022es\u0022\u003EFIAD\u003C\/a\u003E\n      \n      \u003C\/div\u003E\n  \n\n\n  \u003C\/div\u003E\n\n  \u003C\/div\u003E\n\n  \u003Cdiv class=\u0022area-extras group-right\u0022\u003E\n        \n                          \u003Cdiv  class=\u0022enlace-blockBottom\u0022 \u003E\n      \u003Cdiv\u003EVer m\u00e1s \u003Ca href=\u0022http:\/\/gaceta.uabc.mx\/notas\u0022\u003ENotas\u003C\/a\u003E\u003C\/div\u003E\n\u003C\/div\u003E\n      \n  \n\n\n  \u003C\/div\u003E\n\n\u003C\/div\u003E\n\n","settings":null}]