[{"command":"settings","settings":{"pluralDelimiter":"\u0003","suppressDeprecationErrors":true,"ajaxPageState":{"libraries":"core\/drupal.ajax,core\/picturefill,ds\/ds_3col_equal_width","theme":"gaceta","theme_token":null},"ajaxTrustedUrl":[],"field_group":{"html_element":{"mode":"media_expanded","context":"view","settings":{"classes":"datos","show_empty_fields":false,"id":"","element":"div","show_label":false,"label_element":"h3","label_element_classes":"","attributes":"","effect":"none","speed":"fast"}}},"user":{"uid":0,"permissionsHash":"55dc977d165ab1e05e51b6cc6487f6d73e65ab536d99ee82c6990d9001d5c21c"}},"merge":true},{"command":"add_css","data":"\u003Clink rel=\u0022stylesheet\u0022 media=\u0022all\u0022 href=\u0022\/sites\/default\/files\/css\/css_mxJrjoKKAZuuB4_4f-B1u9VnFZxvSor3Az4JEdrFEso.css\u0022 \/\u003E\n\u003Clink rel=\u0022stylesheet\u0022 media=\u0022all\u0022 href=\u0022\/sites\/default\/files\/css\/css_-BXSGQpS8YTwwuXGbPoshUvZ7W-_HbYR3H7d0DA_mEY.css\u0022 \/\u003E\n\u003Clink rel=\u0022stylesheet\u0022 media=\u0022all\u0022 href=\u0022\/sites\/default\/files\/css\/css_89YreTu0npezhXSakRJR9TVHyBS9bTcyt0s3IckAe-M.css\u0022 \/\u003E\n"},{"command":"add_js","selector":"body","data":[{"src":"\/sites\/default\/files\/js\/js_9UaAhXvc9u0KYXXUw-OKyLP2baQxdV4zY3Y_KGurcvY.js"},{"src":"\/sites\/default\/files\/js\/js_oDJxUBLBzfRb_FDgNfkNOm9-tiatS2kNfxQIeVRZA7Y.js"},{"src":"\/sites\/default\/files\/js\/js_YM82KRuzNIr2X-Kb8pQW8cOcSbWgQ_QGKclTYJ_aMlI.js"},{"src":"\/sites\/default\/files\/js\/js_pqqsPPmPmxKgamY6qk_WSawtL05XH_yAY8GkPHVyahI.js"}]},{"command":"insert","method":"replaceWith","selector":".view-mode-full","data":"\u003Cdiv data-history-node-id=\u00221570\u0022 class=\u0022contenido view-mode-media_expanded ds-3col-equal clearfix\u0022\u003E\n\n  \n\n  \u003Cdiv class=\u0022area-medios group-left\u0022\u003E\n        \n                          \u003Cdiv  class=\u0022imagen\u0022 \u003E\n          \u003Cpicture\u003E\n                  \u003Csource srcset=\u0022\/sites\/default\/files\/styles\/max_650x650\/public\/2017-09\/%E2%80%8BCampus%20Ensenada%20ser%C3%A1%20sede%20de%20la%20Conferencia%20Internacional%20sobre%20Inteligencia%20Artificial.webp?itok=epYWwnjM 650w, \/sites\/default\/files\/styles\/max_1300x1300\/public\/2017-09\/%E2%80%8BCampus%20Ensenada%20ser%C3%A1%20sede%20de%20la%20Conferencia%20Internacional%20sobre%20Inteligencia%20Artificial.webp?itok=BL9gDVlY 1300w, \/sites\/default\/files\/styles\/max_1900x1900\/public\/2017-09\/%E2%80%8BCampus%20Ensenada%20ser%C3%A1%20sede%20de%20la%20Conferencia%20Internacional%20sobre%20Inteligencia%20Artificial.webp?itok=AF80IZm- 1900w\u0022 type=\u0022image\/webp\u0022 sizes=\u0022100vw\u0022\/\u003E\n              \u003Csource srcset=\u0022\/sites\/default\/files\/styles\/max_650x650\/public\/2017-09\/%E2%80%8BCampus%20Ensenada%20ser%C3%A1%20sede%20de%20la%20Conferencia%20Internacional%20sobre%20Inteligencia%20Artificial.jpg?itok=epYWwnjM 650w, \/sites\/default\/files\/styles\/max_1300x1300\/public\/2017-09\/%E2%80%8BCampus%20Ensenada%20ser%C3%A1%20sede%20de%20la%20Conferencia%20Internacional%20sobre%20Inteligencia%20Artificial.jpg?itok=BL9gDVlY 1300w, \/sites\/default\/files\/styles\/max_1900x1900\/public\/2017-09\/%E2%80%8BCampus%20Ensenada%20ser%C3%A1%20sede%20de%20la%20Conferencia%20Internacional%20sobre%20Inteligencia%20Artificial.jpg?itok=AF80IZm- 1900w\u0022 type=\u0022image\/jpeg\u0022 sizes=\u0022100vw\u0022\/\u003E\n                  \u003Cimg srcset=\u0022\/sites\/default\/files\/styles\/max_650x650\/public\/2017-09\/%E2%80%8BCampus%20Ensenada%20ser%C3%A1%20sede%20de%20la%20Conferencia%20Internacional%20sobre%20Inteligencia%20Artificial.jpg?itok=epYWwnjM 650w, \/sites\/default\/files\/styles\/max_1300x1300\/public\/2017-09\/%E2%80%8BCampus%20Ensenada%20ser%C3%A1%20sede%20de%20la%20Conferencia%20Internacional%20sobre%20Inteligencia%20Artificial.jpg?itok=BL9gDVlY 1300w, \/sites\/default\/files\/styles\/max_1900x1900\/public\/2017-09\/%E2%80%8BCampus%20Ensenada%20ser%C3%A1%20sede%20de%20la%20Conferencia%20Internacional%20sobre%20Inteligencia%20Artificial.jpg?itok=AF80IZm- 1900w\u0022 sizes=\u0022100vw\u0022 src=\u0022\/sites\/default\/files\/styles\/max_1300x1300\/public\/2017-09\/%E2%80%8BCampus%20Ensenada%20ser%C3%A1%20sede%20de%20la%20Conferencia%20Internacional%20sobre%20Inteligencia%20Artificial.jpg?itok=BL9gDVlY\u0022 alt=\u0022Invitaci\u00f3n_Conferencia Internacional_Sociedad Mexicana_Inteligencia Artificial\u0022 typeof=\u0022foaf:Image\u0022 class=\u0022img-fluid\u0022 \/\u003E\n\n  \u003C\/picture\u003E\n\n\u003C\/div\u003E\n      \n  \n\n      \u003Cdiv  class=\u0022boton-expander\u0022\u003E\n        \n                  \u003Cdiv class=\u0022item-list\u0022\u003E\u003Cul\u003E\u003Cli\u003E\u003Ca href=\u0022\/ds-switch-view-mode\/node\/1570\/media_collapsed?selector=view-mode-media_expanded\u0022 class=\u0022use-ajax\u0022\u003E\u2191\u003C\/a\u003E\u003C\/li\u003E\u003C\/ul\u003E\u003C\/div\u003E\n      \n  \n    \u003C\/div\u003E\n\n\n  \u003C\/div\u003E\n\n  \u003Cdiv class=\u0022area-info group-middle\u0022\u003E\n    \n\u003Cdiv  class=\u0022inner\u0022\u003E\n          \n                          \u003Ch2  class=\u0022titulo\u0022 \u003E\n        \u200bCampus Ensenada ser\u00e1 sede de la Conferencia Internacional sobre Inteligencia Artificial\n\u003C\/h2\u003E\n      \n  \n\n    \n                          \u003Cdiv  class=\u0022resumen\u0022 \u003E\n       Se esperan congresistas de Jap\u00f3n, China, Sud\u00e1frica, Estados Unidos, M\u00e9xico, Argentina, Colombia, Rusia, Suecia y Holanda.\u003C\/div\u003E\n      \n  \n\n\n\u003Cdiv  class=\u0022datos\u0022\u003E\n            \u003Cdiv  class=\u0022autor\u0022\u003E\n            \u003Cdiv  class=\u0022field-label-inline\u0022\u003EPor\u003C\/div\u003E\n  \n                  \u003Ca href=\u0022\/autores\/paulina-moreno-rangel\u0022 hreflang=\u0022es\u0022\u003EPaulina Moreno Rangel\u003C\/a\u003E\n      \n  \n    \u003C\/div\u003E\n\n      \u003Cdiv  class=\u0022campus\u0022\u003E\n            \u003Cdiv  class=\u0022field-label-inline\u0022\u003ECampus\u003C\/div\u003E\n  \n                  \u003Ca href=\u0022\/campus\/ensenada\u0022 hreflang=\u0022es\u0022\u003EEnsenada\u003C\/a\u003E\n      \n  \n    \u003C\/div\u003E\n\n    \n                          \u003Cdiv  class=\u0022fecha\u0022 \u003E\n      19 de Octubre de 2017\u003C\/div\u003E\n      \n  \n\n\n  \u003C\/div\u003E\n    \n                          \u003Cdiv  class=\u0022texto\u0022 \u003E\n      \u003Cp\u003ELa UABC, Campus Ensenada, ser\u00e1 sede oficial de la 16\u00aa. Conferencia Internacional Mexicana sobre Inteligencia Artificial (Micai 2017), que se realizar\u00e1 del 23 al 28 de octubre con el apoyo log\u00edstico del Centro de Investigaci\u00f3n Cient\u00edfica y Educaci\u00f3n Superior de Ensenada (Cicese), as\u00ed lo dieron a conocer autoridades universitarias y organizadores del evento durante conferencia de prensa.\u003C\/p\u003E\n\n\u003Cp\u003EMicai es una conferencia internacional de alto nivel revisada por pares que abarca todas las \u00e1reas de la Inteligencia Artificial, es organizada por la Sociedad Mexicana de Inteligencia Artificial (SMIA) que ha dise\u00f1ado un programa cient\u00edfico que incluye conferencias magistrales, presentaciones en papel, tutoriales, paneles y talleres.\u003C\/p\u003E\n\n\u003Cp\u003EAlgunos de los temas que se abordar\u00e1n durante Micai 2017 son sistemas expertos y sistemas basados en el conocimiento, sistemas multi-agente, organizaciones inteligentes, procesamiento natural del lenguaje, interfaces inteligentes: multimedia, realidad virtual, redes neuronales, l\u00f3gica difusa, aprendizaje autom\u00e1tico, rob\u00f3tica, sistemas inteligentes h\u00edbridos, entre otros.\u003C\/p\u003E\n\n\u003Cp\u003ELa Vicerrectora del Campus Ensenada, doctora Blanca Rosa Garc\u00eda Rivera, expres\u00f3 que para la UABC es un orgullo promover actividades de magnitud y calidad como lo es el Micai, ya que al participar se recalca la misi\u00f3n y visi\u00f3n instituciones al fomentar aprendizajes de alto valor agregado.\u003C\/p\u003E\n\n\u003Cp\u003EPor su parte, el doctor F\u00e9lix Castro Espinoza, Vicepresidente de la SMIA, destac\u00f3 que Micai recibe a los investigadores a nivel nacional e internacional que m\u00e1s contribuyen al \u00e1rea de inteligencia artificial.\u003C\/p\u003E\n\n\u003Cp\u003E\u201cMicai es organizado por instituciones de educaci\u00f3n superior porque este tipo de congresos debe ir encaminado a apoyar a los estudiantes, por ello queremos que conozcan lo que se est\u00e1 haciendo en esta \u00e1rea de estudio\u201d, refiri\u00f3 el Vicepresidente de la SMIA, quien afirm\u00f3 que en esta edici\u00f3n la Sociedad celebrar\u00e1 su 30 aniversario.\u003C\/p\u003E\n\n\u003Cp\u003ELos directores de las facultades de Ingenier\u00eda, Arquitectura y Dise\u00f1o, y Ciencias, doctor Juan Iv\u00e1n Nieto Hip\u00f3lito y doctor Juan Cris\u00f3stomo Tapia Mercado, respectivamente, coincidieron en la necesidad de llevar a cabo este tipo de actividades porque complementa la formaci\u00f3n de los alumnos y el\u00a0 quehacer universitario.\u003C\/p\u003E\n\n\u003Cp\u003EAludieron que uno de los principales retos como profesores, es la investigaci\u00f3n y en este evento se van a mostrar temas de vanguardia y sus aplicaciones, apost\u00e1ndole de esta manera al conocimiento y desarrollo de la inteligencia artificial.\u003C\/p\u003E\n\n\u003Cp\u003ECabe mencionar que MICAI recibir\u00e1 a congresistas provenientes de Jap\u00f3n, China, Sud\u00e1frica, Estados Unidos, M\u00e9xico, Argentina, Colombia, Rusia, Suecia, Holanda, entre otros pa\u00edses que est\u00e1n interesados en participar en el congreso de inteligencia artificial m\u00e1s trascendental a nivel mundial de acuerdo a Springer, una de las compa\u00f1\u00edas editoriales m\u00e1s importantes del mundo que publica libros electr\u00f3nicos y publicaciones cient\u00edficas de revisi\u00f3n por pares relacionados con ciencia, tecnolog\u00eda y medicina.\u003C\/p\u003E\n\n\u003Cp\u003EPara mayores detalles sobre el programa de la 16\u00aa. Conferencia Internacional Mexicana sobre Inteligencia Artificial, los interesados pueden consultar la p\u00e1gina \u003Ca href=\u0022https:\/\/www.micai.org\/2017\/\u0022\u003Ehttps:\/\/www.micai.org\/2017\/\u003C\/a\u003E \u00a0\u003C\/p\u003E\n\n\u003Cp\u003EDurante la conferencia de prensa estuvieron presentes los organizadores locales del evento, doctora Dora Luz Flores, de la Facultad de Ingenier\u00eda, Arquitectura y Dise\u00f1o; doctor Everardo Guti\u00e9rrez L\u00f3pez, de la Facultad de Ciencias, as\u00ed como el doctor Carlos Brizuela, del Cicese.\u003C\/p\u003E\n\n\u003Cp\u003E\u00a0\u003C\/p\u003E\n\n\u003Cp\u003EFOTO: Sebasti\u00e1n Medina V\u00e1zquez.\u003C\/p\u003E\u003C\/div\u003E\n      \n  \n\n    \n            \u003Cdiv  class=\u0022palabras-clave\u0022\u003E\n                        \u003Ca href=\u0022\/tags\/invitacion\u0022 hreflang=\u0022es\u0022\u003EInvitaci\u00f3n\u003C\/a\u003E\n                \u003Ca href=\u0022\/tags\/conferencia-internacional\u0022 hreflang=\u0022es\u0022\u003EConferencia Internacional\u003C\/a\u003E\n                \u003Ca href=\u0022\/tags\/sociedad-mexicana\u0022 hreflang=\u0022es\u0022\u003ESociedad Mexicana\u003C\/a\u003E\n                \u003Ca href=\u0022\/tags\/inteligencia-artificial\u0022 hreflang=\u0022es\u0022\u003EInteligencia Artificial\u003C\/a\u003E\n      \n      \u003C\/div\u003E\n  \n\n\n  \u003C\/div\u003E\n\n  \u003C\/div\u003E\n\n  \u003Cdiv class=\u0022area-extras group-right\u0022\u003E\n        \n                          \u003Cdiv  class=\u0022enlace-blockBottom\u0022 \u003E\n      \u003Cdiv\u003EVer m\u00e1s \u003Ca href=\u0022http:\/\/gaceta.uabc.mx\/notas\u0022\u003ENotas\u003C\/a\u003E\u003C\/div\u003E\n\u003C\/div\u003E\n      \n  \n\n\n  \u003C\/div\u003E\n\n\u003C\/div\u003E\n\n","settings":null}]