[{"command":"settings","settings":{"pluralDelimiter":"\u0003","suppressDeprecationErrors":true,"ajaxPageState":{"libraries":"core\/drupal.ajax,core\/picturefill,ds\/ds_3col_equal_width","theme":"gaceta","theme_token":null},"ajaxTrustedUrl":[],"field_group":{"html_element":{"mode":"media_expanded","context":"view","settings":{"classes":"datos","show_empty_fields":false,"id":"","element":"div","show_label":false,"label_element":"h3","label_element_classes":"","attributes":"","effect":"none","speed":"fast"}}},"user":{"uid":0,"permissionsHash":"55dc977d165ab1e05e51b6cc6487f6d73e65ab536d99ee82c6990d9001d5c21c"}},"merge":true},{"command":"add_css","data":"\u003Clink rel=\u0022stylesheet\u0022 media=\u0022all\u0022 href=\u0022\/sites\/default\/files\/css\/css_mxJrjoKKAZuuB4_4f-B1u9VnFZxvSor3Az4JEdrFEso.css\u0022 \/\u003E\n\u003Clink rel=\u0022stylesheet\u0022 media=\u0022all\u0022 href=\u0022\/sites\/default\/files\/css\/css_-BXSGQpS8YTwwuXGbPoshUvZ7W-_HbYR3H7d0DA_mEY.css\u0022 \/\u003E\n\u003Clink rel=\u0022stylesheet\u0022 media=\u0022all\u0022 href=\u0022\/sites\/default\/files\/css\/css_89YreTu0npezhXSakRJR9TVHyBS9bTcyt0s3IckAe-M.css\u0022 \/\u003E\n"},{"command":"add_js","selector":"body","data":[{"src":"\/sites\/default\/files\/js\/js_9UaAhXvc9u0KYXXUw-OKyLP2baQxdV4zY3Y_KGurcvY.js"},{"src":"\/sites\/default\/files\/js\/js_oDJxUBLBzfRb_FDgNfkNOm9-tiatS2kNfxQIeVRZA7Y.js"},{"src":"\/sites\/default\/files\/js\/js_YM82KRuzNIr2X-Kb8pQW8cOcSbWgQ_QGKclTYJ_aMlI.js"},{"src":"\/sites\/default\/files\/js\/js_pqqsPPmPmxKgamY6qk_WSawtL05XH_yAY8GkPHVyahI.js"}]},{"command":"insert","method":"replaceWith","selector":".view-mode-full","data":"\u003Cdiv data-history-node-id=\u002215816\u0022 class=\u0022contenido view-mode-media_expanded ds-3col-equal clearfix\u0022\u003E\n\n  \n\n  \u003Cdiv class=\u0022area-medios group-left\u0022\u003E\n        \n                          \u003Cdiv  class=\u0022imagen\u0022 \u003E\n          \u003Cpicture\u003E\n                  \u003Csource srcset=\u0022\/sites\/default\/files\/styles\/max_650x650\/public\/2020-02\/DSC_0266%20%282%29.webp?itok=YmOCDyBa 650w, \/sites\/default\/files\/styles\/max_1300x1300\/public\/2020-02\/DSC_0266%20%282%29.webp?itok=0GnHiAQe 1300w, \/sites\/default\/files\/styles\/max_1900x1900\/public\/2020-02\/DSC_0266%20%282%29.webp?itok=pe0ujWlV 1900w\u0022 type=\u0022image\/webp\u0022 sizes=\u0022100vw\u0022\/\u003E\n              \u003Csource srcset=\u0022\/sites\/default\/files\/styles\/max_650x650\/public\/2020-02\/DSC_0266%20%282%29.JPG?itok=YmOCDyBa 650w, \/sites\/default\/files\/styles\/max_1300x1300\/public\/2020-02\/DSC_0266%20%282%29.JPG?itok=0GnHiAQe 1300w, \/sites\/default\/files\/styles\/max_1900x1900\/public\/2020-02\/DSC_0266%20%282%29.JPG?itok=pe0ujWlV 1900w\u0022 type=\u0022image\/jpeg\u0022 sizes=\u0022100vw\u0022\/\u003E\n                  \u003Cimg srcset=\u0022\/sites\/default\/files\/styles\/max_650x650\/public\/2020-02\/DSC_0266%20%282%29.JPG?itok=YmOCDyBa 650w, \/sites\/default\/files\/styles\/max_1300x1300\/public\/2020-02\/DSC_0266%20%282%29.JPG?itok=0GnHiAQe 1300w, \/sites\/default\/files\/styles\/max_1900x1900\/public\/2020-02\/DSC_0266%20%282%29.JPG?itok=pe0ujWlV 1900w\u0022 sizes=\u0022100vw\u0022 src=\u0022\/sites\/default\/files\/styles\/max_1300x1300\/public\/2020-02\/DSC_0266%20%282%29.JPG?itok=0GnHiAQe\u0022 alt=\u0022intercambio estudiantil_bienvenida_campus ensenada\u0022 typeof=\u0022foaf:Image\u0022 class=\u0022img-fluid\u0022 \/\u003E\n\n  \u003C\/picture\u003E\n\n\u003C\/div\u003E\n      \n  \n\n      \u003Cdiv  class=\u0022boton-expander\u0022\u003E\n        \n                  \u003Cdiv class=\u0022item-list\u0022\u003E\u003Cul\u003E\u003Cli\u003E\u003Ca href=\u0022\/ds-switch-view-mode\/node\/15816\/media_collapsed?selector=view-mode-media_expanded\u0022 class=\u0022use-ajax\u0022\u003E\u2191\u003C\/a\u003E\u003C\/li\u003E\u003C\/ul\u003E\u003C\/div\u003E\n      \n  \n    \u003C\/div\u003E\n\n\n  \u003C\/div\u003E\n\n  \u003Cdiv class=\u0022area-info group-middle\u0022\u003E\n    \n\u003Cdiv  class=\u0022inner\u0022\u003E\n          \n                          \u003Ch2  class=\u0022titulo\u0022 \u003E\n        Brinda Campus Ensenada bienvenida a estudiantes de intercambio \n\u003C\/h2\u003E\n      \n  \n\n    \n                          \u003Cdiv  class=\u0022resumen\u0022 \u003E\n      Son 39 alumnos en intercambio nacional y 12 provenientes de diversos pa\u00edses\u003Cbr \/\u003E\r\n\u003C\/div\u003E\n      \n  \n\n\n\u003Cdiv  class=\u0022datos\u0022\u003E\n            \u003Cdiv  class=\u0022autor\u0022\u003E\n            \u003Cdiv  class=\u0022field-label-inline\u0022\u003EPor\u003C\/div\u003E\n  \n                  \u003Ca href=\u0022\/autores\/jose-carlos-ramirez-zavala-y-paulina-moreno-rangel\u0022 hreflang=\u0022es\u0022\u003EJos\u00e9 Carlos Ram\u00edrez Zavala y Paulina Moreno Rangel\u003C\/a\u003E\n      \n  \n    \u003C\/div\u003E\n\n      \u003Cdiv  class=\u0022campus\u0022\u003E\n            \u003Cdiv  class=\u0022field-label-inline\u0022\u003ECampus\u003C\/div\u003E\n  \n                  \u003Ca href=\u0022\/campus\/ensenada\u0022 hreflang=\u0022es\u0022\u003EEnsenada\u003C\/a\u003E\n      \n  \n    \u003C\/div\u003E\n\n    \n                          \u003Cdiv  class=\u0022fecha\u0022 \u003E\n      14 de Febrero de 2020\u003C\/div\u003E\n      \n  \n\n\n  \u003C\/div\u003E\n    \n                          \u003Cdiv  class=\u0022texto\u0022 \u003E\n      \u003Cp\u003ELa Vicerrector\u00eda a trav\u00e9s del Departamento de Apoyo a la Extensi\u00f3n de la Cultura y la Vinculaci\u00f3n (DAECyV), brindaron una bienvenida a los 51 alumnos de movilidad estudiantil que ya se encuentran inscritos durante este semestre 2020-1 en alguno de los programas educativos que se imparten en el Campus Ensenada.\u003C\/p\u003E\n\n\u003Cp\u003EAsistieron 39 estudiantes de diferentes partes del pa\u00eds, como Campeche, Chihuahua, Ciudad de M\u00e9xico, Nayarit, Oaxaca, Puebla, Sinaloa y Sonora; as\u00ed como 12 alumnos de provenientes de Bolivia, Colombia, Espa\u00f1a, Francia y Per\u00fa.\u003C\/p\u003E\n\n\u003Cp\u003ELa doctora M\u00f3nica Lacavex Berumen, vicerrectora del Campus Ensenada, mencion\u00f3 que este recibimiento tiene el objetivo de que los estudiantes visitantes se conozcan entre ellos y tambi\u00e9n ubiquen a sus directivos. \u201cQueremos que sepan que tienen el apoyo en todo momento de la Universidad\u201d, agreg\u00f3.\u003C\/p\u003E\n\n\u003Cp\u003EAsimismo, dese\u00f3 una estancia enriquecedora en todos los aspectos, que adem\u00e1s de los aprendizajes que reciban en el aula, tambi\u00e9n tengan la oportunidad de conocer la cultura y la ciudad en la que ahora residen.\u00a0\u003C\/p\u003E\n\n\u003Cp\u003ELa doctora Miriam \u00c1lvarez Mariscal, jefa del DAECyV, expres\u00f3 que la UABC les atiende de manera personalizada tanto en la Vicerrector\u00eda como en las unidades acad\u00e9micas con la finalidad de que sepan y sientan que son importantes dentro de la instituci\u00f3n.\u00a0\u003C\/p\u003E\n\n\u003Cp\u003EComo parte del recibimiento, los alumnos de intercambio degustaron platillos mexicanos elaborados por docentes y alumnos de la Facultad de Enolog\u00eda y Gastronom\u00eda.\u00a0\u003C\/p\u003E\n\n\u003Cp\u003ECabe destacar que los alumnos recibieron una pl\u00e1tica sobre procedimientos de seguridad institucionales para saber c\u00f3mo actuar ante una situaci\u00f3n que vulnere su seguridad a cargo del licenciado Jes\u00fas Raymundo Ju\u00e1rez Rojas, jefe del Departamento de Recursos Humanos; tambi\u00e9n el maestro Adalberto Avelar Garc\u00eda Rojas, analista de cooperaci\u00f3n acad\u00e9mica del DAECyV, brind\u00f3 consejos a los j\u00f3venes para adaptarse a nuevas culturas.\u003C\/p\u003E\n\n\u003Cp\u003EDurante la bienvenida estuvieron presentes los directores de las unidades acad\u00e9micas, los responsables de intercambio de las escuelas y facultades, as\u00ed como el personal de apoyo del DAECyV.\u00a0\u003C\/p\u003E\n\n\u003Cp\u003EFotos: Jos\u00e9 Ram\u00edrez y Paulina Moreno\u003C\/p\u003E\n\n\u003Cp\u003E\u00a0\u003C\/p\u003E\u003C\/div\u003E\n      \n  \n\n    \n            \u003Cdiv  class=\u0022palabras-clave\u0022\u003E\n                        \u003Ca href=\u0022\/tags\/intercambio-estudiantil-0\u0022 hreflang=\u0022es\u0022\u003EIntercambio estudiantil \u003C\/a\u003E\n                \u003Ca href=\u0022\/tags\/campus-ensenada\u0022 hreflang=\u0022es\u0022\u003ECampus Ensenada\u003C\/a\u003E\n                \u003Ca href=\u0022\/tags\/bienvenida\u0022 hreflang=\u0022es\u0022\u003EBienvenida\u003C\/a\u003E\n      \n      \u003C\/div\u003E\n  \n\n\n  \u003C\/div\u003E\n\n  \u003C\/div\u003E\n\n  \u003Cdiv class=\u0022area-extras group-right\u0022\u003E\n        \n                          \u003Cdiv  class=\u0022enlace-blockBottom\u0022 \u003E\n      \u003Cdiv\u003EVer m\u00e1s \u003Ca href=\u0022http:\/\/gaceta.uabc.mx\/notas\u0022\u003ENotas\u003C\/a\u003E\u003C\/div\u003E\n\u003C\/div\u003E\n      \n  \n\n\n  \u003C\/div\u003E\n\n\u003C\/div\u003E\n\n","settings":null}]