[{"command":"settings","settings":{"pluralDelimiter":"\u0003","suppressDeprecationErrors":true,"ajaxPageState":{"libraries":"core\/drupal.ajax,core\/picturefill,ds\/ds_3col_equal_width","theme":"gaceta","theme_token":null},"ajaxTrustedUrl":[],"field_group":{"html_element":{"mode":"media_expanded","context":"view","settings":{"classes":"datos","show_empty_fields":false,"id":"","element":"div","show_label":false,"label_element":"h3","label_element_classes":"","attributes":"","effect":"none","speed":"fast"}}},"user":{"uid":0,"permissionsHash":"55dc977d165ab1e05e51b6cc6487f6d73e65ab536d99ee82c6990d9001d5c21c"}},"merge":true},{"command":"add_css","data":"\u003Clink rel=\u0022stylesheet\u0022 media=\u0022all\u0022 href=\u0022\/sites\/default\/files\/css\/css_mxJrjoKKAZuuB4_4f-B1u9VnFZxvSor3Az4JEdrFEso.css\u0022 \/\u003E\n\u003Clink rel=\u0022stylesheet\u0022 media=\u0022all\u0022 href=\u0022\/sites\/default\/files\/css\/css_-BXSGQpS8YTwwuXGbPoshUvZ7W-_HbYR3H7d0DA_mEY.css\u0022 \/\u003E\n\u003Clink rel=\u0022stylesheet\u0022 media=\u0022all\u0022 href=\u0022\/sites\/default\/files\/css\/css_89YreTu0npezhXSakRJR9TVHyBS9bTcyt0s3IckAe-M.css\u0022 \/\u003E\n"},{"command":"add_js","selector":"body","data":[{"src":"\/sites\/default\/files\/js\/js_9UaAhXvc9u0KYXXUw-OKyLP2baQxdV4zY3Y_KGurcvY.js"},{"src":"\/sites\/default\/files\/js\/js_oDJxUBLBzfRb_FDgNfkNOm9-tiatS2kNfxQIeVRZA7Y.js"},{"src":"\/sites\/default\/files\/js\/js_YM82KRuzNIr2X-Kb8pQW8cOcSbWgQ_QGKclTYJ_aMlI.js"},{"src":"\/sites\/default\/files\/js\/js_pqqsPPmPmxKgamY6qk_WSawtL05XH_yAY8GkPHVyahI.js"}]},{"command":"insert","method":"replaceWith","selector":".view-mode-full","data":"\u003Cdiv data-history-node-id=\u002215880\u0022 class=\u0022contenido view-mode-media_expanded ds-3col-equal clearfix\u0022\u003E\n\n  \n\n  \u003Cdiv class=\u0022area-medios group-left\u0022\u003E\n        \n                          \u003Cdiv  class=\u0022imagen\u0022 \u003E\n          \u003Cpicture\u003E\n                  \u003Csource srcset=\u0022\/sites\/default\/files\/styles\/max_650x650\/public\/2020-02\/DSC_0887.webp?itok=yv1hRh2- 650w, \/sites\/default\/files\/styles\/max_1300x1300\/public\/2020-02\/DSC_0887.webp?itok=IthZvviK 1300w, \/sites\/default\/files\/styles\/max_1900x1900\/public\/2020-02\/DSC_0887.webp?itok=gwH379lc 1900w\u0022 type=\u0022image\/webp\u0022 sizes=\u0022100vw\u0022\/\u003E\n              \u003Csource srcset=\u0022\/sites\/default\/files\/styles\/max_650x650\/public\/2020-02\/DSC_0887.JPG?itok=yv1hRh2- 650w, \/sites\/default\/files\/styles\/max_1300x1300\/public\/2020-02\/DSC_0887.JPG?itok=IthZvviK 1300w, \/sites\/default\/files\/styles\/max_1900x1900\/public\/2020-02\/DSC_0887.JPG?itok=gwH379lc 1900w\u0022 type=\u0022image\/jpeg\u0022 sizes=\u0022100vw\u0022\/\u003E\n                  \u003Cimg srcset=\u0022\/sites\/default\/files\/styles\/max_650x650\/public\/2020-02\/DSC_0887.JPG?itok=yv1hRh2- 650w, \/sites\/default\/files\/styles\/max_1300x1300\/public\/2020-02\/DSC_0887.JPG?itok=IthZvviK 1300w, \/sites\/default\/files\/styles\/max_1900x1900\/public\/2020-02\/DSC_0887.JPG?itok=gwH379lc 1900w\u0022 sizes=\u0022100vw\u0022 src=\u0022\/sites\/default\/files\/styles\/max_1300x1300\/public\/2020-02\/DSC_0887.JPG?itok=IthZvviK\u0022 alt=\u0022universiada estatal 2020_sede\u0022 typeof=\u0022foaf:Image\u0022 class=\u0022img-fluid\u0022 \/\u003E\n\n  \u003C\/picture\u003E\n\n\u003C\/div\u003E\n      \n  \n\n      \u003Cdiv  class=\u0022boton-expander\u0022\u003E\n        \n                  \u003Cdiv class=\u0022item-list\u0022\u003E\u003Cul\u003E\u003Cli\u003E\u003Ca href=\u0022\/ds-switch-view-mode\/node\/15880\/media_collapsed?selector=view-mode-media_expanded\u0022 class=\u0022use-ajax\u0022\u003E\u2191\u003C\/a\u003E\u003C\/li\u003E\u003C\/ul\u003E\u003C\/div\u003E\n      \n  \n    \u003C\/div\u003E\n\n\n  \u003C\/div\u003E\n\n  \u003Cdiv class=\u0022area-info group-middle\u0022\u003E\n    \n\u003Cdiv  class=\u0022inner\u0022\u003E\n          \n                          \u003Ch2  class=\u0022titulo\u0022 \u003E\n        Albergar\u00e1 UABC sede de la Universiada Estatal\n\u003C\/h2\u003E\n      \n  \n\n    \n                          \u003Cdiv  class=\u0022resumen\u0022 \u003E\n      Las instituciones participantes buscan su boleto a la Universiada Regional\u003Cbr \/\u003E\r\n\u003C\/div\u003E\n      \n  \n\n\n\u003Cdiv  class=\u0022datos\u0022\u003E\n            \u003Cdiv  class=\u0022autor\u0022\u003E\n            \u003Cdiv  class=\u0022field-label-inline\u0022\u003EPor\u003C\/div\u003E\n  \n                  \u003Ca href=\u0022\/autores\/alejandrina-mendoza-rivera\u0022 hreflang=\u0022es\u0022\u003EAlejandrina Mendoza Rivera\u003C\/a\u003E\n      \n  \n    \u003C\/div\u003E\n\n      \u003Cdiv  class=\u0022campus\u0022\u003E\n            \u003Cdiv  class=\u0022field-label-inline\u0022\u003ECampus\u003C\/div\u003E\n  \n                  \u003Ca href=\u0022\/campus\/mexicali\u0022 hreflang=\u0022es\u0022\u003EMexicali\u003C\/a\u003E\n      \n  \n    \u003C\/div\u003E\n\n    \n                          \u003Cdiv  class=\u0022fecha\u0022 \u003E\n      25 de Febrero de 2020\u003C\/div\u003E\n      \n  \n\n\n  \u003C\/div\u003E\n    \n                          \u003Cdiv  class=\u0022texto\u0022 \u003E\n      \u003Cp\u003EEl ciclo competitivo del proceso Universiada en Baja California se encuentra a punto de arrancar y por ello este viernes se llev\u00f3 a cabo el cierre de las inscripciones para las instituciones de educaci\u00f3n superior afiliadas al Consejo Nacional del Deporte de la Educaci\u00f3n, AC. (Condde) y dar paso a la universiada estatal.\u003C\/p\u003E\n\n\u003Cp\u003EComo resultado de la junta previa, la UABC albergar\u00e1 las disciplinas de ajedrez, atletismo, tae kwon do, b\u00e9isbol, f\u00fatbol de bardas, softbol, voleibol de playa y sala; mientras que CETYS ser\u00e1 sede del f\u00fatbol asociaci\u00f3n, baloncesto, baloncesto 3x3 y tiro con arco.\u00a0\u003C\/p\u003E\n\n\u003Cp\u003EEn esta edici\u00f3n participar\u00e1n las instituciones que realizaron los tr\u00e1mites en tiempo y forma ante el Condde; UABC, CETYS Universidad, Centro de Estudios Universitarios Xochicalco, Instituto Tecnol\u00f3gico de Mexicali, Universidad de Tijuana y Universidad del Valle de M\u00e9xico, quienes buscan su boleto para la Universiada Regional.\u00a0\u003C\/p\u003E\n\n\u003Cp\u003E\u003Cbr \/\u003E\u003Cimg alt=\u0022Imagen eliminada.\u0022 data-entity-type=\u0022file\u0022 data-entity-uuid=\u0022a8d517f8-2803-4830-bcbf-ea188e5abf81\u0022 src=\u0022\/sites\/default\/files\/inline-images\/DSC_0891_0.JPG\u0022 title=\u0022Esta imagen se ha eliminado. Por razones de seguridad, s\u00f3lo se permiten im\u00e1genes de dominio local.\u0022 height=\u002216\u0022 width=\u002216\u0022 class=\u0022filter-image-invalid\u0022 \/\u003E\u003C\/p\u003E\u003C\/div\u003E\n      \n  \n\n    \n            \u003Cdiv  class=\u0022palabras-clave\u0022\u003E\n                        \u003Ca href=\u0022\/tags\/sede\u0022 hreflang=\u0022es\u0022\u003ESede\u003C\/a\u003E\n                \u003Ca href=\u0022\/tags\/universiada-estatal\u0022 hreflang=\u0022es\u0022\u003EUniversiada Estatal\u003C\/a\u003E\n      \n      \u003C\/div\u003E\n  \n\n\n  \u003C\/div\u003E\n\n  \u003C\/div\u003E\n\n  \u003Cdiv class=\u0022area-extras group-right\u0022\u003E\n        \n                          \u003Cdiv  class=\u0022enlace-blockBottom\u0022 \u003E\n      \u003Cdiv\u003EVer m\u00e1s \u003Ca href=\u0022http:\/\/gaceta.uabc.mx\/notas\u0022\u003ENotas\u003C\/a\u003E\u003C\/div\u003E\n\u003C\/div\u003E\n      \n  \n\n\n  \u003C\/div\u003E\n\n\u003C\/div\u003E\n\n","settings":null}]