[{"command":"settings","settings":{"pluralDelimiter":"\u0003","suppressDeprecationErrors":true,"ajaxPageState":{"libraries":"core\/drupal.ajax,core\/picturefill,ds\/ds_3col_equal_width","theme":"gaceta","theme_token":null},"ajaxTrustedUrl":[],"field_group":{"html_element":{"mode":"media_expanded","context":"view","settings":{"classes":"datos","show_empty_fields":false,"id":"","element":"div","show_label":false,"label_element":"h3","label_element_classes":"","attributes":"","effect":"none","speed":"fast"}}},"user":{"uid":0,"permissionsHash":"55dc977d165ab1e05e51b6cc6487f6d73e65ab536d99ee82c6990d9001d5c21c"}},"merge":true},{"command":"add_css","data":"\u003Clink rel=\u0022stylesheet\u0022 media=\u0022all\u0022 href=\u0022\/sites\/default\/files\/css\/css_mxJrjoKKAZuuB4_4f-B1u9VnFZxvSor3Az4JEdrFEso.css\u0022 \/\u003E\n\u003Clink rel=\u0022stylesheet\u0022 media=\u0022all\u0022 href=\u0022\/sites\/default\/files\/css\/css_-BXSGQpS8YTwwuXGbPoshUvZ7W-_HbYR3H7d0DA_mEY.css\u0022 \/\u003E\n\u003Clink rel=\u0022stylesheet\u0022 media=\u0022all\u0022 href=\u0022\/sites\/default\/files\/css\/css_89YreTu0npezhXSakRJR9TVHyBS9bTcyt0s3IckAe-M.css\u0022 \/\u003E\n"},{"command":"add_js","selector":"body","data":[{"src":"\/sites\/default\/files\/js\/js_9UaAhXvc9u0KYXXUw-OKyLP2baQxdV4zY3Y_KGurcvY.js"},{"src":"\/sites\/default\/files\/js\/js_oDJxUBLBzfRb_FDgNfkNOm9-tiatS2kNfxQIeVRZA7Y.js"},{"src":"\/sites\/default\/files\/js\/js_YM82KRuzNIr2X-Kb8pQW8cOcSbWgQ_QGKclTYJ_aMlI.js"},{"src":"\/sites\/default\/files\/js\/js_pqqsPPmPmxKgamY6qk_WSawtL05XH_yAY8GkPHVyahI.js"}]},{"command":"insert","method":"replaceWith","selector":".view-mode-full","data":"\u003Cdiv data-history-node-id=\u00221591\u0022 class=\u0022contenido view-mode-media_expanded ds-3col-equal clearfix\u0022\u003E\n\n  \n\n  \u003Cdiv class=\u0022area-medios group-left\u0022\u003E\n        \n                          \u003Cdiv  class=\u0022imagen\u0022 \u003E\n          \u003Cpicture\u003E\n                  \u003Csource srcset=\u0022\/sites\/default\/files\/styles\/max_650x650\/public\/2017-09\/%E2%80%8BImparten%20curso%20de%20termograf%C3%ADa%20a%20estudiantes%20de%20Ingenier%C3%ADa.webp?itok=9wHzDPA3 650w, \/sites\/default\/files\/styles\/max_1300x1300\/public\/2017-09\/%E2%80%8BImparten%20curso%20de%20termograf%C3%ADa%20a%20estudiantes%20de%20Ingenier%C3%ADa.webp?itok=Ez6el9Ba 1300w, \/sites\/default\/files\/styles\/max_1900x1900\/public\/2017-09\/%E2%80%8BImparten%20curso%20de%20termograf%C3%ADa%20a%20estudiantes%20de%20Ingenier%C3%ADa.webp?itok=ubqRMnWm 1900w\u0022 type=\u0022image\/webp\u0022 sizes=\u0022100vw\u0022\/\u003E\n              \u003Csource srcset=\u0022\/sites\/default\/files\/styles\/max_650x650\/public\/2017-09\/%E2%80%8BImparten%20curso%20de%20termograf%C3%ADa%20a%20estudiantes%20de%20Ingenier%C3%ADa.jpg?itok=9wHzDPA3 650w, \/sites\/default\/files\/styles\/max_1300x1300\/public\/2017-09\/%E2%80%8BImparten%20curso%20de%20termograf%C3%ADa%20a%20estudiantes%20de%20Ingenier%C3%ADa.jpg?itok=Ez6el9Ba 1300w, \/sites\/default\/files\/styles\/max_1900x1900\/public\/2017-09\/%E2%80%8BImparten%20curso%20de%20termograf%C3%ADa%20a%20estudiantes%20de%20Ingenier%C3%ADa.jpg?itok=ubqRMnWm 1900w\u0022 type=\u0022image\/jpeg\u0022 sizes=\u0022100vw\u0022\/\u003E\n                  \u003Cimg srcset=\u0022\/sites\/default\/files\/styles\/max_650x650\/public\/2017-09\/%E2%80%8BImparten%20curso%20de%20termograf%C3%ADa%20a%20estudiantes%20de%20Ingenier%C3%ADa.jpg?itok=9wHzDPA3 650w, \/sites\/default\/files\/styles\/max_1300x1300\/public\/2017-09\/%E2%80%8BImparten%20curso%20de%20termograf%C3%ADa%20a%20estudiantes%20de%20Ingenier%C3%ADa.jpg?itok=Ez6el9Ba 1300w, \/sites\/default\/files\/styles\/max_1900x1900\/public\/2017-09\/%E2%80%8BImparten%20curso%20de%20termograf%C3%ADa%20a%20estudiantes%20de%20Ingenier%C3%ADa.jpg?itok=ubqRMnWm 1900w\u0022 sizes=\u0022100vw\u0022 src=\u0022\/sites\/default\/files\/styles\/max_1300x1300\/public\/2017-09\/%E2%80%8BImparten%20curso%20de%20termograf%C3%ADa%20a%20estudiantes%20de%20Ingenier%C3%ADa.jpg?itok=Ez6el9Ba\u0022 alt=\u0022Curso_Termograf\u00eda_Ingenier\u00eda_Ricardo \u00c1ngelo Rosa Vardasca_Acad\u00e9micos Visitantes_Universidade do Porto\u0022 typeof=\u0022foaf:Image\u0022 class=\u0022img-fluid\u0022 \/\u003E\n\n  \u003C\/picture\u003E\n\n\u003C\/div\u003E\n      \n  \n\n      \u003Cdiv  class=\u0022boton-expander\u0022\u003E\n        \n                  \u003Cdiv class=\u0022item-list\u0022\u003E\u003Cul\u003E\u003Cli\u003E\u003Ca href=\u0022\/ds-switch-view-mode\/node\/1591\/media_collapsed?selector=view-mode-media_expanded\u0022 class=\u0022use-ajax\u0022\u003E\u2191\u003C\/a\u003E\u003C\/li\u003E\u003C\/ul\u003E\u003C\/div\u003E\n      \n  \n    \u003C\/div\u003E\n\n\n  \u003C\/div\u003E\n\n  \u003Cdiv class=\u0022area-info group-middle\u0022\u003E\n    \n\u003Cdiv  class=\u0022inner\u0022\u003E\n          \n                          \u003Ch2  class=\u0022titulo\u0022 \u003E\n        \u200bImparten curso de termograf\u00eda a estudiantes de Ingenier\u00eda  \n\u003C\/h2\u003E\n      \n  \n\n    \n                          \u003Cdiv  class=\u0022resumen\u0022 \u003E\n       El curso se imparti\u00f3 en idioma ingles sobre los principios de la termograf\u00eda.\u003C\/div\u003E\n      \n  \n\n\n\u003Cdiv  class=\u0022datos\u0022\u003E\n            \u003Cdiv  class=\u0022autor\u0022\u003E\n            \u003Cdiv  class=\u0022field-label-inline\u0022\u003EPor\u003C\/div\u003E\n  \n                  \u003Ca href=\u0022\/autores\/paulina-moreno-rangel\u0022 hreflang=\u0022es\u0022\u003EPaulina Moreno Rangel\u003C\/a\u003E\n      \n  \n    \u003C\/div\u003E\n\n      \u003Cdiv  class=\u0022campus\u0022\u003E\n            \u003Cdiv  class=\u0022field-label-inline\u0022\u003ECampus\u003C\/div\u003E\n  \n                  \u003Ca href=\u0022\/campus\/ensenada\u0022 hreflang=\u0022es\u0022\u003EEnsenada\u003C\/a\u003E\n      \n  \n    \u003C\/div\u003E\n\n    \n                          \u003Cdiv  class=\u0022fecha\u0022 \u003E\n      6 de Septiembre de 2017\u003C\/div\u003E\n      \n  \n\n\n  \u003C\/div\u003E\n    \n                          \u003Cdiv  class=\u0022texto\u0022 \u003E\n      \u003Cp\u003EDerivado de la Convocatoria de Apoyo a la Modalidad Acad\u00e9mica 2017 \u00a0Acad\u00e9micos Visitantes, \u00a0el doctor Ricardo \u00c1ngelo Rosa Vardasca, profesor\u2013investigador en la Universidade do Porto en Portugal y actual Secretario General de la Asociaci\u00f3n Europea de Termolog\u00eda, visit\u00f3 la UABC, Campus Ensenada, para brindar un curso de Termograf\u00eda a estudiantes de licenciatura, maestr\u00eda y doctorado de la Facultad de Ingenier\u00eda, Arquitectura y Dise\u00f1o (FIAD).\u003C\/p\u003E\n\n\u003Cp\u003EEl doctor Rosa Vardasca fue invitado por la doctora Claudia Camargo Wilson, profesora\u2013investigadora de la FIAD, con la finalidad de que el acad\u00e9mico visitante compartiera sus conocimientos sobre esta t\u00e9cnica de imagen que se basa en medir la temperatura a superficies de objetos, en particular del cuerpo humano.\u003C\/p\u003E\n\n\u003Cp\u003EDurante el curso, que dur\u00f3 20 horas y se imparti\u00f3 en idioma ingl\u00e9s, se abordaron los principios b\u00e1sicos de la termograf\u00eda, la termofisiolog\u00eda del cuerpo humano, los protocolos que se deben obedecer para el uso de esta t\u00e9cnica, el equipamiento, entre otras tem\u00e1ticas.\u003C\/p\u003E\n\n\u003Cp\u003EEl investigador de la Universidade do Porto explic\u00f3 que esta t\u00e9cnica ayuda a los diagn\u00f3sticos m\u00e9dicos, ya que las enfermedades se revelan en la superficie de la piel, \u201ctambi\u00e9n ayuda a validar los tratamientos y para medir a las personas que est\u00e1n en riesgo de desenvolver una enfermedad por realizar esfuerzos repetitivos, este \u00faltimo de inter\u00e9s para las \u00e1reas de ingenier\u00eda industrial\u201d.\u003C\/p\u003E\n\n\u003Cp\u003EComent\u00f3 que su objetivo m\u00e1s importante es compartir con los alumnos lo que se puede hacer y lo que se puede obtener, as\u00ed como las aplicaciones que ha desarrollado a lo largo de su carrera y su experiencia en esta \u00e1rea del conocimiento.\u003C\/p\u003E\n\n\u003Cp\u003EAsimismo, aclar\u00f3 que la termograf\u00eda ha sido efectiva en enfermedades reum\u00e1ticas, c\u00e1ncer de piel y pie diab\u00e9tico, entre otras. En el caso del pie diab\u00e9tico refiri\u00f3 que la t\u00e9cnica permite anticipar, al menos en tres semanas, la aparici\u00f3n de las ulceras y tratarlas.\u003C\/p\u003E\n\n\u003Cp\u003E\u201cExisten proyectos de intercambio internacionales entre M\u00e9xico y Portugal y vamos a procurar financiamientos para proyectos de colaboraci\u00f3n y poder repetir estudios que hacemos en Europa y realizarlos en M\u00e9xico\u201d, finaliz\u00f3 el investigador de origen portugu\u00e9s.\u003C\/p\u003E\u003C\/div\u003E\n      \n  \n\n    \n            \u003Cdiv  class=\u0022palabras-clave\u0022\u003E\n                        \u003Ca href=\u0022\/tags\/curso\u0022 hreflang=\u0022es\u0022\u003ECurso\u003C\/a\u003E\n                \u003Ca href=\u0022\/tags\/termografia\u0022 hreflang=\u0022es\u0022\u003ETermograf\u00eda\u003C\/a\u003E\n                \u003Ca href=\u0022\/tags\/ingenieria\u0022 hreflang=\u0022es\u0022\u003EIngenier\u00eda\u003C\/a\u003E\n                \u003Ca href=\u0022\/tags\/ricardo-angelo-rosa-vardasca\u0022 hreflang=\u0022es\u0022\u003ERicardo \u00c1ngelo Rosa Vardasca\u003C\/a\u003E\n                \u003Ca href=\u0022\/tags\/universidade-do-porto\u0022 hreflang=\u0022es\u0022\u003EUniversidade do Porto\u003C\/a\u003E\n                \u003Ca href=\u0022\/tags\/academicos-visitantes\u0022 hreflang=\u0022es\u0022\u003EAcad\u00e9micos Visitantes\u003C\/a\u003E\n      \n      \u003C\/div\u003E\n  \n\n\n  \u003C\/div\u003E\n\n  \u003C\/div\u003E\n\n  \u003Cdiv class=\u0022area-extras group-right\u0022\u003E\n        \n                          \u003Cdiv  class=\u0022enlace-blockBottom\u0022 \u003E\n      \u003Cdiv\u003EVer m\u00e1s \u003Ca href=\u0022http:\/\/gaceta.uabc.mx\/notas\u0022\u003ENotas\u003C\/a\u003E\u003C\/div\u003E\n\u003C\/div\u003E\n      \n  \n\n\n  \u003C\/div\u003E\n\n\u003C\/div\u003E\n\n","settings":null}]