[{"command":"settings","settings":{"pluralDelimiter":"\u0003","suppressDeprecationErrors":true,"ajaxPageState":{"libraries":"core\/drupal.ajax,core\/picturefill,ds\/ds_3col_equal_width","theme":"gaceta","theme_token":null},"ajaxTrustedUrl":[],"field_group":{"html_element":{"mode":"media_expanded","context":"view","settings":{"classes":"datos","show_empty_fields":false,"id":"","element":"div","show_label":false,"label_element":"h3","label_element_classes":"","attributes":"","effect":"none","speed":"fast"}}},"user":{"uid":0,"permissionsHash":"55dc977d165ab1e05e51b6cc6487f6d73e65ab536d99ee82c6990d9001d5c21c"}},"merge":true},{"command":"add_css","data":"\u003Clink rel=\u0022stylesheet\u0022 media=\u0022all\u0022 href=\u0022\/sites\/default\/files\/css\/css_mxJrjoKKAZuuB4_4f-B1u9VnFZxvSor3Az4JEdrFEso.css\u0022 \/\u003E\n\u003Clink rel=\u0022stylesheet\u0022 media=\u0022all\u0022 href=\u0022\/sites\/default\/files\/css\/css_-BXSGQpS8YTwwuXGbPoshUvZ7W-_HbYR3H7d0DA_mEY.css\u0022 \/\u003E\n\u003Clink rel=\u0022stylesheet\u0022 media=\u0022all\u0022 href=\u0022\/sites\/default\/files\/css\/css_89YreTu0npezhXSakRJR9TVHyBS9bTcyt0s3IckAe-M.css\u0022 \/\u003E\n"},{"command":"add_js","selector":"body","data":[{"src":"\/sites\/default\/files\/js\/js_9UaAhXvc9u0KYXXUw-OKyLP2baQxdV4zY3Y_KGurcvY.js"},{"src":"\/sites\/default\/files\/js\/js_oDJxUBLBzfRb_FDgNfkNOm9-tiatS2kNfxQIeVRZA7Y.js"},{"src":"\/sites\/default\/files\/js\/js_YM82KRuzNIr2X-Kb8pQW8cOcSbWgQ_QGKclTYJ_aMlI.js"},{"src":"\/sites\/default\/files\/js\/js_pqqsPPmPmxKgamY6qk_WSawtL05XH_yAY8GkPHVyahI.js"}]},{"command":"insert","method":"replaceWith","selector":".view-mode-full","data":"\u003Cdiv data-history-node-id=\u0022163\u0022 class=\u0022contenido view-mode-media_expanded ds-3col-equal clearfix\u0022\u003E\n\n  \n\n  \u003Cdiv class=\u0022area-medios group-left\u0022\u003E\n        \n                          \u003Cdiv  class=\u0022imagen\u0022 \u003E\n          \u003Cpicture\u003E\n                  \u003Csource srcset=\u0022\/sites\/default\/files\/styles\/max_650x650\/public\/2016-08\/conferencia.webp?itok=xN2Jo9fQ 650w, \/sites\/default\/files\/styles\/max_1300x1300\/public\/2016-08\/conferencia.webp?itok=1EDhResT 1300w, \/sites\/default\/files\/styles\/max_1900x1900\/public\/2016-08\/conferencia.webp?itok=yS0dAvr8 1900w\u0022 type=\u0022image\/webp\u0022 sizes=\u0022100vw\u0022\/\u003E\n              \u003Csource srcset=\u0022\/sites\/default\/files\/styles\/max_650x650\/public\/2016-08\/conferencia.jpg?itok=xN2Jo9fQ 650w, \/sites\/default\/files\/styles\/max_1300x1300\/public\/2016-08\/conferencia.jpg?itok=1EDhResT 1300w, \/sites\/default\/files\/styles\/max_1900x1900\/public\/2016-08\/conferencia.jpg?itok=yS0dAvr8 1900w\u0022 type=\u0022image\/jpeg\u0022 sizes=\u0022100vw\u0022\/\u003E\n                  \u003Cimg srcset=\u0022\/sites\/default\/files\/styles\/max_650x650\/public\/2016-08\/conferencia.jpg?itok=xN2Jo9fQ 650w, \/sites\/default\/files\/styles\/max_1300x1300\/public\/2016-08\/conferencia.jpg?itok=1EDhResT 1300w, \/sites\/default\/files\/styles\/max_1900x1900\/public\/2016-08\/conferencia.jpg?itok=yS0dAvr8 1900w\u0022 sizes=\u0022100vw\u0022 src=\u0022\/sites\/default\/files\/styles\/max_1300x1300\/public\/2016-08\/conferencia.jpg?itok=1EDhResT\u0022 alt=\u0022Buscan la colaboraci\u00f3n a trav\u00e9s de proyectos con dimensi\u00f3n internacional.\u0022 typeof=\u0022foaf:Image\u0022 class=\u0022img-fluid\u0022 \/\u003E\n\n  \u003C\/picture\u003E\n\n\u003C\/div\u003E\n      \n  \n\n      \u003Cdiv  class=\u0022boton-expander\u0022\u003E\n        \n                  \u003Cdiv class=\u0022item-list\u0022\u003E\u003Cul\u003E\u003Cli\u003E\u003Ca href=\u0022\/ds-switch-view-mode\/node\/163\/media_collapsed?selector=view-mode-media_expanded\u0022 class=\u0022use-ajax\u0022\u003E\u2191\u003C\/a\u003E\u003C\/li\u003E\u003C\/ul\u003E\u003C\/div\u003E\n      \n  \n    \u003C\/div\u003E\n\n\n  \u003C\/div\u003E\n\n  \u003Cdiv class=\u0022area-info group-middle\u0022\u003E\n    \n\u003Cdiv  class=\u0022inner\u0022\u003E\n          \n                          \u003Ch2  class=\u0022titulo\u0022 \u003E\n        Visitan autoridades de la UCR el Campus Ensenada\n\u003C\/h2\u003E\n      \n  \n\n    \n                          \u003Cdiv  class=\u0022resumen\u0022 \u003E\n      Buscan la colaboraci\u00f3n a trav\u00e9s de proyectos con dimensi\u00f3n internacional.\u003C\/div\u003E\n      \n  \n\n\n\u003Cdiv  class=\u0022datos\u0022\u003E\n            \u003Cdiv  class=\u0022autor\u0022\u003E\n            \u003Cdiv  class=\u0022field-label-inline\u0022\u003EPor\u003C\/div\u003E\n  \n                  \u003Ca href=\u0022\/autores\/mtra-paulina-moreno-rangel\u0022 hreflang=\u0022es\u0022\u003EMtra. Paulina Moreno Rangel\u003C\/a\u003E\n      \n  \n    \u003C\/div\u003E\n\n      \u003Cdiv  class=\u0022campus\u0022\u003E\n            \u003Cdiv  class=\u0022field-label-inline\u0022\u003ECampus\u003C\/div\u003E\n  \n                  \u003Ca href=\u0022\/campus\/ensenada\u0022 hreflang=\u0022es\u0022\u003EEnsenada\u003C\/a\u003E\n      \n  \n    \u003C\/div\u003E\n\n    \n                          \u003Cdiv  class=\u0022fecha\u0022 \u003E\n      15 de Agosto de 2016\u003C\/div\u003E\n      \n  \n\n\n  \u003C\/div\u003E\n    \n                          \u003Cdiv  class=\u0022texto\u0022 \u003E\n      \u003Cp\u003E\u003Cstrong\u003EEnsenada, B.C., a 15 de agosto de 2016\u003C\/strong\u003E.-\u00a0 Una comitiva acad\u00e9mica de la Universidad de California en Riverside (UCR), encabezada por el doctor Kelechi Kalu, Vicerrector de Asuntos Internacionales, visit\u00f3 el Campus Ensenada de la Universidad Aut\u00f3noma de Baja California (UABC) con la finalidad de conocer \u00e1reas de inter\u00e9s mutuo para llevar a cabo proyectos de colaboraci\u00f3n en la que participen estudiantes y profesores de distintas disciplinas.\u003C\/p\u003E\n\n\u003Cp\u003ELos representantes de la UCR fueron recibidos por la doctora Blanca Rosa Garc\u00eda Rivera, Vicerrectora del Campus Ensenada y el doctor Jos\u00e9 David Ledezma Torres, Coordinador de Cooperaci\u00f3n Internacional e Intercambio Acad\u00e9mico de la UABC, quienes expresaron que esta visita permite una dimensi\u00f3n internacional a los planes de estudio actuales. \u00a0\u003C\/p\u003E\n\n\u003Cp\u003EDurante este encuentro estuvieron presentes directivos y docentes de las facultades de Artes, Idiomas, Ciencias, Ciencias Administrativas y Sociales, e Ingenier\u00eda, Arquitectura y Dise\u00f1o.\u003C\/p\u003E\n\n\u003Cp\u003EAlgunas de las disciplina que se atendieron en la reuni\u00f3n\u00a0 fueron biotecnolog\u00eda, nanotecnolog\u00eda, electr\u00f3nica, arte, m\u00fasica, biolog\u00eda, computaci\u00f3n, sociolog\u00eda, psicolog\u00eda, idiomas, entre otras de inter\u00e9s para el impulso en la colaboraci\u00f3n de proyectos entre ambas instituciones.\u003C\/p\u003E\n\n\u003Cp\u003ECabe mencionar que estas acciones van encaminadas a cumplir con el Plan de Desarrollo Institucional 2015-2019 de la UABC, en el que se establece propiciar la incorporaci\u00f3n en los programas educativos, de la dimensi\u00f3n internacional y materias con contenido global.\u003C\/p\u003E\n\n\u003Cp\u003EPor parte de la UCR estuvieron presentes Veronique Rorive y Mely Fitzgerald, quienes acompa\u00f1aron al doctor Kelechi Kalu, mientras que por parte de la UABC se cont\u00f3 con la presencia del doctor Juan Iv\u00e1n Nieto Hip\u00f3lito, Director de la Facultad de Ingenier\u00eda, Arquitectura y Dise\u00f1o; doctor Juan Cris\u00f3stomo Tapia Mercado, Director de la Facultad de Ciencias; doctora M\u00f3nica Lacavex Berumen, Directora de la Facultad de Ciencias Administrativas y Sociales; maestra Olimpia Buenrostro Flores, Subdirectora de la Facultad de Idiomas y maestro Carlos Mart\u00edn S\u00e1mano Morales, Subdirector de la Facultad de Artes.\u003C\/p\u003E\u003C\/div\u003E\n      \n  \n\n    \n            \u003Cdiv  class=\u0022palabras-clave\u0022\u003E\n                        \u003Ca href=\u0022\/tags\/universidad-de-california-en-riverside\u0022 hreflang=\u0022es\u0022\u003EUniversidad de California en Riverside\u003C\/a\u003E\n                \u003Ca href=\u0022\/tags\/colaboracion\u0022 hreflang=\u0022es\u0022\u003EColaboraci\u00f3n\u003C\/a\u003E\n                \u003Ca href=\u0022\/tags\/internacional\u0022 hreflang=\u0022es\u0022\u003EInternacional\u003C\/a\u003E\n      \n      \u003C\/div\u003E\n  \n\n\n  \u003C\/div\u003E\n\n  \u003C\/div\u003E\n\n  \u003Cdiv class=\u0022area-extras group-right\u0022\u003E\n        \n                          \u003Cdiv  class=\u0022enlace-blockBottom\u0022 \u003E\n      \u003Cdiv\u003EVer m\u00e1s \u003Ca href=\u0022http:\/\/gaceta.uabc.mx\/notas\u0022\u003ENotas\u003C\/a\u003E\u003C\/div\u003E\n\u003C\/div\u003E\n      \n  \n\n\n  \u003C\/div\u003E\n\n\u003C\/div\u003E\n\n","settings":null}]