[{"command":"settings","settings":{"pluralDelimiter":"\u0003","suppressDeprecationErrors":true,"ajaxPageState":{"libraries":"core\/drupal.ajax,core\/picturefill,ds\/ds_3col_equal_width","theme":"gaceta","theme_token":null},"ajaxTrustedUrl":[],"field_group":{"html_element":{"mode":"media_expanded","context":"view","settings":{"classes":"datos","show_empty_fields":false,"id":"","element":"div","show_label":false,"label_element":"h3","label_element_classes":"","attributes":"","effect":"none","speed":"fast"}}},"user":{"uid":0,"permissionsHash":"55dc977d165ab1e05e51b6cc6487f6d73e65ab536d99ee82c6990d9001d5c21c"}},"merge":true},{"command":"add_css","data":"\u003Clink rel=\u0022stylesheet\u0022 media=\u0022all\u0022 href=\u0022\/sites\/default\/files\/css\/css_mxJrjoKKAZuuB4_4f-B1u9VnFZxvSor3Az4JEdrFEso.css\u0022 \/\u003E\n\u003Clink rel=\u0022stylesheet\u0022 media=\u0022all\u0022 href=\u0022\/sites\/default\/files\/css\/css_-BXSGQpS8YTwwuXGbPoshUvZ7W-_HbYR3H7d0DA_mEY.css\u0022 \/\u003E\n\u003Clink rel=\u0022stylesheet\u0022 media=\u0022all\u0022 href=\u0022\/sites\/default\/files\/css\/css_89YreTu0npezhXSakRJR9TVHyBS9bTcyt0s3IckAe-M.css\u0022 \/\u003E\n"},{"command":"add_js","selector":"body","data":[{"src":"\/sites\/default\/files\/js\/js_9UaAhXvc9u0KYXXUw-OKyLP2baQxdV4zY3Y_KGurcvY.js"},{"src":"\/sites\/default\/files\/js\/js_oDJxUBLBzfRb_FDgNfkNOm9-tiatS2kNfxQIeVRZA7Y.js"},{"src":"\/sites\/default\/files\/js\/js_YM82KRuzNIr2X-Kb8pQW8cOcSbWgQ_QGKclTYJ_aMlI.js"},{"src":"\/sites\/default\/files\/js\/js_pqqsPPmPmxKgamY6qk_WSawtL05XH_yAY8GkPHVyahI.js"}]},{"command":"insert","method":"replaceWith","selector":".view-mode-full","data":"\u003Cdiv data-history-node-id=\u002216434\u0022 class=\u0022contenido view-mode-media_expanded ds-3col-equal clearfix\u0022\u003E\n\n  \n\n  \u003Cdiv class=\u0022area-medios group-left\u0022\u003E\n        \n                          \u003Cdiv  class=\u0022imagen\u0022 \u003E\n          \u003Cpicture\u003E\n                  \u003Csource srcset=\u0022\/sites\/default\/files\/styles\/max_650x650\/public\/2020-09\/032.webp?itok=9uVSeho5 650w, \/sites\/default\/files\/styles\/max_1300x1300\/public\/2020-09\/032.webp?itok=rzgMD72w 1300w, \/sites\/default\/files\/styles\/max_1900x1900\/public\/2020-09\/032.webp?itok=xuZ4AOTo 1900w\u0022 type=\u0022image\/webp\u0022 sizes=\u0022100vw\u0022\/\u003E\n              \u003Csource srcset=\u0022\/sites\/default\/files\/styles\/max_650x650\/public\/2020-09\/032.PNG?itok=9uVSeho5 650w, \/sites\/default\/files\/styles\/max_1300x1300\/public\/2020-09\/032.PNG?itok=rzgMD72w 1300w, \/sites\/default\/files\/styles\/max_1900x1900\/public\/2020-09\/032.PNG?itok=xuZ4AOTo 1900w\u0022 type=\u0022image\/png\u0022 sizes=\u0022100vw\u0022\/\u003E\n                  \u003Cimg srcset=\u0022\/sites\/default\/files\/styles\/max_650x650\/public\/2020-09\/032.PNG?itok=9uVSeho5 650w, \/sites\/default\/files\/styles\/max_1300x1300\/public\/2020-09\/032.PNG?itok=rzgMD72w 1300w, \/sites\/default\/files\/styles\/max_1900x1900\/public\/2020-09\/032.PNG?itok=xuZ4AOTo 1900w\u0022 sizes=\u0022100vw\u0022 src=\u0022\/sites\/default\/files\/styles\/max_1300x1300\/public\/2020-09\/032.PNG?itok=rzgMD72w\u0022 alt=\u0022\u0022 typeof=\u0022foaf:Image\u0022 class=\u0022img-fluid\u0022 \/\u003E\n\n  \u003C\/picture\u003E\n\n\u003C\/div\u003E\n      \n  \n\n      \u003Cdiv  class=\u0022boton-expander\u0022\u003E\n        \n                  \u003Cdiv class=\u0022item-list\u0022\u003E\u003Cul\u003E\u003Cli\u003E\u003Ca href=\u0022\/ds-switch-view-mode\/node\/16434\/media_collapsed?selector=view-mode-media_expanded\u0022 class=\u0022use-ajax\u0022\u003E\u2191\u003C\/a\u003E\u003C\/li\u003E\u003C\/ul\u003E\u003C\/div\u003E\n      \n  \n    \u003C\/div\u003E\n\n\n  \u003C\/div\u003E\n\n  \u003Cdiv class=\u0022area-info group-middle\u0022\u003E\n    \n\u003Cdiv  class=\u0022inner\u0022\u003E\n          \n                          \u003Ch2  class=\u0022titulo\u0022 \u003E\n        Presentan conferencia sobre el imperio espa\u00f1ol en Centroam\u00e9rica\n\u003C\/h2\u003E\n      \n  \n\n    \n                          \u003Cdiv  class=\u0022resumen\u0022 \u003E\n      Forma parte de las XV Jornadas Internacionales: Historia, Patrimonio y Frontera\u003Cbr \/\u003E\r\n\u003C\/div\u003E\n      \n  \n\n\n\u003Cdiv  class=\u0022datos\u0022\u003E\n            \u003Cdiv  class=\u0022autor\u0022\u003E\n            \u003Cdiv  class=\u0022field-label-inline\u0022\u003EPor\u003C\/div\u003E\n  \n                  \u003Ca href=\u0022\/autores\/elidia-yadira-delgado-guzman\u0022 hreflang=\u0022es\u0022\u003EElidia Yadira Delgado Guzm\u00e1n\u003C\/a\u003E\n      \n  \n    \u003C\/div\u003E\n\n      \u003Cdiv  class=\u0022campus\u0022\u003E\n            \u003Cdiv  class=\u0022field-label-inline\u0022\u003ECampus\u003C\/div\u003E\n  \n                  \u003Ca href=\u0022\/campus\/tijuana\u0022 hreflang=\u0022es\u0022\u003ETijuana\u003C\/a\u003E\n      \n  \n    \u003C\/div\u003E\n\n    \n                          \u003Cdiv  class=\u0022fecha\u0022 \u003E\n      30 de Septiembre de 2020\u003C\/div\u003E\n      \n  \n\n\n  \u003C\/div\u003E\n    \n                          \u003Cdiv  class=\u0022texto\u0022 \u003E\n      \u003Cp\u003EContinuando con el programa de las XV Jornadas Internacionales: Historia, Patrimonio y Frontera, el Instituto de Investigaciones Hist\u00f3ricas (IIH) present\u00f3 la conferencia magistral \u201cLas otras fronteras de la Am\u00e9rica espa\u00f1ola: negaci\u00f3n, permeabilidad, contrabando y conflicto en el istmo centroamericano 1600-1894\u201d.\u00a0\u003C\/p\u003E\n\n\u003Cp\u003ELa conferencia fue dirigida por Isabel Povea Moreno, investigadora del IIH, en compa\u00f1\u00eda del doctor Rafael Obando, profesor en Antropolog\u00eda Social y Cultural en la Universidad Pablo Olavide, Sevilla. Adem\u00e1s, es licenciado en Historia, Magister en Derechos Humanos, Interculturalidad y Desarrollo y en Desarrollo Local, Cooperaci\u00f3n Multilateral.\u003C\/p\u003E\n\n\u003Cp\u003EEl doctor Obando mencion\u00f3: \u201cEn este tiempo que vamos a conversar me gustar\u00eda enfocarme en una de las particulares del imperio espa\u00f1ol en Centroam\u00e9rica, se trata de una delimitaci\u00f3n temporal que se convirti\u00f3 en una de las fronteras internas m\u00e1s din\u00e1micas y conflictivas que el imperio espa\u00f1ol tuvo a lo largo de su presencia en Am\u00e9rica. Adem\u00e1s, los habitantes de esa frontera cumplieron un papel primordial en la econom\u00eda imperial y especialmente en la pol\u00edtica mundial, llegando seg\u00fan algunos investigadores, a influenciar en la econom\u00eda del imperio chino en el siglo XVII\u2019\u2019.\u003C\/p\u003E\n\n\u003Cp\u003EEl profesor de la universidad sevillana abord\u00f3 los temas con gran dominio por medio de una presentaci\u00f3n de mapas, los cuales hicieron a\u00fan m\u00e1s din\u00e1mica e interesante la conferencia, dejando al p\u00fablico espectador satisfecho. Asimismo, se llev\u00f3 a cabo la secci\u00f3n de preguntas y respuestas en donde participaron alumnos por medio de los comentarios en la transmisi\u00f3n en vivo.\u00a0\u003C\/p\u003E\n\n\u003Cp\u003EEl Instituto de Investigaciones Hist\u00f3rica invita a los interesados a seguir de cerca las transmisiones en vivo que estar\u00e1n compartiendo por medio del Facebook XV Jornadas Internacionales, Historia, Patrimonio y Frontera, en los pr\u00f3ximos eventos.\u00a0\u003C\/p\u003E\n\n\u003Cp\u003EPara m\u00e1s informaci\u00f3n consulta la p\u00e1gina oficial: Instituto de Investigaciones Hist\u00f3ricas UABC.\u003C\/p\u003E\n\n\u003Cp\u003E\u00a0\u003C\/p\u003E\n\n\u003Cp\u003EFoto: Elidia Delgado\u003C\/p\u003E\n\n\u003Cp\u003E\u00a0\u003C\/p\u003E\u003C\/div\u003E\n      \n  \n\n    \n            \u003Cdiv  class=\u0022palabras-clave\u0022\u003E\n                        \u003Ca href=\u0022\/tags\/historia-patrimonio-y-frontera\u0022 hreflang=\u0022es\u0022\u003EHistoria, Patrimonio y Frontera\u003C\/a\u003E\n                \u003Ca href=\u0022\/tags\/conferencia\u0022 hreflang=\u0022es\u0022\u003EConferencia\u003C\/a\u003E\n                \u003Ca href=\u0022\/tags\/iih\u0022 hreflang=\u0022es\u0022\u003EIIH\u003C\/a\u003E\n      \n      \u003C\/div\u003E\n  \n\n\n  \u003C\/div\u003E\n\n  \u003C\/div\u003E\n\n  \u003Cdiv class=\u0022area-extras group-right\u0022\u003E\n        \n                          \u003Cdiv  class=\u0022enlace-blockBottom\u0022 \u003E\n      \u003Cdiv\u003EVer m\u00e1s \u003Ca href=\u0022http:\/\/gaceta.uabc.mx\/notas\u0022\u003ENotas\u003C\/a\u003E\u003C\/div\u003E\n\u003C\/div\u003E\n      \n  \n\n\n  \u003C\/div\u003E\n\n\u003C\/div\u003E\n\n","settings":null}]