[{"command":"settings","settings":{"pluralDelimiter":"\u0003","suppressDeprecationErrors":true,"ajaxPageState":{"libraries":"core\/drupal.ajax,core\/picturefill,ds\/ds_3col_equal_width","theme":"gaceta","theme_token":null},"ajaxTrustedUrl":[],"field_group":{"html_element":{"mode":"media_expanded","context":"view","settings":{"classes":"datos","show_empty_fields":false,"id":"","element":"div","show_label":false,"label_element":"h3","label_element_classes":"","attributes":"","effect":"none","speed":"fast"}}},"user":{"uid":0,"permissionsHash":"55dc977d165ab1e05e51b6cc6487f6d73e65ab536d99ee82c6990d9001d5c21c"}},"merge":true},{"command":"add_css","data":"\u003Clink rel=\u0022stylesheet\u0022 media=\u0022all\u0022 href=\u0022\/sites\/default\/files\/css\/css_mxJrjoKKAZuuB4_4f-B1u9VnFZxvSor3Az4JEdrFEso.css\u0022 \/\u003E\n\u003Clink rel=\u0022stylesheet\u0022 media=\u0022all\u0022 href=\u0022\/sites\/default\/files\/css\/css_-BXSGQpS8YTwwuXGbPoshUvZ7W-_HbYR3H7d0DA_mEY.css\u0022 \/\u003E\n\u003Clink rel=\u0022stylesheet\u0022 media=\u0022all\u0022 href=\u0022\/sites\/default\/files\/css\/css_89YreTu0npezhXSakRJR9TVHyBS9bTcyt0s3IckAe-M.css\u0022 \/\u003E\n"},{"command":"add_js","selector":"body","data":[{"src":"\/sites\/default\/files\/js\/js_9UaAhXvc9u0KYXXUw-OKyLP2baQxdV4zY3Y_KGurcvY.js"},{"src":"\/sites\/default\/files\/js\/js_oDJxUBLBzfRb_FDgNfkNOm9-tiatS2kNfxQIeVRZA7Y.js"},{"src":"\/sites\/default\/files\/js\/js_YM82KRuzNIr2X-Kb8pQW8cOcSbWgQ_QGKclTYJ_aMlI.js"},{"src":"\/sites\/default\/files\/js\/js_pqqsPPmPmxKgamY6qk_WSawtL05XH_yAY8GkPHVyahI.js"}]},{"command":"insert","method":"replaceWith","selector":".view-mode-full","data":"\u003Cdiv data-history-node-id=\u002216785\u0022 class=\u0022contenido view-mode-media_expanded ds-3col-equal clearfix\u0022\u003E\n\n  \n\n  \u003Cdiv class=\u0022area-medios group-left\u0022\u003E\n        \n                          \u003Cdiv  class=\u0022imagen\u0022 \u003E\n          \u003Cpicture\u003E\n                  \u003Csource srcset=\u0022\/sites\/default\/files\/styles\/max_650x650\/public\/2020-11\/_DSC0091%20%283%29.webp?itok=Mzxi9iik 650w, \/sites\/default\/files\/styles\/max_1900x1900\/public\/2020-11\/_DSC0091%20%283%29.webp?itok=eVVnOlDz 1024w\u0022 type=\u0022image\/webp\u0022 sizes=\u0022100vw\u0022\/\u003E\n              \u003Csource srcset=\u0022\/sites\/default\/files\/styles\/max_650x650\/public\/2020-11\/_DSC0091%20%283%29.jpg?itok=Mzxi9iik 650w, \/sites\/default\/files\/styles\/max_1900x1900\/public\/2020-11\/_DSC0091%20%283%29.jpg?itok=eVVnOlDz 1024w\u0022 type=\u0022image\/jpeg\u0022 sizes=\u0022100vw\u0022\/\u003E\n                  \u003Cimg srcset=\u0022\/sites\/default\/files\/styles\/max_650x650\/public\/2020-11\/_DSC0091%20%283%29.jpg?itok=Mzxi9iik 650w, \/sites\/default\/files\/styles\/max_1900x1900\/public\/2020-11\/_DSC0091%20%283%29.jpg?itok=eVVnOlDz 1024w\u0022 sizes=\u0022100vw\u0022 src=\u0022\/sites\/default\/files\/styles\/max_1300x1300\/public\/2020-11\/_DSC0091%20%283%29.jpg?itok=urH7QF23\u0022 alt=\u0022\u0022 typeof=\u0022foaf:Image\u0022 class=\u0022img-fluid\u0022 \/\u003E\n\n  \u003C\/picture\u003E\n\n\u003C\/div\u003E\n      \n  \n\n      \u003Cdiv  class=\u0022boton-expander\u0022\u003E\n        \n                  \u003Cdiv class=\u0022item-list\u0022\u003E\u003Cul\u003E\u003Cli\u003E\u003Ca href=\u0022\/ds-switch-view-mode\/node\/16785\/media_collapsed?selector=view-mode-media_expanded\u0022 class=\u0022use-ajax\u0022\u003E\u2191\u003C\/a\u003E\u003C\/li\u003E\u003C\/ul\u003E\u003C\/div\u003E\n      \n  \n    \u003C\/div\u003E\n\n\n  \u003C\/div\u003E\n\n  \u003Cdiv class=\u0022area-info group-middle\u0022\u003E\n    \n\u003Cdiv  class=\u0022inner\u0022\u003E\n          \n                          \u003Ch2  class=\u0022titulo\u0022 \u003E\n        Promueve UABC denunciar la violencia de g\u00e9nero\n\u003C\/h2\u003E\n      \n  \n\n    \n                          \u003Cdiv  class=\u0022resumen\u0022 \u003E\n      La conferencia completa se puede visualizar en: http:\/\/www.imagenuabc.tv\/\u003Cbr \/\u003E\r\n\u003Cbr \/\u003E\r\n\u003C\/div\u003E\n      \n  \n\n\n\u003Cdiv  class=\u0022datos\u0022\u003E\n            \u003Cdiv  class=\u0022campus\u0022\u003E\n            \u003Cdiv  class=\u0022field-label-inline\u0022\u003ECampus\u003C\/div\u003E\n  \n                  \u003Ca href=\u0022\/campus\/uabc\u0022 hreflang=\u0022es\u0022\u003EUABC\u003C\/a\u003E\n      \n  \n    \u003C\/div\u003E\n\n    \n                          \u003Cdiv  class=\u0022fecha\u0022 \u003E\n      30 de Noviembre de 2020\u003C\/div\u003E\n      \n  \n\n\n  \u003C\/div\u003E\n    \n                          \u003Cdiv  class=\u0022texto\u0022 \u003E\n      \u003Cp\u003EEn el marco del D\u00eda Internacional de la Eliminaci\u00f3n de Violencia contra la Mujer, la UABC, a trav\u00e9s de la Coordinaci\u00f3n General de Servicios Estudiantiles y Gesti\u00f3n Escolar en conjunto con los Comit\u00e9s de Prevenci\u00f3n y Atenci\u00f3n de la Violencia de G\u00e9nero de esta casa de estudios, organiz\u00f3 la conferencia virtual \u0022\u00bfC\u00f3mo denunciar violencia de g\u00e9nero?\u0022.\u003C\/p\u003E\n\n\u003Cp\u003EFue impartida por la licenciada Claudia Murillo Morales, coordinadora de las Unidades de Investigaci\u00f3n de Violencia Familiar adscrita a la Fiscal\u00eda Especializada en Delitos contra Mujeres por Raz\u00f3n de G\u00e9nero, quien abord\u00f3 temas como: procedimientos para realizar una denuncia, tipos de violencia, seguimiento de la denuncia y cu\u00e1les son las instancias de apoyo que existen en el municipio, el estado y el pa\u00eds.\u003C\/p\u003E\n\n\u003Cp\u003EExplic\u00f3 la ponente que la violencia es cualquier acci\u00f3n u omisi\u00f3n, basada en su g\u00e9nero, que le cause da\u00f1o o sufrimiento psicol\u00f3gico, f\u00edsico, patrimonial, econ\u00f3mico, sexual o la muerte, tanto en el \u00e1mbito privado como en el p\u00fablico y defini\u00f3 cada uno de estos tipos de violencia a las que las mujeres pueden ser sometidas. De forma particular, expuso que la violencia intrafamiliar es un acto abusivo de poder u omisi\u00f3n intencional, dirigido a dominar, someter, controlar, agredir de manera f\u00edsica, verbal, psicol\u00f3gica, patrimonial, econ\u00f3mica y sexual dentro o fuera del domicilio familiar.\u003C\/p\u003E\n\n\u003Cp\u003EAsimismo, mencion\u00f3 que la violencia es un comportamiento aprendido que tiene sus ra\u00edces en la cultura y en la forma como esta se estructura socialmente, por ello, exhort\u00f3 a las mujeres a romper estos paradigmas y presentar sus denuncias. \u201cLa violencia de g\u00e9nero sienta sus bases en la desigualdad\u201d, manifest\u00f3.\u003C\/p\u003E\n\n\u003Cp\u003EAtendiendo a la contingencia de salud, la Fiscal\u00eda General del Estado pone a disposici\u00f3n de los ciudadanos el servicio de recepci\u00f3n de Pre-Denuncia en: \u003Ca href=\u0022https:\/\/www.fgebc.gob.mx\/\u0022\u003Ehttps:\/\/www.fgebc.gob.mx\/\u003C\/a\u003E.\u003C\/p\u003E\n\n\u003Cp\u003ELa coordinadora present\u00f3 los requisitos para denunciar la violencia familiar y\/o violencia familiar equiparada: la v\u00edctima debe rendir declaraci\u00f3n ministerial, se debe llevar una valoraci\u00f3n m\u00e9dica en caso de que existan lesiones en la v\u00edctima y se realiza una entrevista con la v\u00edctima por la perito psic\u00f3loga para emitir dictamen en materia de psicolog\u00eda.\u003C\/p\u003E\n\n\u003Cp\u003ESobre las medidas de protecci\u00f3n manifestadas en el art\u00edculo 137 del C\u00f3digo Nacional de Procedimientos Penales, expuso que son: prohibici\u00f3n de acercarse o comunicarse al domicilio de la v\u00edctima; limitaci\u00f3n para acercarse al domicilio de la v\u00edctima; separaci\u00f3n inmediata del domicilio; la entrega inmediata de objetos de uso personal y documentos de identidad de la v\u00edctima que estuvieran en posesi\u00f3n del probable responsable; la prohibici\u00f3n de realizar conductas de intimidaci\u00f3n o molestia a la v\u00edctima o personas relacionada con ello.\u003C\/p\u003E\n\n\u003Cp\u003EAdem\u00e1s: vigilancia en el domicilio de la v\u00edctima; protecci\u00f3n policial de la v\u00edctima; auxilio inmediato por integrantes de las instituciones policiales; traslado de la v\u00edctima a refugios o albergues temporales, as\u00ed como de sus descendientes; y, el reingreso de la v\u00edctima a su domicilio, una vez que se salvaguarde su seguridad.\u003C\/p\u003E\n\n\u003Cp\u003ELa licenciada Murillo Morales mencion\u00f3 que la violencia no respeta educaci\u00f3n, nivel socioecon\u00f3mico, cultura, religi\u00f3n y edad. \u201cLa violencia no es natural, es aprendida y puede cambiar\u201d. Finalmente, mencion\u00f3 que una forma r\u00e1pida para hacer una denuncia de violencia es llamar al 911 que es para llamadas de emergencia, el 089 y el 075 que es para atenci\u00f3n a las mujeres.\u003C\/p\u003E\n\n\u003Cp\u003ELa conferencia completa se puede visualizar en: \u003Ca href=\u0022http:\/\/www.imagenuabc.tv\/\u0022\u003Ehttp:\/\/www.imagenuabc.tv\/\u003C\/a\u003E\u003C\/p\u003E\n\n\u003Cp\u003E\u00a0\u003C\/p\u003E\u003C\/div\u003E\n      \n  \n\n    \n            \u003Cdiv  class=\u0022palabras-clave\u0022\u003E\n                        \u003Ca href=\u0022\/tags\/violencia-de-genero\u0022 hreflang=\u0022es\u0022\u003EViolencia de g\u00e9nero \u003C\/a\u003E\n                \u003Ca href=\u0022\/tags\/copavig\u0022 hreflang=\u0022es\u0022\u003ECOPAVIG\u003C\/a\u003E\n                \u003Ca href=\u0022\/tags\/servicios-estudiantiles-y-gestion-escolar\u0022 hreflang=\u0022es\u0022\u003EServicios Estudiantiles y Gesti\u00f3n Escolar\u003C\/a\u003E\n      \n      \u003C\/div\u003E\n  \n\n\n  \u003C\/div\u003E\n\n  \u003C\/div\u003E\n\n  \u003Cdiv class=\u0022area-extras group-right\u0022\u003E\n        \n                          \u003Cdiv  class=\u0022enlace-blockBottom\u0022 \u003E\n      \u003Cdiv\u003EVer m\u00e1s \u003Ca href=\u0022http:\/\/gaceta.uabc.mx\/notas\u0022\u003ENotas\u003C\/a\u003E\u003C\/div\u003E\n\u003C\/div\u003E\n      \n  \n\n\n  \u003C\/div\u003E\n\n\u003C\/div\u003E\n\n","settings":null}]