[{"command":"settings","settings":{"pluralDelimiter":"\u0003","suppressDeprecationErrors":true,"ajaxPageState":{"libraries":"core\/drupal.ajax,ds\/ds_3col_equal_width","theme":"gaceta","theme_token":null},"ajaxTrustedUrl":[],"field_group":{"html_element":{"mode":"media_expanded","context":"view","settings":{"classes":"datos","show_empty_fields":false,"id":"","element":"div","show_label":false,"label_element":"h3","label_element_classes":"","attributes":"","effect":"none","speed":"fast"}}},"user":{"uid":0,"permissionsHash":"55dc977d165ab1e05e51b6cc6487f6d73e65ab536d99ee82c6990d9001d5c21c"}},"merge":true},{"command":"add_css","data":"\u003Clink rel=\u0022stylesheet\u0022 media=\u0022all\u0022 href=\u0022\/sites\/default\/files\/css\/css_mxJrjoKKAZuuB4_4f-B1u9VnFZxvSor3Az4JEdrFEso.css\u0022 \/\u003E\n\u003Clink rel=\u0022stylesheet\u0022 media=\u0022all\u0022 href=\u0022\/sites\/default\/files\/css\/css_-BXSGQpS8YTwwuXGbPoshUvZ7W-_HbYR3H7d0DA_mEY.css\u0022 \/\u003E\n\u003Clink rel=\u0022stylesheet\u0022 media=\u0022all\u0022 href=\u0022\/sites\/default\/files\/css\/css_89YreTu0npezhXSakRJR9TVHyBS9bTcyt0s3IckAe-M.css\u0022 \/\u003E\n"},{"command":"add_js","selector":"body","data":[{"src":"\/sites\/default\/files\/js\/js_9UaAhXvc9u0KYXXUw-OKyLP2baQxdV4zY3Y_KGurcvY.js"},{"src":"\/sites\/default\/files\/js\/js_oDJxUBLBzfRb_FDgNfkNOm9-tiatS2kNfxQIeVRZA7Y.js"},{"src":"\/sites\/default\/files\/js\/js_1RP4qUEvRifRPl9mYl8nA5jNqky6vVqo6nKEmFCp0ko.js"},{"src":"\/sites\/default\/files\/js\/js_JWYilEE4EQG7Dr-JhBmcQVwxs1c7FMUMbFbUcXjlSYw.js"}]},{"command":"insert","method":"replaceWith","selector":".view-mode-full","data":"\u003Cdiv data-history-node-id=\u002217060\u0022 class=\u0022contenido view-mode-media_expanded ds-3col-equal clearfix\u0022\u003E\n\n  \n\n  \u003Cdiv class=\u0022area-medios group-left\u0022\u003E\n        \n                          \u003Cdiv  class=\u0022imagen-alterna\u0022 \u003E\n        \u003Cimg loading=\u0022lazy\u0022 src=\u0022\/sites\/default\/files\/imagenes\/notas\/2021-02\/inegi.jpg\u0022 alt=\u0022\u0022 typeof=\u0022foaf:Image\u0022 class=\u0022img-fluid\u0022 \/\u003E\n\n\u003C\/div\u003E\n      \n  \n\n      \u003Cdiv  class=\u0022boton-expander\u0022\u003E\n        \n                  \u003Cdiv class=\u0022item-list\u0022\u003E\u003Cul\u003E\u003Cli\u003E\u003Ca href=\u0022\/ds-switch-view-mode\/node\/17060\/media_collapsed?selector=view-mode-media_expanded\u0022 class=\u0022use-ajax\u0022\u003E\u2191\u003C\/a\u003E\u003C\/li\u003E\u003C\/ul\u003E\u003C\/div\u003E\n      \n  \n    \u003C\/div\u003E\n\n\n  \u003C\/div\u003E\n\n  \u003Cdiv class=\u0022area-info group-middle\u0022\u003E\n    \n\u003Cdiv  class=\u0022inner\u0022\u003E\n          \n                          \u003Ch2  class=\u0022titulo\u0022 \u003E\n        Invitan a cimarrones al ciclo de conferencias C\u00e1tedra Inegi \n\u003C\/h2\u003E\n      \n  \n\n    \n                          \u003Cdiv  class=\u0022resumen\u0022 \u003E\n      Se busca fomentar la cultura estad\u00edstica y geogr\u00e1fica.\u003Cbr \/\u003E\r\n\u003C\/div\u003E\n      \n  \n\n\n\u003Cdiv  class=\u0022datos\u0022\u003E\n            \u003Cdiv  class=\u0022autor\u0022\u003E\n            \u003Cdiv  class=\u0022field-label-inline\u0022\u003EPor\u003C\/div\u003E\n  \n                  \u003Ca href=\u0022\/autores\/lic-isaac-daniel-coronado-ortega\u0022 hreflang=\u0022es\u0022\u003ELic. Isaac Daniel Coronado Ortega\u003C\/a\u003E\n      \n  \n    \u003C\/div\u003E\n\n      \u003Cdiv  class=\u0022campus\u0022\u003E\n            \u003Cdiv  class=\u0022field-label-inline\u0022\u003ECampus\u003C\/div\u003E\n  \n                  \u003Ca href=\u0022\/campus\/uabc\u0022 hreflang=\u0022es\u0022\u003EUABC\u003C\/a\u003E\n      \n  \n    \u003C\/div\u003E\n\n    \n                          \u003Cdiv  class=\u0022fecha\u0022 \u003E\n      25 de Febrero de 2021\u003C\/div\u003E\n      \n  \n\n\n  \u003C\/div\u003E\n    \n                          \u003Cdiv  class=\u0022texto\u0022 \u003E\n      \u003Cp\u003ELa UABC, a trav\u00e9s de las facultades de Ciencias Sociales y Pol\u00edticas (FCSyP), as\u00ed como de Econom\u00eda y Relaciones Internacionales (FEyRI), en conjunto con el Instituto Nacional de Estad\u00edstica y Geograf\u00eda (Inegi), invitan a la serie de conferencias C\u00e1tedra Inegi, la cual tendr\u00e1 lugar del 2 de marzo al 20 de mayo.\u003C\/p\u003E\n\n\u003Cp\u003ELa C\u00e1tedra INEGI tiene el objetivo de fomentar la cultura estad\u00edstica y geogr\u00e1fica sustentada en la informaci\u00f3n que genera e integra el instituto, brindando a los participantes un panorama del quehacer institucional. Por lo anterior, de manera virtual y a trav\u00e9s de 12 sesiones se expondr\u00e1n tem\u00e1ticas de inter\u00e9s para la universidad sobre programas de informaci\u00f3n del INEGI.\u003C\/p\u003E\n\n\u003Cp\u003ELa conferencia inaugural ser\u00e1 el 2 de marzo a las 10:00 horas y abordar\u00e1 el tema \u201cUtilidad de la informaci\u00f3n: el caso de Baja California\u201d, ser\u00e1 impartida por el doctor Julio Alfonso Santaella Castell, presidente de la Junta de Gobierno del Inegi.\u003C\/p\u003E\n\n\u003Cp\u003EEn caso de estar interesado debe seguir el siguiente enlace para registrarse a las conferencias: \u003Ca href=\u0022https:\/\/forms.gle\/issDwot7FovZNPFz6?fbclid=IwAR3dK6QfeDnVzvZgN0MeJoRC4_4r2u6s3wNvu_RMeunghgCM3cwSvyqPYag\u0022\u003Ehttps:\/\/forms.gle\/issDwot7FovZNPFz6\u003C\/a\u003E.\u003C\/p\u003E\n\n\u003Cp\u003EPara mayor informaci\u00f3n comunicarse con la doctora Erika Garc\u00eda Meneses, de la FCSyP, al correo \u003Ca href=\u0022mailto:erika.garcia@uabc.edu.mx\u0022\u003Eerika.garcia@uabc.edu.mx\u003C\/a\u003E; as\u00ed como con la doctora Ver\u00f3nica de la O Burrola, de la FEyRI, en la direcci\u00f3n electr\u00f3nica: vdelao@uabc.edu.mx.\u003C\/p\u003E\n\n\u003Cp\u003E\u00a0\u003C\/p\u003E\n\n\u003Cp\u003E\u003Cimg alt=\u0022Imagen eliminada.\u0022 data-entity-type=\u0022file\u0022 data-entity-uuid=\u002280a7beb3-2b30-4576-877a-650da28bb615\u0022 src=\u0022\/sites\/default\/files\/inline-images\/153711057_2842822632599599_6641076522173127241_o.jpg\u0022 title=\u0022Esta imagen se ha eliminado. Por razones de seguridad, s\u00f3lo se permiten im\u00e1genes de dominio local.\u0022 height=\u002216\u0022 width=\u002216\u0022 class=\u0022filter-image-invalid\u0022 \/\u003E\u003C\/p\u003E\u003C\/div\u003E\n      \n  \n\n    \n            \u003Cdiv  class=\u0022palabras-clave\u0022\u003E\n                        \u003Ca href=\u0022\/tags\/conferencias-0\u0022 hreflang=\u0022es\u0022\u003EConferencias\u003C\/a\u003E\n                \u003Ca href=\u0022\/tags\/inegi\u0022 hreflang=\u0022es\u0022\u003EINEGI\u003C\/a\u003E\n      \n      \u003C\/div\u003E\n  \n\n\n  \u003C\/div\u003E\n\n  \u003C\/div\u003E\n\n  \u003Cdiv class=\u0022area-extras group-right\u0022\u003E\n        \n                          \u003Cdiv  class=\u0022enlace-blockBottom\u0022 \u003E\n      \u003Cdiv\u003EVer m\u00e1s \u003Ca href=\u0022http:\/\/gaceta.uabc.mx\/notas\u0022\u003ENotas\u003C\/a\u003E\u003C\/div\u003E\n\u003C\/div\u003E\n      \n  \n\n\n  \u003C\/div\u003E\n\n\u003C\/div\u003E\n\n","settings":null}]