[{"command":"settings","settings":{"pluralDelimiter":"\u0003","suppressDeprecationErrors":true,"ajaxPageState":{"libraries":"core\/drupal.ajax,core\/picturefill,ds\/ds_3col_equal_width","theme":"gaceta","theme_token":null},"ajaxTrustedUrl":[],"field_group":{"html_element":{"mode":"media_expanded","context":"view","settings":{"classes":"datos","show_empty_fields":false,"id":"","element":"div","show_label":false,"label_element":"h3","label_element_classes":"","attributes":"","effect":"none","speed":"fast"}}},"user":{"uid":0,"permissionsHash":"55dc977d165ab1e05e51b6cc6487f6d73e65ab536d99ee82c6990d9001d5c21c"}},"merge":true},{"command":"add_css","data":"\u003Clink rel=\u0022stylesheet\u0022 media=\u0022all\u0022 href=\u0022\/sites\/default\/files\/css\/css_mxJrjoKKAZuuB4_4f-B1u9VnFZxvSor3Az4JEdrFEso.css\u0022 \/\u003E\n\u003Clink rel=\u0022stylesheet\u0022 media=\u0022all\u0022 href=\u0022\/sites\/default\/files\/css\/css_-BXSGQpS8YTwwuXGbPoshUvZ7W-_HbYR3H7d0DA_mEY.css\u0022 \/\u003E\n\u003Clink rel=\u0022stylesheet\u0022 media=\u0022all\u0022 href=\u0022\/sites\/default\/files\/css\/css_89YreTu0npezhXSakRJR9TVHyBS9bTcyt0s3IckAe-M.css\u0022 \/\u003E\n"},{"command":"add_js","selector":"body","data":[{"src":"\/sites\/default\/files\/js\/js_9UaAhXvc9u0KYXXUw-OKyLP2baQxdV4zY3Y_KGurcvY.js"},{"src":"\/sites\/default\/files\/js\/js_oDJxUBLBzfRb_FDgNfkNOm9-tiatS2kNfxQIeVRZA7Y.js"},{"src":"\/sites\/default\/files\/js\/js_YM82KRuzNIr2X-Kb8pQW8cOcSbWgQ_QGKclTYJ_aMlI.js"},{"src":"\/sites\/default\/files\/js\/js_pqqsPPmPmxKgamY6qk_WSawtL05XH_yAY8GkPHVyahI.js"}]},{"command":"insert","method":"replaceWith","selector":".view-mode-full","data":"\u003Cdiv data-history-node-id=\u002217296\u0022 class=\u0022contenido view-mode-media_expanded ds-3col-equal clearfix\u0022\u003E\n\n  \n\n  \u003Cdiv class=\u0022area-medios group-left\u0022\u003E\n        \n                          \u003Cdiv  class=\u0022imagen\u0022 \u003E\n          \u003Cpicture\u003E\n                  \u003Csource srcset=\u0022\/sites\/default\/files\/styles\/max_650x650\/public\/2021-04\/WhatsApp%20Image%202021-04-21%20at%2011.38.01.webp?itok=3VNWqpNa 650w, \/sites\/default\/files\/styles\/max_1300x1300\/public\/2021-04\/WhatsApp%20Image%202021-04-21%20at%2011.38.01.webp?itok=3QzSqYR4 1300w, \/sites\/default\/files\/styles\/max_1900x1900\/public\/2021-04\/WhatsApp%20Image%202021-04-21%20at%2011.38.01.webp?itok=LTWmo2GK 1900w\u0022 type=\u0022image\/webp\u0022 sizes=\u0022100vw\u0022\/\u003E\n              \u003Csource srcset=\u0022\/sites\/default\/files\/styles\/max_650x650\/public\/2021-04\/WhatsApp%20Image%202021-04-21%20at%2011.38.01.jpeg?itok=3VNWqpNa 650w, \/sites\/default\/files\/styles\/max_1300x1300\/public\/2021-04\/WhatsApp%20Image%202021-04-21%20at%2011.38.01.jpeg?itok=3QzSqYR4 1300w, \/sites\/default\/files\/styles\/max_1900x1900\/public\/2021-04\/WhatsApp%20Image%202021-04-21%20at%2011.38.01.jpeg?itok=LTWmo2GK 1900w\u0022 type=\u0022image\/jpeg\u0022 sizes=\u0022100vw\u0022\/\u003E\n                  \u003Cimg srcset=\u0022\/sites\/default\/files\/styles\/max_650x650\/public\/2021-04\/WhatsApp%20Image%202021-04-21%20at%2011.38.01.jpeg?itok=3VNWqpNa 650w, \/sites\/default\/files\/styles\/max_1300x1300\/public\/2021-04\/WhatsApp%20Image%202021-04-21%20at%2011.38.01.jpeg?itok=3QzSqYR4 1300w, \/sites\/default\/files\/styles\/max_1900x1900\/public\/2021-04\/WhatsApp%20Image%202021-04-21%20at%2011.38.01.jpeg?itok=LTWmo2GK 1900w\u0022 sizes=\u0022100vw\u0022 src=\u0022\/sites\/default\/files\/styles\/max_1300x1300\/public\/2021-04\/WhatsApp%20Image%202021-04-21%20at%2011.38.01.jpeg?itok=3QzSqYR4\u0022 alt=\u0022\u0022 typeof=\u0022foaf:Image\u0022 class=\u0022img-fluid\u0022 \/\u003E\n\n  \u003C\/picture\u003E\n\n\u003C\/div\u003E\n      \n  \n\n      \u003Cdiv  class=\u0022boton-expander\u0022\u003E\n        \n                  \u003Cdiv class=\u0022item-list\u0022\u003E\u003Cul\u003E\u003Cli\u003E\u003Ca href=\u0022\/ds-switch-view-mode\/node\/17296\/media_collapsed?selector=view-mode-media_expanded\u0022 class=\u0022use-ajax\u0022\u003E\u2191\u003C\/a\u003E\u003C\/li\u003E\u003C\/ul\u003E\u003C\/div\u003E\n      \n  \n    \u003C\/div\u003E\n\n\n  \u003C\/div\u003E\n\n  \u003Cdiv class=\u0022area-info group-middle\u0022\u003E\n    \n\u003Cdiv  class=\u0022inner\u0022\u003E\n          \n                          \u003Ch2  class=\u0022titulo\u0022 \u003E\n        Designan jefa de Planeaci\u00f3n y Proyectos del Campus Tijuana\n\u003C\/h2\u003E\n      \n  \n\n    \n                          \u003Cdiv  class=\u0022resumen\u0022 \u003E\n      La licenciada Rosa Areli Ar\u00e1mburo es la nueva funcionaria \u003Cbr \/\u003E\r\n\u003C\/div\u003E\n      \n  \n\n\n\u003Cdiv  class=\u0022datos\u0022\u003E\n            \u003Cdiv  class=\u0022autor\u0022\u003E\n            \u003Cdiv  class=\u0022field-label-inline\u0022\u003EPor\u003C\/div\u003E\n  \n                  \u003Ca href=\u0022\/autores\/elidia-yadira-delgado-guzman\u0022 hreflang=\u0022es\u0022\u003EElidia Yadira Delgado Guzm\u00e1n\u003C\/a\u003E\n      \n  \n    \u003C\/div\u003E\n\n      \u003Cdiv  class=\u0022campus\u0022\u003E\n            \u003Cdiv  class=\u0022field-label-inline\u0022\u003ECampus\u003C\/div\u003E\n  \n                  \u003Ca href=\u0022\/campus\/tijuana\u0022 hreflang=\u0022es\u0022\u003ETijuana\u003C\/a\u003E\n      \n  \n    \u003C\/div\u003E\n\n    \n                          \u003Cdiv  class=\u0022fecha\u0022 \u003E\n      23 de Abril de 2021\u003C\/div\u003E\n      \n  \n\n\n  \u003C\/div\u003E\n    \n                          \u003Cdiv  class=\u0022texto\u0022 \u003E\n      \u003Cp\u003ELa Vicerrector\u00eda Campus Tijuana dio a conocer que la licenciada Rosa Areli Ar\u00e1mburo Liz\u00e1rraga asume la Jefatura del Departamento de Planeaci\u00f3n y Proyectos. La maestra Edith Montiel Ayala, vicerrectora del Campus Tijuana llev\u00f3 a cabo la toma de protesta de la nueva funcionaria.\u003C\/p\u003E\n\n\u003Cp\u003ELa maestra Edith Montiel Ayala coment\u00f3: \u201cLa licenciada Rosa Areli ha mostrado una actitud de desempe\u00f1o durante 15 a\u00f1os en la universidad, donde ha laborado en diferentes puestos.\u00a0 El equipo de trabajo es llegar todos los d\u00edas, estar en conjunto y compartir muchos momentos, estoy segura que van a hacerlo bien y podr\u00e1n compaginarse, as\u00ed que\u00a0 hay que echarle todas las ganas\u201d.\u003C\/p\u003E\n\n\u003Cp\u003E\u201cPrimeramente me gustar\u00eda agradecer por la oportunidad que se me est\u00e1 brindando, me encuentro con el compromiso de realizar un mejor esfuerzo, para conseguir las metas que tienen planteadas la Vicerrector\u00eda y la instituci\u00f3n. Estoy a sus \u00f3rdenes con toda la disposici\u00f3n para hacer un mejor equipo, espero me den la oportunidad de incorporarme y poder alcanzar las metas\u201d, coment\u00f3 la licenciada Rosa Ar\u00e1mburo.\u00a0\u003C\/p\u003E\n\n\u003Cp\u003ERosa Areli Ar\u00e1mburo Liz\u00e1rraga es licenciada en Administraci\u00f3n P\u00fablica y Ciencias Pol\u00edticas por la UABC. Se ha desempe\u00f1ado como personal administrativo de confianza, analista acad\u00e9mica del Personal Docente y analista de Honorarios en el Departamento de Recursos Humanos del Campus Tijuana.\u00a0\u003C\/p\u003E\n\n\u003Cp\u003E\u00a0\u003C\/p\u003E\n\u003Cimg alt=\u0022Imagen eliminada.\u0022 data-entity-type=\u0022file\u0022 data-entity-uuid=\u0022697ed710-b8a5-48c7-bfe4-40eee18f7cde\u0022 src=\u0022\/sites\/default\/files\/inline-images\/WhatsApp%20Image%202021-04-21%20at%2011.38.00.jpeg\u0022 class=\u0022align-center filter-image-invalid\u0022 title=\u0022Esta imagen se ha eliminado. Por razones de seguridad, s\u00f3lo se permiten im\u00e1genes de dominio local.\u0022 height=\u002216\u0022 width=\u002216\u0022 \/\u003E\u003Cimg alt=\u0022Imagen eliminada.\u0022 data-entity-type=\u0022file\u0022 data-entity-uuid=\u00227858b5e8-1ab1-4775-92a8-2d67e3397997\u0022 src=\u0022\/sites\/default\/files\/inline-images\/WhatsApp%20Image%202021-04-21%20at%2011.38.00%20%281%29_0.jpeg\u0022 class=\u0022align-center filter-image-invalid\u0022 title=\u0022Esta imagen se ha eliminado. Por razones de seguridad, s\u00f3lo se permiten im\u00e1genes de dominio local.\u0022 height=\u002216\u0022 width=\u002216\u0022 \/\u003E\u003Cp\u003E\u00a0\u003C\/p\u003E\u003C\/div\u003E\n      \n  \n\n    \n            \u003Cdiv  class=\u0022palabras-clave\u0022\u003E\n                        \u003Ca href=\u0022\/tags\/jefa-de-departamento\u0022 hreflang=\u0022es\u0022\u003EJefa de Departamento\u003C\/a\u003E\n                \u003Ca href=\u0022\/tags\/planeacion-y-proyectos\u0022 hreflang=\u0022es\u0022\u003EPlaneaci\u00f3n y Proyectos\u003C\/a\u003E\n                \u003Ca href=\u0022\/tags\/campus-tijuana\u0022 hreflang=\u0022es\u0022\u003ECampus Tijuana\u003C\/a\u003E\n      \n      \u003C\/div\u003E\n  \n\n\n  \u003C\/div\u003E\n\n  \u003C\/div\u003E\n\n  \u003Cdiv class=\u0022area-extras group-right\u0022\u003E\n        \n                          \u003Cdiv  class=\u0022enlace-blockBottom\u0022 \u003E\n      \u003Cdiv\u003EVer m\u00e1s \u003Ca href=\u0022http:\/\/gaceta.uabc.mx\/notas\u0022\u003ENotas\u003C\/a\u003E\u003C\/div\u003E\n\u003C\/div\u003E\n      \n  \n\n\n  \u003C\/div\u003E\n\n\u003C\/div\u003E\n\n","settings":null}]