[{"command":"settings","settings":{"pluralDelimiter":"\u0003","suppressDeprecationErrors":true,"ajaxPageState":{"libraries":"core\/drupal.ajax,core\/picturefill,ds\/ds_3col_equal_width","theme":"gaceta","theme_token":null},"ajaxTrustedUrl":[],"field_group":{"html_element":{"mode":"media_expanded","context":"view","settings":{"classes":"datos","show_empty_fields":false,"id":"","element":"div","show_label":false,"label_element":"h3","label_element_classes":"","attributes":"","effect":"none","speed":"fast"}}},"user":{"uid":0,"permissionsHash":"55dc977d165ab1e05e51b6cc6487f6d73e65ab536d99ee82c6990d9001d5c21c"}},"merge":true},{"command":"add_css","data":"\u003Clink rel=\u0022stylesheet\u0022 media=\u0022all\u0022 href=\u0022\/sites\/default\/files\/css\/css_mxJrjoKKAZuuB4_4f-B1u9VnFZxvSor3Az4JEdrFEso.css\u0022 \/\u003E\n\u003Clink rel=\u0022stylesheet\u0022 media=\u0022all\u0022 href=\u0022\/sites\/default\/files\/css\/css_-BXSGQpS8YTwwuXGbPoshUvZ7W-_HbYR3H7d0DA_mEY.css\u0022 \/\u003E\n\u003Clink rel=\u0022stylesheet\u0022 media=\u0022all\u0022 href=\u0022\/sites\/default\/files\/css\/css_89YreTu0npezhXSakRJR9TVHyBS9bTcyt0s3IckAe-M.css\u0022 \/\u003E\n"},{"command":"add_js","selector":"body","data":[{"src":"\/sites\/default\/files\/js\/js_9UaAhXvc9u0KYXXUw-OKyLP2baQxdV4zY3Y_KGurcvY.js"},{"src":"\/sites\/default\/files\/js\/js_oDJxUBLBzfRb_FDgNfkNOm9-tiatS2kNfxQIeVRZA7Y.js"},{"src":"\/sites\/default\/files\/js\/js_YM82KRuzNIr2X-Kb8pQW8cOcSbWgQ_QGKclTYJ_aMlI.js"},{"src":"\/sites\/default\/files\/js\/js_pqqsPPmPmxKgamY6qk_WSawtL05XH_yAY8GkPHVyahI.js"}]},{"command":"insert","method":"replaceWith","selector":".view-mode-full","data":"\u003Cdiv data-history-node-id=\u002217346\u0022 class=\u0022contenido view-mode-media_expanded ds-3col-equal clearfix\u0022\u003E\n\n  \n\n  \u003Cdiv class=\u0022area-medios group-left\u0022\u003E\n        \n                          \u003Cdiv  class=\u0022imagen\u0022 \u003E\n          \u003Cpicture\u003E\n                  \u003Csource srcset=\u0022\/sites\/default\/files\/styles\/max_650x650\/public\/2021-05\/Captura%20de%20pantalla%20%28338%29.webp?itok=JxSfR5W5 650w, \/sites\/default\/files\/styles\/max_1300x1300\/public\/2021-05\/Captura%20de%20pantalla%20%28338%29.webp?itok=KlfQYAqD 1300w, \/sites\/default\/files\/styles\/max_1900x1900\/public\/2021-05\/Captura%20de%20pantalla%20%28338%29.webp?itok=sK6xTUMu 1900w\u0022 type=\u0022image\/webp\u0022 sizes=\u0022100vw\u0022\/\u003E\n              \u003Csource srcset=\u0022\/sites\/default\/files\/styles\/max_650x650\/public\/2021-05\/Captura%20de%20pantalla%20%28338%29.png?itok=JxSfR5W5 650w, \/sites\/default\/files\/styles\/max_1300x1300\/public\/2021-05\/Captura%20de%20pantalla%20%28338%29.png?itok=KlfQYAqD 1300w, \/sites\/default\/files\/styles\/max_1900x1900\/public\/2021-05\/Captura%20de%20pantalla%20%28338%29.png?itok=sK6xTUMu 1900w\u0022 type=\u0022image\/png\u0022 sizes=\u0022100vw\u0022\/\u003E\n                  \u003Cimg srcset=\u0022\/sites\/default\/files\/styles\/max_650x650\/public\/2021-05\/Captura%20de%20pantalla%20%28338%29.png?itok=JxSfR5W5 650w, \/sites\/default\/files\/styles\/max_1300x1300\/public\/2021-05\/Captura%20de%20pantalla%20%28338%29.png?itok=KlfQYAqD 1300w, \/sites\/default\/files\/styles\/max_1900x1900\/public\/2021-05\/Captura%20de%20pantalla%20%28338%29.png?itok=sK6xTUMu 1900w\u0022 sizes=\u0022100vw\u0022 src=\u0022\/sites\/default\/files\/styles\/max_1300x1300\/public\/2021-05\/Captura%20de%20pantalla%20%28338%29.png?itok=KlfQYAqD\u0022 alt=\u0022\u0022 typeof=\u0022foaf:Image\u0022 class=\u0022img-fluid\u0022 \/\u003E\n\n  \u003C\/picture\u003E\n\n\u003C\/div\u003E\n      \n  \n\n      \u003Cdiv  class=\u0022boton-expander\u0022\u003E\n        \n                  \u003Cdiv class=\u0022item-list\u0022\u003E\u003Cul\u003E\u003Cli\u003E\u003Ca href=\u0022\/ds-switch-view-mode\/node\/17346\/media_collapsed?selector=view-mode-media_expanded\u0022 class=\u0022use-ajax\u0022\u003E\u2191\u003C\/a\u003E\u003C\/li\u003E\u003C\/ul\u003E\u003C\/div\u003E\n      \n  \n    \u003C\/div\u003E\n\n\n  \u003C\/div\u003E\n\n  \u003Cdiv class=\u0022area-info group-middle\u0022\u003E\n    \n\u003Cdiv  class=\u0022inner\u0022\u003E\n          \n                          \u003Ch2  class=\u0022titulo\u0022 \u003E\n        Imparten ciclo de conferencias sobre Historia\n\u003C\/h2\u003E\n      \n  \n\n    \n                          \u003Cdiv  class=\u0022resumen\u0022 \u003E\n      La actividad form\u00f3 parte del programa 8 igual 1\u003Cbr \/\u003E\r\n\u003C\/div\u003E\n      \n  \n\n\n\u003Cdiv  class=\u0022datos\u0022\u003E\n            \u003Cdiv  class=\u0022autor\u0022\u003E\n            \u003Cdiv  class=\u0022field-label-inline\u0022\u003EPor\u003C\/div\u003E\n  \n                  \u003Ca href=\u0022\/autores\/elidia-yadira-delgado-guzman\u0022 hreflang=\u0022es\u0022\u003EElidia Yadira Delgado Guzm\u00e1n\u003C\/a\u003E\n      \n  \n    \u003C\/div\u003E\n\n      \u003Cdiv  class=\u0022campus\u0022\u003E\n            \u003Cdiv  class=\u0022field-label-inline\u0022\u003ECampus\u003C\/div\u003E\n  \n                  \u003Ca href=\u0022\/campus\/tijuana\u0022 hreflang=\u0022es\u0022\u003ETijuana\u003C\/a\u003E\n      \n  \n    \u003C\/div\u003E\n\n    \n                          \u003Cdiv  class=\u0022fecha\u0022 \u003E\n      13 de Mayo de 2021\u003C\/div\u003E\n      \n  \n\n\n  \u003C\/div\u003E\n    \n                          \u003Cdiv  class=\u0022texto\u0022 \u003E\n      \u003Cp\u003ELa Coordinaci\u00f3n de la Licenciatura en Historia de la Facultad de Humanidades y Ciencias Sociales imparti\u00f3 el ciclo de conferencias \u201cD\u00eda de la Historia: otras formas de contar historias\u201d, evento transmitido en vivo por medio de las redes sociales de la unidad acad\u00e9mica.\u003C\/p\u003E\n\n\u003Cp\u003ESe cont\u00f3 con la participaci\u00f3n de ponentes profesionales como el doctor C\u00e9sar Moheno, con la conferencia \u201cHern\u00e1n, otra forma de contar\u201d; la doctora \u00darsula Camba, que abord\u00f3 el tema \u201cAbandonar el cub\u00edculo y el seminario: la difusi\u00f3n de la historia, retos y complejidades\u201d; y el doctor Sergio S\u00e1nchez con la exposici\u00f3n \u201cEl movimiento estudiantil y la Universidad de Sinaloa: 1966-1970. Una lectura desde la historia de lo pol\u00edtico\u201d.\u003C\/p\u003E\n\n\u003Cp\u003ELos estudiantes de sexto semestre de la Licenciatura en Historia fueron los organizadores de las conferencias transmitidas y participaron como presentadores de los ponentes invitados.\u00a0\u003C\/p\u003E\n\n\u003Cp\u003ELas transmisiones de las conferencias est\u00e1n disponibles a trav\u00e9s de Facebook\/uabchumanidades. Cabe destacar que las actividades formaron parte del programa 8 igual 1.\u00a0\u003C\/p\u003E\n\n\u003Cp\u003ESe invita a la comunidad a seguir las redes sociales de la Facultad de Humanidades para estar al tanto de nuevos eventos.\u00a0\u003C\/p\u003E\n\n\u003Cp\u003E\u00a0\u003C\/p\u003E\u003C\/div\u003E\n      \n  \n\n    \n            \u003Cdiv  class=\u0022palabras-clave\u0022\u003E\n                        \u003Ca href=\u0022\/tags\/historia\u0022 hreflang=\u0022es\u0022\u003EHistoria\u003C\/a\u003E\n                \u003Ca href=\u0022\/tags\/fhycs\u0022 hreflang=\u0022es\u0022\u003EFHyCS\u003C\/a\u003E\n      \n      \u003C\/div\u003E\n  \n\n\n  \u003C\/div\u003E\n\n  \u003C\/div\u003E\n\n  \u003Cdiv class=\u0022area-extras group-right\u0022\u003E\n        \n                          \u003Cdiv  class=\u0022enlace-blockBottom\u0022 \u003E\n      \u003Cdiv\u003EVer m\u00e1s \u003Ca href=\u0022http:\/\/gaceta.uabc.mx\/notas\u0022\u003ENotas\u003C\/a\u003E\u003C\/div\u003E\n\u003C\/div\u003E\n      \n  \n\n\n  \u003C\/div\u003E\n\n\u003C\/div\u003E\n\n","settings":null}]