[{"command":"settings","settings":{"pluralDelimiter":"\u0003","suppressDeprecationErrors":true,"ajaxPageState":{"libraries":"core\/drupal.ajax,core\/picturefill,ds\/ds_3col_equal_width","theme":"gaceta","theme_token":null},"ajaxTrustedUrl":[],"field_group":{"html_element":{"mode":"media_expanded","context":"view","settings":{"classes":"datos","show_empty_fields":false,"id":"","element":"div","show_label":false,"label_element":"h3","label_element_classes":"","attributes":"","effect":"none","speed":"fast"}}},"user":{"uid":0,"permissionsHash":"55dc977d165ab1e05e51b6cc6487f6d73e65ab536d99ee82c6990d9001d5c21c"}},"merge":true},{"command":"add_css","data":"\u003Clink rel=\u0022stylesheet\u0022 media=\u0022all\u0022 href=\u0022\/sites\/default\/files\/css\/css_mxJrjoKKAZuuB4_4f-B1u9VnFZxvSor3Az4JEdrFEso.css\u0022 \/\u003E\n\u003Clink rel=\u0022stylesheet\u0022 media=\u0022all\u0022 href=\u0022\/sites\/default\/files\/css\/css_-BXSGQpS8YTwwuXGbPoshUvZ7W-_HbYR3H7d0DA_mEY.css\u0022 \/\u003E\n\u003Clink rel=\u0022stylesheet\u0022 media=\u0022all\u0022 href=\u0022\/sites\/default\/files\/css\/css_89YreTu0npezhXSakRJR9TVHyBS9bTcyt0s3IckAe-M.css\u0022 \/\u003E\n"},{"command":"add_js","selector":"body","data":[{"src":"\/sites\/default\/files\/js\/js_9UaAhXvc9u0KYXXUw-OKyLP2baQxdV4zY3Y_KGurcvY.js"},{"src":"\/sites\/default\/files\/js\/js_oDJxUBLBzfRb_FDgNfkNOm9-tiatS2kNfxQIeVRZA7Y.js"},{"src":"\/sites\/default\/files\/js\/js_YM82KRuzNIr2X-Kb8pQW8cOcSbWgQ_QGKclTYJ_aMlI.js"},{"src":"\/sites\/default\/files\/js\/js_pqqsPPmPmxKgamY6qk_WSawtL05XH_yAY8GkPHVyahI.js"}]},{"command":"insert","method":"replaceWith","selector":".view-mode-full","data":"\u003Cdiv data-history-node-id=\u002217363\u0022 class=\u0022contenido view-mode-media_expanded ds-3col-equal clearfix\u0022\u003E\n\n  \n\n  \u003Cdiv class=\u0022area-medios group-left\u0022\u003E\n        \n                          \u003Cdiv  class=\u0022imagen\u0022 \u003E\n          \u003Cpicture\u003E\n                  \u003Csource srcset=\u0022\/sites\/default\/files\/styles\/max_650x650\/public\/2021-05\/Cuentos%20paraguas.webp?itok=wPmM4syB 650w, \/sites\/default\/files\/styles\/max_1900x1900\/public\/2021-05\/Cuentos%20paraguas.webp?itok=ZJQj9HRt 1040w\u0022 type=\u0022image\/webp\u0022 sizes=\u0022100vw\u0022\/\u003E\n              \u003Csource srcset=\u0022\/sites\/default\/files\/styles\/max_650x650\/public\/2021-05\/Cuentos%20paraguas.jpeg?itok=wPmM4syB 650w, \/sites\/default\/files\/styles\/max_1900x1900\/public\/2021-05\/Cuentos%20paraguas.jpeg?itok=ZJQj9HRt 1040w\u0022 type=\u0022image\/jpeg\u0022 sizes=\u0022100vw\u0022\/\u003E\n                  \u003Cimg srcset=\u0022\/sites\/default\/files\/styles\/max_650x650\/public\/2021-05\/Cuentos%20paraguas.jpeg?itok=wPmM4syB 650w, \/sites\/default\/files\/styles\/max_1900x1900\/public\/2021-05\/Cuentos%20paraguas.jpeg?itok=ZJQj9HRt 1040w\u0022 sizes=\u0022100vw\u0022 src=\u0022\/sites\/default\/files\/styles\/max_1300x1300\/public\/2021-05\/Cuentos%20paraguas.jpeg?itok=ksnyb8bK\u0022 alt=\u0022\u0022 typeof=\u0022foaf:Image\u0022 class=\u0022img-fluid\u0022 \/\u003E\n\n  \u003C\/picture\u003E\n\n\u003C\/div\u003E\n      \n  \n\n      \u003Cdiv  class=\u0022boton-expander\u0022\u003E\n        \n                  \u003Cdiv class=\u0022item-list\u0022\u003E\u003Cul\u003E\u003Cli\u003E\u003Ca href=\u0022\/ds-switch-view-mode\/node\/17363\/media_collapsed?selector=view-mode-media_expanded\u0022 class=\u0022use-ajax\u0022\u003E\u2191\u003C\/a\u003E\u003C\/li\u003E\u003C\/ul\u003E\u003C\/div\u003E\n      \n  \n    \u003C\/div\u003E\n\n\n  \u003C\/div\u003E\n\n  \u003Cdiv class=\u0022area-info group-middle\u0022\u003E\n    \n\u003Cdiv  class=\u0022inner\u0022\u003E\n          \n                          \u003Ch2  class=\u0022titulo\u0022 \u003E\n        Ma\u00f1ana culmina la FIL UABC\n\u003C\/h2\u003E\n      \n  \n\n    \n                          \u003Cdiv  class=\u0022resumen\u0022 \u003E\n      El horario del recinto ferial es de 10:00 a 20:00 horas. El autoconcierto inicia a las 19:00 horas\u003C\/div\u003E\n      \n  \n\n\n\u003Cdiv  class=\u0022datos\u0022\u003E\n            \u003Cdiv  class=\u0022autor\u0022\u003E\n            \u003Cdiv  class=\u0022field-label-inline\u0022\u003EPor\u003C\/div\u003E\n  \n                  \u003Ca href=\u0022\/autores\/gaceta-uabc\u0022 hreflang=\u0022es\u0022\u003EGaceta UABC\u003C\/a\u003E\n      \n  \n    \u003C\/div\u003E\n\n      \u003Cdiv  class=\u0022campus\u0022\u003E\n            \u003Cdiv  class=\u0022field-label-inline\u0022\u003ECampus\u003C\/div\u003E\n  \n                  \u003Ca href=\u0022\/campus\/uabc\u0022 hreflang=\u0022es\u0022\u003EUABC\u003C\/a\u003E\n      \n  \n    \u003C\/div\u003E\n\n    \n                          \u003Cdiv  class=\u0022fecha\u0022 \u003E\n      15 de Mayo de 2021\u003C\/div\u003E\n      \n  \n\n\n  \u003C\/div\u003E\n    \n                          \u003Cdiv  class=\u0022texto\u0022 \u003E\n      \u003Cp\u003EMa\u00f1ana ser\u00e1 el \u00faltimo d\u00eda de la Feria Internacional del Libro de la Universidad Aut\u00f3noma de Baja California (FIL UABC), que en esta edici\u00f3n se realiza en un formato h\u00edbrido, al tener actividades presenciales y en modalidad en l\u00ednea, en este \u00faltimo formato se han realizado presentaciones de libros y charlas, las cuales se pueden ver a trav\u00e9s de las p\u00e1ginas de Facebook Feria Internacional del Libro UABC y Cultura UABC.\u003C\/p\u003E\n\n\u003Cp\u003E\u00a0\u003C\/p\u003E\n\n\u003Cp\u003E\u003Cstrong\u003EM\u00e1s de cien a\u00f1os de cuento mexicano\u003C\/strong\u003E\u003C\/p\u003E\n\n\u003Cp\u003EFue presentado en la FIL UABC\u00a0A golpe de linterna. M\u00e1s de 100 a\u00f1os de cuento mexicano, antolog\u00eda que realiz\u00f3 la escritora e investigadora Liliana Pedroza en donde compila 100 cuentos de 100 autoras en un recorrido panor\u00e1mico por la historia de la narrativa breve en M\u00e9xico desde 1019 hasta 2018.\u003C\/p\u003E\n\n\u003Cp\u003E\u201cUna de las cosas que trat\u00e9 de hacer fue convocar a las voces que me gustaban, apostar por lo que est\u00e1n haciendo, de las voces que est\u00e1n en la periferia del centro del poder\u2026 los invito a que viajen con nosotras por todos estos a\u00f1os de literatura mexicana\u2026\u201d, dijo Liliana Pedroza. Participaron en la presentaci\u00f3n del libro las escritoras mexicalenses Elma Correa, Nylza Mart\u00ednez, y la chihuahuense Salud Ochoa, quienes forman parte de esta compilaci\u00f3n.\u003C\/p\u003E\n\n\u003Cp\u003E\u00a0\u003C\/p\u003E\n\n\u003Cp\u003E\u003Cstrong\u003EMuestran dotes danc\u00edsticas adultos mayores\u003C\/strong\u003E\u003C\/p\u003E\n\n\u003Cp\u003EEn la FIL UABC est\u00e1 presente el programa 55 y M\u00e1s que tiene actividades para los adultos mayores, aunque en esta ocasi\u00f3n, incluyen a la familia. La maestra Grisel Corral Aguayo, quien est\u00e1 de encargada, coment\u00f3 que es importante que lograr una inclusi\u00f3n del adulto mayor en todos los aspectos y la FIL es un punto importante para ello.\u003C\/p\u003E\n\n\u003Cp\u003EPara demostrar que a cualquier edad se puede tener habilidad para diversas actividades, se present\u00f3 Sonatango Escuela de Danza Mexicali, donde participaron bailarines tanto j\u00f3venes como de m\u00e1s edad.\u003C\/p\u003E\n\n\u003Cp\u003E\u00a0\u003C\/p\u003E\n\n\u003Cp\u003E\u003Cstrong\u003EElla entr\u00f3 por la ventana del ba\u00f1o,\u00a0Elmer Mendoza\u003C\/strong\u003E\u003C\/p\u003E\n\n\u003Cp\u003E\u00c9lmer Mendoza, uno de los m\u00e1s destacados novelistas de M\u00e9xico present\u00f3 de manera virtual en la FIL UABC su m\u00e1s reciente obra\u00a0Ella entr\u00f3 por la ventana del ba\u00f1o, la sexta entrega de la saga del Zurdo Mendienta, reconocida como la mayor referencia de la narcoliteratura en el pa\u00eds.\u003C\/p\u003E\n\n\u003Cp\u003EEl tiempo que le brind\u00f3 la pandemia le permiti\u00f3 completar su obra, la cual, a pesar de ser parte de una saga, contiene elementos que la diferencian de los libros anteriores, en esta en particular, intervienen dos misiones importantes: encontrar al antiguo amor de un empresario moribundo al mismo tiempo que tiene que huir del Siciliano, el l\u00edder de un grupo de exmilitares dedicados al narcotr\u00e1fico.\u003C\/p\u003E\n\n\u003Cp\u003E\u00a0\u003C\/p\u003E\n\n\u003Cp\u003E\u003Cstrong\u003ECuentos bajo el paraguas\u003C\/strong\u003E\u003C\/p\u003E\n\n\u003Cp\u003EEl Foro de Publicaciones de la FIL UABC fue el escenario donde Arely Le\u00f3n narr\u00f3 sus\u00a0Cuentos bajo el paraguas, en el que cont\u00f3 historias inspiradas en las sombrillas que formaron parte de la utiler\u00eda de apoyo.\u003C\/p\u003E\n\n\u003Cp\u003EEl primer relato fue\u00a0El \u00e1rbol de las hojas de papel DIN A-4,\u00a0que aborda la historia de un \u00e1rbol que sab\u00eda que al final acabar\u00eda convirti\u00e9ndose en papel, por lo que cada estaci\u00f3n del a\u00f1o cambiaba la forma de sus hojas, desde hojas DIN A-4 hasta letras que terminaron convirti\u00e9ndose en p\u00e1jaros y peces.\u003C\/p\u003E\n\n\u003Cp\u003EOtro de los cuentos fue\u00a0La bibliotecaria de Basora, el cual est\u00e1 basado en hechos reales ocurridos en Irak, su personaje principal es una bibliotecaria que en medio de la guerra logra rescatar cerca de 30,000 libros.\u003C\/p\u003E\n\n\u003Cp\u003E\u00a0\u003C\/p\u003E\n\n\u003Cp\u003E\u003Cstrong\u003EComparten tips para la creaci\u00f3n de personajes\u003C\/strong\u003E\u003C\/p\u003E\n\n\u003Cp\u003EDando seguimiento a la charla taller de \u201cLaboratorio de cuentos\u201d, se present\u00f3 \u201cLaboratorio de personajes\u201d impartida por Cristian Lagunas en el Foro de Publicaciones de la FIL UABC, donde comparti\u00f3 algunas recomendaciones sobre el proceso que el escritor debe seguir para crear los personajes que intervendr\u00e1n en su historia.\u003C\/p\u003E\n\n\u003Cp\u003EDestac\u00f3 que es importante primero bosquejarlos ya que son parte fundamentales en la historia, adem\u00e1s de que, si el autor tiene claro el sentido de cada personaje, lograr\u00e1 que el lector valore su importancia en el texto. \u201cDebemos crear un personaje que parezca tan real que el lector lo vea veros\u00edmil, cre\u00edble\u201d, mencion\u00f3 Lagunas.\u00a0\u003C\/p\u003E\n\n\u003Cp\u003EAlgunos de los tips compartidos fueron: desarrollar personajes que se ajusten a los intereses de escritura del autor; otorgar caracter\u00edsticas apropiadas para la historia a contar; y dejar que el lector se d\u00e9 cuenta de cu\u00e1l es el conflicto interno de cada personaje; entre otros.\u003C\/p\u003E\n\n\u003Cp\u003E\u00a0\u003C\/p\u003E\n\n\u003Cp\u003E\u003Cstrong\u003EClausura de la FIL UABC\u003C\/strong\u003E\u003C\/p\u003E\n\n\u003Cp\u003ELos cinco d\u00edas de la FIL UABC concluyen ma\u00f1ana domingo 16 de mayo, los precios de las ventas de libros tendr\u00e1n m\u00faltiples descuentos y seguir\u00e1n las diversas actividades para toda la familia. El horario del recinto ferial es de 10:00 a 20:00 horas. El autoconcierto inicia a las 19:00 horas. El programa completo puede consultarse en:\u00a0\u003Ca href=\u0022https:\/\/filuabc.mx\/\u0022\u003Ehttps:\/\/filuabc.mx\/\u003C\/a\u003E\u003C\/p\u003E\n\n\u003Cp\u003ELa FIL UABC es gratuita y sigue todos los lineamientos establecidos y autorizados por la Secretar\u00eda de Salud para garantizar una convivencia cultural segura, por lo que solicita a todos quienes deseen asistir, utilizar cubrebocas y respetar las medidas de higiene y seguridad indicadas en todos los espacios.\u003C\/p\u003E\u003C\/div\u003E\n      \n  \n\n    \n            \u003Cdiv  class=\u0022palabras-clave\u0022\u003E\n                        \u003Ca href=\u0022\/tags\/fil-uabc-2021\u0022 hreflang=\u0022es\u0022\u003EFIL UABC 2021\u003C\/a\u003E\n      \n      \u003C\/div\u003E\n  \n\n\n  \u003C\/div\u003E\n\n  \u003C\/div\u003E\n\n  \u003Cdiv class=\u0022area-extras group-right\u0022\u003E\n        \n                          \u003Cdiv  class=\u0022enlace-blockBottom\u0022 \u003E\n      \u003Cdiv\u003EVer m\u00e1s \u003Ca href=\u0022http:\/\/gaceta.uabc.mx\/notas\u0022\u003ENotas\u003C\/a\u003E\u003C\/div\u003E\n\u003C\/div\u003E\n      \n  \n\n\n  \u003C\/div\u003E\n\n\u003C\/div\u003E\n\n","settings":null}]