[{"command":"settings","settings":{"pluralDelimiter":"\u0003","suppressDeprecationErrors":true,"ajaxPageState":{"libraries":"core\/drupal.ajax,core\/picturefill,ds\/ds_3col_equal_width","theme":"gaceta","theme_token":null},"ajaxTrustedUrl":[],"field_group":{"html_element":{"mode":"media_expanded","context":"view","settings":{"classes":"datos","show_empty_fields":false,"id":"","element":"div","show_label":false,"label_element":"h3","label_element_classes":"","attributes":"","effect":"none","speed":"fast"}}},"user":{"uid":0,"permissionsHash":"55dc977d165ab1e05e51b6cc6487f6d73e65ab536d99ee82c6990d9001d5c21c"}},"merge":true},{"command":"add_css","data":"\u003Clink rel=\u0022stylesheet\u0022 media=\u0022all\u0022 href=\u0022\/sites\/default\/files\/css\/css_mxJrjoKKAZuuB4_4f-B1u9VnFZxvSor3Az4JEdrFEso.css\u0022 \/\u003E\n\u003Clink rel=\u0022stylesheet\u0022 media=\u0022all\u0022 href=\u0022\/sites\/default\/files\/css\/css_-BXSGQpS8YTwwuXGbPoshUvZ7W-_HbYR3H7d0DA_mEY.css\u0022 \/\u003E\n\u003Clink rel=\u0022stylesheet\u0022 media=\u0022all\u0022 href=\u0022\/sites\/default\/files\/css\/css_89YreTu0npezhXSakRJR9TVHyBS9bTcyt0s3IckAe-M.css\u0022 \/\u003E\n"},{"command":"add_js","selector":"body","data":[{"src":"\/sites\/default\/files\/js\/js_9UaAhXvc9u0KYXXUw-OKyLP2baQxdV4zY3Y_KGurcvY.js"},{"src":"\/sites\/default\/files\/js\/js_oDJxUBLBzfRb_FDgNfkNOm9-tiatS2kNfxQIeVRZA7Y.js"},{"src":"\/sites\/default\/files\/js\/js_YM82KRuzNIr2X-Kb8pQW8cOcSbWgQ_QGKclTYJ_aMlI.js"},{"src":"\/sites\/default\/files\/js\/js_pqqsPPmPmxKgamY6qk_WSawtL05XH_yAY8GkPHVyahI.js"}]},{"command":"insert","method":"replaceWith","selector":".view-mode-full","data":"\u003Cdiv data-history-node-id=\u002217375\u0022 class=\u0022contenido view-mode-media_expanded ds-3col-equal clearfix\u0022\u003E\n\n  \n\n  \u003Cdiv class=\u0022area-medios group-left\u0022\u003E\n        \n                          \u003Cdiv  class=\u0022imagen\u0022 \u003E\n          \u003Cpicture\u003E\n                  \u003Csource srcset=\u0022\/sites\/default\/files\/styles\/max_650x650\/public\/2022-10\/Captura%20de%20pantalla%20%28359%29.webp?itok=lN6-AWNJ 576w\u0022 type=\u0022image\/webp\u0022 sizes=\u0022100vw\u0022\/\u003E\n              \u003Csource srcset=\u0022\/sites\/default\/files\/styles\/max_650x650\/public\/2022-10\/Captura%20de%20pantalla%20%28359%29.jpg?itok=lN6-AWNJ 576w\u0022 type=\u0022image\/jpeg\u0022 sizes=\u0022100vw\u0022\/\u003E\n                  \u003Cimg srcset=\u0022\/sites\/default\/files\/styles\/max_650x650\/public\/2022-10\/Captura%20de%20pantalla%20%28359%29.jpg?itok=lN6-AWNJ 576w\u0022 sizes=\u0022100vw\u0022 src=\u0022\/sites\/default\/files\/styles\/max_1300x1300\/public\/2022-10\/Captura%20de%20pantalla%20%28359%29.jpg?itok=v3rsIP_E\u0022 alt=\u0022\u0022 typeof=\u0022foaf:Image\u0022 class=\u0022img-fluid\u0022 \/\u003E\n\n  \u003C\/picture\u003E\n\n\u003C\/div\u003E\n      \n  \n\n      \u003Cdiv  class=\u0022boton-expander\u0022\u003E\n        \n                  \u003Cdiv class=\u0022item-list\u0022\u003E\u003Cul\u003E\u003Cli\u003E\u003Ca href=\u0022\/ds-switch-view-mode\/node\/17375\/media_collapsed?selector=view-mode-media_expanded\u0022 class=\u0022use-ajax\u0022\u003E\u2191\u003C\/a\u003E\u003C\/li\u003E\u003C\/ul\u003E\u003C\/div\u003E\n      \n  \n    \u003C\/div\u003E\n\n\n  \u003C\/div\u003E\n\n  \u003Cdiv class=\u0022area-info group-middle\u0022\u003E\n    \n\u003Cdiv  class=\u0022inner\u0022\u003E\n          \n                          \u003Ch2  class=\u0022titulo\u0022 \u003E\n        Contin\u00faa el Programa de Webinar de la Vicerrector\u00eda del Campus Tijuana\n\u003C\/h2\u003E\n      \n  \n\n    \n                          \u003Cdiv  class=\u0022resumen\u0022 \u003E\n      Se transmite los jueves por medio de Facebook y Youtube\u003Cbr \/\u003E\r\n\u003Cbr \/\u003E\r\n\u003C\/div\u003E\n      \n  \n\n\n\u003Cdiv  class=\u0022datos\u0022\u003E\n            \u003Cdiv  class=\u0022autor\u0022\u003E\n            \u003Cdiv  class=\u0022field-label-inline\u0022\u003EPor\u003C\/div\u003E\n  \n                  \u003Ca href=\u0022\/autores\/elidia-yadira-delgado-guzman\u0022 hreflang=\u0022es\u0022\u003EElidia Yadira Delgado Guzm\u00e1n\u003C\/a\u003E\n      \n  \n    \u003C\/div\u003E\n\n      \u003Cdiv  class=\u0022campus\u0022\u003E\n            \u003Cdiv  class=\u0022field-label-inline\u0022\u003ECampus\u003C\/div\u003E\n  \n                  \u003Ca href=\u0022\/campus\/tijuana\u0022 hreflang=\u0022es\u0022\u003ETijuana\u003C\/a\u003E\n      \n  \n    \u003C\/div\u003E\n\n    \n                          \u003Cdiv  class=\u0022fecha\u0022 \u003E\n      18 de Mayo de 2021\u003C\/div\u003E\n      \n  \n\n\n  \u003C\/div\u003E\n    \n                          \u003Cdiv  class=\u0022texto\u0022 \u003E\n      \u003Cp\u003ELa Vicerrector\u00eda del Campus Tijuana contin\u00faa con el programa de Webinars, en esta ocasi\u00f3n el tema a tratar fue \u201cMetrolog\u00eda en la vida diaria\u201d y se cont\u00f3 con la presencia del doctor Arturo Sinu\u00e9 Ontiveros Zepeda, docente de la Facultad de Ciencias de la Ingenier\u00eda, Administrativas y Sociales, Unidad Tecate.\u003C\/p\u003E\n\n\u003Cp\u003EEn representaci\u00f3n de la maestra Edith Monyiel Ayala, vicerrectora del Campus Tijuana, acudi\u00f3 la licenciada Rosa Areli Ar\u00e1mburo Lizarraga, jefa del Departamento de Planeaci\u00f3n y Proyectos, quien coment\u00f3: \u201cEsta tarde tenemos el gusto de compartir los conocimientos que nos expone el doctor Sinu\u00e9 Ontiveros en el tema de metrolog\u00eda en la vida diaria, agradezco la disponibilidad y apoyo que nos brinda compartiendo sus conocimientos a la comunidad de UABC y a todos aquellos que nos ven en esta transmisi\u00f3n\u201d.\u003C\/p\u003E\n\n\u003Cp\u003EEl doctor Sinu\u00e9 Ontiveros comparti\u00f3 informaci\u00f3n relevante en el tema mediante una presentaci\u00f3n y mencion\u00f3 que eligi\u00f3 hablar de la metrolog\u00eda porque es un tema muy necesario para la mayor\u00eda de las personas, ya que ayudar\u00e1 a visualizar el impacto que tienen en las empresas, debido a que muchas veces las personas no tienen la noci\u00f3n de la importancia que tienen las mediciones.\u003C\/p\u003E\n\n\u003Cp\u003E\u201cLa metrolog\u00eda se divide en cuatro elementos principales: cient\u00edfica, industrial, a nivel ordinario y legal.\u00a0 En este \u00faltimo, existen normas para darle un contexto legal a todas las actividades que hacemos\u201d, expuso.\u003C\/p\u003E\n\n\u003Cp\u003EEl webinar fue moderado por la licenciada Ana Rebeca Mancilla Nieto, del Departamento de Proyectos Institucionales. Cabe mencionar que esta actividad es parte del programa 8 igual a 1.\u003C\/p\u003E\n\n\u003Cp\u003E\u00a0\u003C\/p\u003E\u003C\/div\u003E\n      \n  \n\n    \n            \u003Cdiv  class=\u0022palabras-clave\u0022\u003E\n                        \u003Ca href=\u0022\/tags\/vicerrectoria-campus-tijuana\u0022 hreflang=\u0022es\u0022\u003EVicerrector\u00eda Campus Tijuana\u003C\/a\u003E\n                \u003Ca href=\u0022\/tags\/metrologia\u0022 hreflang=\u0022es\u0022\u003EMetrolog\u00eda\u003C\/a\u003E\n      \n      \u003C\/div\u003E\n  \n\n\n  \u003C\/div\u003E\n\n  \u003C\/div\u003E\n\n  \u003Cdiv class=\u0022area-extras group-right\u0022\u003E\n        \n                          \u003Cdiv  class=\u0022enlace-blockBottom\u0022 \u003E\n      \u003Cdiv\u003EVer m\u00e1s \u003Ca href=\u0022http:\/\/gaceta.uabc.mx\/notas\u0022\u003ENotas\u003C\/a\u003E\u003C\/div\u003E\n\u003C\/div\u003E\n      \n  \n\n\n  \u003C\/div\u003E\n\n\u003C\/div\u003E\n\n","settings":null}]