[{"command":"settings","settings":{"pluralDelimiter":"\u0003","suppressDeprecationErrors":true,"ajaxPageState":{"libraries":"core\/drupal.ajax,core\/picturefill,ds\/ds_3col_equal_width","theme":"gaceta","theme_token":null},"ajaxTrustedUrl":[],"field_group":{"html_element":{"mode":"media_expanded","context":"view","settings":{"classes":"datos","show_empty_fields":false,"id":"","element":"div","show_label":false,"label_element":"h3","label_element_classes":"","attributes":"","effect":"none","speed":"fast"}}},"user":{"uid":0,"permissionsHash":"55dc977d165ab1e05e51b6cc6487f6d73e65ab536d99ee82c6990d9001d5c21c"}},"merge":true},{"command":"add_css","data":"\u003Clink rel=\u0022stylesheet\u0022 media=\u0022all\u0022 href=\u0022\/sites\/default\/files\/css\/css_mxJrjoKKAZuuB4_4f-B1u9VnFZxvSor3Az4JEdrFEso.css\u0022 \/\u003E\n\u003Clink rel=\u0022stylesheet\u0022 media=\u0022all\u0022 href=\u0022\/sites\/default\/files\/css\/css_-BXSGQpS8YTwwuXGbPoshUvZ7W-_HbYR3H7d0DA_mEY.css\u0022 \/\u003E\n\u003Clink rel=\u0022stylesheet\u0022 media=\u0022all\u0022 href=\u0022\/sites\/default\/files\/css\/css_89YreTu0npezhXSakRJR9TVHyBS9bTcyt0s3IckAe-M.css\u0022 \/\u003E\n"},{"command":"add_js","selector":"body","data":[{"src":"\/sites\/default\/files\/js\/js_9UaAhXvc9u0KYXXUw-OKyLP2baQxdV4zY3Y_KGurcvY.js"},{"src":"\/sites\/default\/files\/js\/js_oDJxUBLBzfRb_FDgNfkNOm9-tiatS2kNfxQIeVRZA7Y.js"},{"src":"\/sites\/default\/files\/js\/js_YM82KRuzNIr2X-Kb8pQW8cOcSbWgQ_QGKclTYJ_aMlI.js"},{"src":"\/sites\/default\/files\/js\/js_pqqsPPmPmxKgamY6qk_WSawtL05XH_yAY8GkPHVyahI.js"}]},{"command":"insert","method":"replaceWith","selector":".view-mode-full","data":"\u003Cdiv data-history-node-id=\u002217384\u0022 class=\u0022contenido view-mode-media_expanded ds-3col-equal clearfix\u0022\u003E\n\n  \n\n  \u003Cdiv class=\u0022area-medios group-left\u0022\u003E\n        \n                          \u003Cdiv  class=\u0022imagen\u0022 \u003E\n          \u003Cpicture\u003E\n                  \u003Csource srcset=\u0022\/sites\/default\/files\/styles\/max_650x650\/public\/2021-05\/R%20LGT%20UABC%20TIJUANA%20%281%29_page-0001.webp?itok=dygDKicf 650w, \/sites\/default\/files\/styles\/max_1300x1300\/public\/2021-05\/R%20LGT%20UABC%20TIJUANA%20%281%29_page-0001.webp?itok=CKx9IvcK 1300w, \/sites\/default\/files\/styles\/max_1900x1900\/public\/2021-05\/R%20LGT%20UABC%20TIJUANA%20%281%29_page-0001.webp?itok=ouQ1mLyC 1900w\u0022 type=\u0022image\/webp\u0022 sizes=\u0022100vw\u0022\/\u003E\n              \u003Csource srcset=\u0022\/sites\/default\/files\/styles\/max_650x650\/public\/2021-05\/R%20LGT%20UABC%20TIJUANA%20%281%29_page-0001.jpg?itok=dygDKicf 650w, \/sites\/default\/files\/styles\/max_1300x1300\/public\/2021-05\/R%20LGT%20UABC%20TIJUANA%20%281%29_page-0001.jpg?itok=CKx9IvcK 1300w, \/sites\/default\/files\/styles\/max_1900x1900\/public\/2021-05\/R%20LGT%20UABC%20TIJUANA%20%281%29_page-0001.jpg?itok=ouQ1mLyC 1900w\u0022 type=\u0022image\/jpeg\u0022 sizes=\u0022100vw\u0022\/\u003E\n                  \u003Cimg srcset=\u0022\/sites\/default\/files\/styles\/max_650x650\/public\/2021-05\/R%20LGT%20UABC%20TIJUANA%20%281%29_page-0001.jpg?itok=dygDKicf 650w, \/sites\/default\/files\/styles\/max_1300x1300\/public\/2021-05\/R%20LGT%20UABC%20TIJUANA%20%281%29_page-0001.jpg?itok=CKx9IvcK 1300w, \/sites\/default\/files\/styles\/max_1900x1900\/public\/2021-05\/R%20LGT%20UABC%20TIJUANA%20%281%29_page-0001.jpg?itok=ouQ1mLyC 1900w\u0022 sizes=\u0022100vw\u0022 src=\u0022\/sites\/default\/files\/styles\/max_1300x1300\/public\/2021-05\/R%20LGT%20UABC%20TIJUANA%20%281%29_page-0001.jpg?itok=CKx9IvcK\u0022 alt=\u0022\u0022 typeof=\u0022foaf:Image\u0022 class=\u0022img-fluid\u0022 \/\u003E\n\n  \u003C\/picture\u003E\n\n\u003C\/div\u003E\n      \n  \n\n      \u003Cdiv  class=\u0022boton-expander\u0022\u003E\n        \n                  \u003Cdiv class=\u0022item-list\u0022\u003E\u003Cul\u003E\u003Cli\u003E\u003Ca href=\u0022\/ds-switch-view-mode\/node\/17384\/media_collapsed?selector=view-mode-media_expanded\u0022 class=\u0022use-ajax\u0022\u003E\u2191\u003C\/a\u003E\u003C\/li\u003E\u003C\/ul\u003E\u003C\/div\u003E\n      \n  \n    \u003C\/div\u003E\n\n\n  \u003C\/div\u003E\n\n  \u003Cdiv class=\u0022area-info group-middle\u0022\u003E\n    \n\u003Cdiv  class=\u0022inner\u0022\u003E\n          \n                          \u003Ch2  class=\u0022titulo\u0022 \u003E\n        Acreditan calidad de programas educativos de la UABC Campus Tijuana\n\u003C\/h2\u003E\n      \n  \n\n    \n                          \u003Cdiv  class=\u0022resumen\u0022 \u003E\n      Las licenciaturas en Relaciones Internacionales y Gesti\u00f3n Tur\u00edstica.\u003C\/div\u003E\n      \n  \n\n\n\u003Cdiv  class=\u0022datos\u0022\u003E\n            \u003Cdiv  class=\u0022autor\u0022\u003E\n            \u003Cdiv  class=\u0022field-label-inline\u0022\u003EPor\u003C\/div\u003E\n  \n                  \u003Ca href=\u0022\/autores\/luz-fatima-alpizar-y-angelica-gomez\u0022 hreflang=\u0022es\u0022\u003ELuz F\u00e1tima Alpizar y Ang\u00e9lica G\u00f3mez\u003C\/a\u003E\n      \n  \n    \u003C\/div\u003E\n\n      \u003Cdiv  class=\u0022campus\u0022\u003E\n            \u003Cdiv  class=\u0022field-label-inline\u0022\u003ECampus\u003C\/div\u003E\n  \n                  \u003Ca href=\u0022\/campus\/tijuana\u0022 hreflang=\u0022es\u0022\u003ETijuana\u003C\/a\u003E\n      \n  \n    \u003C\/div\u003E\n\n    \n                          \u003Cdiv  class=\u0022fecha\u0022 \u003E\n      19 de Mayo de 2021\u003C\/div\u003E\n      \n  \n\n\n  \u003C\/div\u003E\n    \n                          \u003Cdiv  class=\u0022texto\u0022 \u003E\n      \u003Cp\u003EDos de los programas educativos que se imparten en la UABC) Campus Tijuana, fueron acreditados por su calidad educativa por un periodo de cinco a\u00f1os, tiempo en que se garantiza que los egresados cuentan con las competencias necesarias para aplicarlos en el mercado laboral y otorga a los estudiantes el beneficio de titulaci\u00f3n autom\u00e1tica.\u00a0\u003C\/p\u003E\n\n\u003Cp\u003ELa Licenciatura en Relaciones Internacionales que se imparte en la Facultad de Econom\u00eda y Relaciones Internacionales (FEyRI), recibi\u00f3 la cuarta acreditaci\u00f3n por parte de la Asociaci\u00f3n para la Acreditaci\u00f3n y Certificaci\u00f3n de las Ciencias Sociales (ACCECISO). La Licenciatura en Gesti\u00f3n Tur\u00edstica, programa educativo que ofrece la Facultad de Turismo y Mercadotecnia (FTM), recibi\u00f3 la segunda acreditaci\u00f3n otorgada por el Consejo de Acreditaci\u00f3n en Ciencias Administrativas, Contables y Afines, CACECA, A.C.\u003C\/p\u003E\n\n\u003Cp\u003ELa acreditaci\u00f3n del programa educativo consiste en evaluar al proceso de ense\u00f1anza-aprendizaje, as\u00ed como 10 componentes, entre los que se encuentran: personal acad\u00e9mico, estudiantes, plan de estudios, formaci\u00f3n integral, vinculaci\u00f3n y extensi\u00f3n, investigaci\u00f3n, infraestructura y equipamiento, entre otros.\u00a0\u003C\/p\u003E\n\n\u003Cp\u003EEl doctor Natanael Ram\u00edrez Angulo, director de FEYRI, coment\u00f3 que con la acreditaci\u00f3n tambi\u00e9n se pueden detectar \u00e1reas de oportunidad para seguir impulsando su mejoramiento, propiciando que alcance par\u00e1metros de calidad nacionales e internacionales, as\u00ed como fomentar una cultura de mejora continua que ayude a consolidar una educaci\u00f3n superior de gran calidad y con pertinencia social.\u003C\/p\u003E\n\n\u003Cp\u003E\u201cUn agradecimiento a todos los profesores, estudiantes, egresados y empleadores que participaron en el proceso ya que su aportaci\u00f3n fue muy valiosa para alcanzar este resultado. A toda la comunidad de la FEyRI, muchas felicidades y a seguir trabajando unidos por la calidad y una formaci\u00f3n s\u00f3lida de nuestros estudiantes\u201d, expres\u00f3 el doctor Ram\u00edrez Angulo.\u00a0\u003C\/p\u003E\n\n\u003Cp\u003ELa doctora Martha Ofelia Lobo Rodr\u00edguez, directora de la FTM, coment\u00f3 que es necesario mantener los est\u00e1ndares de calidad de los procesos acad\u00e9micos que aseguren la mejora continua en la formaci\u00f3n de profesionales del sector tur\u00edstico. \u201cLa reacreditaci\u00f3n significa que el programa de Gesti\u00f3n Tur\u00edstica ha sido revisado por pares acad\u00e9micos que tienen amplia experiencia, la cual les permite avalar la pertinencia y calidad del mismo\u201d.\u003C\/p\u003E\n\n\u003Cp\u003E\u201cAgradecemos a toda la comunidad su compromiso, este logro es resultado de trabajo en equipo de docentes, administrativos, egresados, empleadores y por supuesto nuestros estudiantes, De parte de la facultad refrendamos el compromiso con la formaci\u00f3n de nuestros estudiantes y futuros profesionistas, as\u00ed como contribuir con nuestra universidad de ofrecer programas que cumplan los m\u00e1s altos est\u00e1ndares de calidad\u201d.\u00a0\u00a0\u003C\/p\u003E\n\n\u003Cp\u003E\u00a0\u003C\/p\u003E\n\n\u003Cp\u003E\u00a0\u003C\/p\u003E\n\u003Cimg alt=\u0022Imagen eliminada.\u0022 data-entity-type=\u0022file\u0022 data-entity-uuid=\u00220a856572-8843-4c76-8592-5e9a4b8bcde0\u0022 src=\u0022\/sites\/default\/files\/inline-images\/Diploma%20de%20Acreditaci%2B%C2%A6n%20RI%202021-2026.jpg\u0022 class=\u0022align-center filter-image-invalid\u0022 title=\u0022Esta imagen se ha eliminado. Por razones de seguridad, s\u00f3lo se permiten im\u00e1genes de dominio local.\u0022 height=\u002216\u0022 width=\u002216\u0022 \/\u003E\u003Cp\u003E\u00a0\u003C\/p\u003E\u003C\/div\u003E\n      \n  \n\n    \n            \u003Cdiv  class=\u0022palabras-clave\u0022\u003E\n                        \u003Ca href=\u0022\/tags\/acreditacion-0\u0022 hreflang=\u0022es\u0022\u003EAcreditaci\u00f3n \u003C\/a\u003E\n                \u003Ca href=\u0022\/tags\/campus-tijuana\u0022 hreflang=\u0022es\u0022\u003ECampus Tijuana\u003C\/a\u003E\n                \u003Ca href=\u0022\/tags\/relaciones-internacionales\u0022 hreflang=\u0022es\u0022\u003ERelaciones Internacionales\u003C\/a\u003E\n                \u003Ca href=\u0022\/tags\/gestion-turistica\u0022 hreflang=\u0022es\u0022\u003EGesti\u00f3n Tur\u00edstica\u003C\/a\u003E\n      \n      \u003C\/div\u003E\n  \n\n\n  \u003C\/div\u003E\n\n  \u003C\/div\u003E\n\n  \u003Cdiv class=\u0022area-extras group-right\u0022\u003E\n        \n                          \u003Cdiv  class=\u0022enlace-blockBottom\u0022 \u003E\n      \u003Cdiv\u003EVer m\u00e1s \u003Ca href=\u0022http:\/\/gaceta.uabc.mx\/notas\u0022\u003ENotas\u003C\/a\u003E\u003C\/div\u003E\n\u003C\/div\u003E\n      \n  \n\n\n  \u003C\/div\u003E\n\n\u003C\/div\u003E\n\n","settings":null}]