[{"command":"settings","settings":{"pluralDelimiter":"\u0003","suppressDeprecationErrors":true,"ajaxPageState":{"libraries":"core\/drupal.ajax,core\/picturefill,ds\/ds_3col_equal_width","theme":"gaceta","theme_token":null},"ajaxTrustedUrl":[],"field_group":{"html_element":{"mode":"media_expanded","context":"view","settings":{"classes":"datos","show_empty_fields":false,"id":"","element":"div","show_label":false,"label_element":"h3","label_element_classes":"","attributes":"","effect":"none","speed":"fast"}}},"user":{"uid":0,"permissionsHash":"55dc977d165ab1e05e51b6cc6487f6d73e65ab536d99ee82c6990d9001d5c21c"}},"merge":true},{"command":"add_css","data":"\u003Clink rel=\u0022stylesheet\u0022 media=\u0022all\u0022 href=\u0022\/sites\/default\/files\/css\/css_mxJrjoKKAZuuB4_4f-B1u9VnFZxvSor3Az4JEdrFEso.css\u0022 \/\u003E\n\u003Clink rel=\u0022stylesheet\u0022 media=\u0022all\u0022 href=\u0022\/sites\/default\/files\/css\/css_-BXSGQpS8YTwwuXGbPoshUvZ7W-_HbYR3H7d0DA_mEY.css\u0022 \/\u003E\n\u003Clink rel=\u0022stylesheet\u0022 media=\u0022all\u0022 href=\u0022\/sites\/default\/files\/css\/css_89YreTu0npezhXSakRJR9TVHyBS9bTcyt0s3IckAe-M.css\u0022 \/\u003E\n"},{"command":"add_js","selector":"body","data":[{"src":"\/sites\/default\/files\/js\/js_9UaAhXvc9u0KYXXUw-OKyLP2baQxdV4zY3Y_KGurcvY.js"},{"src":"\/sites\/default\/files\/js\/js_oDJxUBLBzfRb_FDgNfkNOm9-tiatS2kNfxQIeVRZA7Y.js"},{"src":"\/sites\/default\/files\/js\/js_YM82KRuzNIr2X-Kb8pQW8cOcSbWgQ_QGKclTYJ_aMlI.js"},{"src":"\/sites\/default\/files\/js\/js_pqqsPPmPmxKgamY6qk_WSawtL05XH_yAY8GkPHVyahI.js"}]},{"command":"insert","method":"replaceWith","selector":".view-mode-full","data":"\u003Cdiv data-history-node-id=\u002217570\u0022 class=\u0022contenido view-mode-media_expanded ds-3col-equal clearfix\u0022\u003E\n\n  \n\n  \u003Cdiv class=\u0022area-medios group-left\u0022\u003E\n        \n                          \u003Cdiv  class=\u0022imagen\u0022 \u003E\n          \u003Cpicture\u003E\n                  \u003Csource srcset=\u0022\/sites\/default\/files\/styles\/max_650x650\/public\/2021-06\/4450.webp?itok=a1oC0WHG 650w, \/sites\/default\/files\/styles\/max_1300x1300\/public\/2021-06\/4450.webp?itok=WaPO3fNY 1300w, \/sites\/default\/files\/styles\/max_1900x1900\/public\/2021-06\/4450.webp?itok=QSjqFhvw 1366w\u0022 type=\u0022image\/webp\u0022 sizes=\u0022100vw\u0022\/\u003E\n              \u003Csource srcset=\u0022\/sites\/default\/files\/styles\/max_650x650\/public\/2021-06\/4450.png?itok=a1oC0WHG 650w, \/sites\/default\/files\/styles\/max_1300x1300\/public\/2021-06\/4450.png?itok=WaPO3fNY 1300w, \/sites\/default\/files\/styles\/max_1900x1900\/public\/2021-06\/4450.png?itok=QSjqFhvw 1366w\u0022 type=\u0022image\/png\u0022 sizes=\u0022100vw\u0022\/\u003E\n                  \u003Cimg srcset=\u0022\/sites\/default\/files\/styles\/max_650x650\/public\/2021-06\/4450.png?itok=a1oC0WHG 650w, \/sites\/default\/files\/styles\/max_1300x1300\/public\/2021-06\/4450.png?itok=WaPO3fNY 1300w, \/sites\/default\/files\/styles\/max_1900x1900\/public\/2021-06\/4450.png?itok=QSjqFhvw 1366w\u0022 sizes=\u0022100vw\u0022 src=\u0022\/sites\/default\/files\/styles\/max_1300x1300\/public\/2021-06\/4450.png?itok=WaPO3fNY\u0022 alt=\u0022\u0022 typeof=\u0022foaf:Image\u0022 class=\u0022img-fluid\u0022 \/\u003E\n\n  \u003C\/picture\u003E\n\n\u003C\/div\u003E\n      \n  \n\n      \u003Cdiv  class=\u0022boton-expander\u0022\u003E\n        \n                  \u003Cdiv class=\u0022item-list\u0022\u003E\u003Cul\u003E\u003Cli\u003E\u003Ca href=\u0022\/ds-switch-view-mode\/node\/17570\/media_collapsed?selector=view-mode-media_expanded\u0022 class=\u0022use-ajax\u0022\u003E\u2191\u003C\/a\u003E\u003C\/li\u003E\u003C\/ul\u003E\u003C\/div\u003E\n      \n  \n    \u003C\/div\u003E\n\n\n  \u003C\/div\u003E\n\n  \u003Cdiv class=\u0022area-info group-middle\u0022\u003E\n    \n\u003Cdiv  class=\u0022inner\u0022\u003E\n          \n                          \u003Ch2  class=\u0022titulo\u0022 \u003E\n        Culminan eventos para acreditar \u201cActividades Complementarias de Formaci\u00f3n Integral\u201d\n\u003C\/h2\u003E\n      \n  \n\n    \n                          \u003Cdiv  class=\u0022resumen\u0022 \u003E\n      En la FCIAS Unidad Tecate.\u003Cbr \/\u003E\r\n\u003Cbr \/\u003E\r\n\u003C\/div\u003E\n      \n  \n\n\n\u003Cdiv  class=\u0022datos\u0022\u003E\n            \u003Cdiv  class=\u0022autor\u0022\u003E\n            \u003Cdiv  class=\u0022field-label-inline\u0022\u003EPor\u003C\/div\u003E\n  \n                  \u003Ca href=\u0022\/autores\/jesus-eduardo-pena-valenzuela\u0022 hreflang=\u0022es\u0022\u003EJes\u00fas Eduardo Pe\u00f1a Valenzuela\u003C\/a\u003E\n      \n  \n    \u003C\/div\u003E\n\n      \u003Cdiv  class=\u0022campus\u0022\u003E\n            \u003Cdiv  class=\u0022field-label-inline\u0022\u003ECampus\u003C\/div\u003E\n  \n                  \u003Ca href=\u0022\/campus\/tijuana\u0022 hreflang=\u0022es\u0022\u003ETijuana\u003C\/a\u003E\n      \n  \n    \u003C\/div\u003E\n\n    \n                          \u003Cdiv  class=\u0022fecha\u0022 \u003E\n      9 de Junio de 2021\u003C\/div\u003E\n      \n  \n\n\n  \u003C\/div\u003E\n    \n                          \u003Cdiv  class=\u0022texto\u0022 \u003E\n      \u003Cp\u003ELa Facultad de Ciencias de la Ingenier\u00eda, Administrativas y Sociales (FCIAS), Unidad Universitaria Tecate, organiz\u00f3 distintos eventos como parte del programa\u003Cem\u003E \u003C\/em\u003EActividades Complementarias de Formaci\u00f3n Integral, correspondientes al periodo 2021-1. El objetivo fue fomentar la internacionalizaci\u00f3n desde casa y la participaci\u00f3n activa de estudiantes y docentes, con conferencias y paneles, mismas que al ser transmitidas por Facebook, siguen activas para que se puedan reproducir nuevamente y as\u00ed la comunidad pueda aprender de los temas tratados.\u00a0\u003C\/p\u003E\n\n\u003Cp\u003ELas actividades iniciaron con la charla enfocada a estudiantes y microempresarios, titulada \u201cTransformaci\u00f3n digital: retos y oportunidades para las micro y peque\u00f1as empresas\u201d, como parte del proyecto de investigaci\u00f3n \u201cEstrategias y acciones que utiliza el emprendedor para la creaci\u00f3n de negocios dentro de su contexto social y econ\u00f3mico\u201d\u003Cem\u003E,\u003C\/em\u003E impartida por los investigadores, doctor Oscar Omar Ovalle Osuna, tambi\u00e9n director de la facultad, y doctora Teresa de Jes\u00fas Plazola Rivera, docentes de la FCIAS.\u003C\/p\u003E\n\n\u003Cp\u003ETambi\u00e9n se llev\u00f3 a cabo el Encuentro de Cuerpos Acad\u00e9micos y Grupos de Investigaci\u00f3n en Ciencias de la Ingenier\u00eda, Administrativas y Sociales 2021, donde se cont\u00f3 con la participaci\u00f3n de destacados investigadores representantes de diversas universidades de pa\u00edses como: Brasil, Colombia, Espa\u00f1a y M\u00e9xico. Tambi\u00e9n se cont\u00f3 con la participaci\u00f3n de docentes de la UABC, se impartieron 11 conferencias, un taller de Introducci\u00f3n a Ecuaciones Estructurales PLC dirigido a docentes y alumnos de posgrado, incluyendo una reuni\u00f3n de cuerpos acad\u00e9micos y grupos de investigaci\u00f3n de la FCIAS.\u003C\/p\u003E\n\n\u003Cp\u003EIgualmente, tuvo lugar la Jornada \u201cEducar para incluir\u201d, a trav\u00e9s de la Red de Valores junto con apoyo del Departamento de Atenci\u00f3n a la Violencia de G\u00e9nero (DAVG). Esta jornada estuvo compuesta por tres m\u00f3dulos y se impartieron las conferencias: \u201c\u00bfQu\u00e9 es una sociedad inclusiva?\u201d, a cargo del licenciado Orlando Sarmiento; \u201cIgualdad sustantiva y diversidad\u201d, por parte del licenciado Armando J\u00e1uregui; y \u201cViolencia contra las mujeres\u201d, ofrecida por la licenciada Sarah\u00ed Sanpedro.\u003C\/p\u003E\n\n\u003Cp\u003EPara finalizar el programa, se efectu\u00f3 el Congreso Internacional de Pluralismo Jur\u00eddico y Respectividad, donde participaron destacados conferencistas de la Universidad de Nacional de Colombia, Universidad Cooperativa de Colombia, Universidad Nacional de La Plata, Universidad Tarapac\u00e1 (Chile), Universidad de Sao Paulo (Brasil), Universidad Nacional Aut\u00f3noma de M\u00e9xico, Universidad Aut\u00f3noma de San Luis Potos\u00ed, Universidad Aut\u00f3noma del Estado de Morelos, Universidad Aut\u00f3noma de Aguascalientes y UABC. Se llevaron a cabo seis conferencias, tres paneles de discusi\u00f3n y una presentaci\u00f3n de libro. En los paneles se abordaron temas de estudios sociales, jurisdiccionales y te\u00f3ricos. Asimismo, se present\u00f3 el libro \u003Cem\u003EUna visi\u00f3n posmoderna de los derechos humanos en el derecho de familia\u003C\/em\u003E, por su autora, la doctora Marcela Leticia L\u00f3pez Serna.\u003C\/p\u003E\n\n\u003Cp\u003ELos eventos pueden consultarse en la p\u00e1gina de Facebook: https:\/\/www.facebook.com\/fintecate, y pr\u00f3ximamente se encontrar\u00e1n disponibles en el canal de Youtube FCIAS UABC \u003Ca href=\u0022http:\/\/bit.ly\/YouTube_FCIAS\u0022\u003Ehttp:\/\/bit.ly\/YouTube_FCIAS\u003C\/a\u003E.\u00a0\u003C\/p\u003E\n\n\u003Cp\u003E\u00a0\u003C\/p\u003E\u003C\/div\u003E\n      \n  \n\n    \n            \u003Cdiv  class=\u0022palabras-clave\u0022\u003E\n                        \u003Ca href=\u0022\/tags\/formacion-integral\u0022 hreflang=\u0022es\u0022\u003EFormacion integral\u003C\/a\u003E\n                \u003Ca href=\u0022\/tags\/fcias\u0022 hreflang=\u0022es\u0022\u003EFCIAS\u003C\/a\u003E\n                \u003Ca href=\u0022\/tags\/conferencias-0\u0022 hreflang=\u0022es\u0022\u003EConferencias\u003C\/a\u003E\n      \n      \u003C\/div\u003E\n  \n\n\n  \u003C\/div\u003E\n\n  \u003C\/div\u003E\n\n  \u003Cdiv class=\u0022area-extras group-right\u0022\u003E\n        \n                          \u003Cdiv  class=\u0022enlace-blockBottom\u0022 \u003E\n      \u003Cdiv\u003EVer m\u00e1s \u003Ca href=\u0022http:\/\/gaceta.uabc.mx\/notas\u0022\u003ENotas\u003C\/a\u003E\u003C\/div\u003E\n\u003C\/div\u003E\n      \n  \n\n\n  \u003C\/div\u003E\n\n\u003C\/div\u003E\n\n","settings":null}]