[{"command":"settings","settings":{"pluralDelimiter":"\u0003","suppressDeprecationErrors":true,"ajaxPageState":{"libraries":"core\/drupal.ajax,core\/picturefill,ds\/ds_3col_equal_width","theme":"gaceta","theme_token":null},"ajaxTrustedUrl":[],"field_group":{"html_element":{"mode":"media_expanded","context":"view","settings":{"classes":"datos","show_empty_fields":false,"id":"","element":"div","show_label":false,"label_element":"h3","label_element_classes":"","attributes":"","effect":"none","speed":"fast"}}},"user":{"uid":0,"permissionsHash":"55dc977d165ab1e05e51b6cc6487f6d73e65ab536d99ee82c6990d9001d5c21c"}},"merge":true},{"command":"add_css","data":"\u003Clink rel=\u0022stylesheet\u0022 media=\u0022all\u0022 href=\u0022\/sites\/default\/files\/css\/css_mxJrjoKKAZuuB4_4f-B1u9VnFZxvSor3Az4JEdrFEso.css\u0022 \/\u003E\n\u003Clink rel=\u0022stylesheet\u0022 media=\u0022all\u0022 href=\u0022\/sites\/default\/files\/css\/css_-BXSGQpS8YTwwuXGbPoshUvZ7W-_HbYR3H7d0DA_mEY.css\u0022 \/\u003E\n\u003Clink rel=\u0022stylesheet\u0022 media=\u0022all\u0022 href=\u0022\/sites\/default\/files\/css\/css_89YreTu0npezhXSakRJR9TVHyBS9bTcyt0s3IckAe-M.css\u0022 \/\u003E\n"},{"command":"add_js","selector":"body","data":[{"src":"\/sites\/default\/files\/js\/js_9UaAhXvc9u0KYXXUw-OKyLP2baQxdV4zY3Y_KGurcvY.js"},{"src":"\/sites\/default\/files\/js\/js_oDJxUBLBzfRb_FDgNfkNOm9-tiatS2kNfxQIeVRZA7Y.js"},{"src":"\/sites\/default\/files\/js\/js_YM82KRuzNIr2X-Kb8pQW8cOcSbWgQ_QGKclTYJ_aMlI.js"},{"src":"\/sites\/default\/files\/js\/js_pqqsPPmPmxKgamY6qk_WSawtL05XH_yAY8GkPHVyahI.js"}]},{"command":"insert","method":"replaceWith","selector":".view-mode-full","data":"\u003Cdiv data-history-node-id=\u002217873\u0022 class=\u0022contenido view-mode-media_expanded ds-3col-equal clearfix\u0022\u003E\n\n  \n\n  \u003Cdiv class=\u0022area-medios group-left\u0022\u003E\n        \n                          \u003Cdiv  class=\u0022imagen\u0022 \u003E\n          \u003Cpicture\u003E\n                  \u003Csource srcset=\u0022\/sites\/default\/files\/styles\/max_650x650\/public\/2021-09\/Clase.webp?itok=KZWFUSHX 650w, \/sites\/default\/files\/styles\/max_1300x1300\/public\/2021-09\/Clase.webp?itok=ZMpWkSSe 1300w, \/sites\/default\/files\/styles\/max_1900x1900\/public\/2021-09\/Clase.webp?itok=fZO8hmMN 1366w\u0022 type=\u0022image\/webp\u0022 sizes=\u0022100vw\u0022\/\u003E\n              \u003Csource srcset=\u0022\/sites\/default\/files\/styles\/max_650x650\/public\/2021-09\/Clase.png?itok=KZWFUSHX 650w, \/sites\/default\/files\/styles\/max_1300x1300\/public\/2021-09\/Clase.png?itok=ZMpWkSSe 1300w, \/sites\/default\/files\/styles\/max_1900x1900\/public\/2021-09\/Clase.png?itok=fZO8hmMN 1366w\u0022 type=\u0022image\/png\u0022 sizes=\u0022100vw\u0022\/\u003E\n                  \u003Cimg srcset=\u0022\/sites\/default\/files\/styles\/max_650x650\/public\/2021-09\/Clase.png?itok=KZWFUSHX 650w, \/sites\/default\/files\/styles\/max_1300x1300\/public\/2021-09\/Clase.png?itok=ZMpWkSSe 1300w, \/sites\/default\/files\/styles\/max_1900x1900\/public\/2021-09\/Clase.png?itok=fZO8hmMN 1366w\u0022 sizes=\u0022100vw\u0022 src=\u0022\/sites\/default\/files\/styles\/max_1300x1300\/public\/2021-09\/Clase.png?itok=ZMpWkSSe\u0022 alt=\u0022\u0022 typeof=\u0022foaf:Image\u0022 class=\u0022img-fluid\u0022 \/\u003E\n\n  \u003C\/picture\u003E\n\n\u003C\/div\u003E\n      \n  \n\n    \n                          \u003Cdiv  class=\u0022imagen-alterna\u0022 \u003E\n        \u003Cimg loading=\u0022lazy\u0022 src=\u0022\/sites\/default\/files\/imagenes\/notas\/2021-09\/Clase%20magistral%20Jav.png\u0022 width=\u00221366\u0022 height=\u0022768\u0022 alt=\u0022\u0022 typeof=\u0022foaf:Image\u0022 class=\u0022img-fluid\u0022 \/\u003E\n\n\u003C\/div\u003E\n      \n  \n\n      \u003Cdiv  class=\u0022boton-expander\u0022\u003E\n        \n                  \u003Cdiv class=\u0022item-list\u0022\u003E\u003Cul\u003E\u003Cli\u003E\u003Ca href=\u0022\/ds-switch-view-mode\/node\/17873\/media_collapsed?selector=view-mode-media_expanded\u0022 class=\u0022use-ajax\u0022\u003E\u2191\u003C\/a\u003E\u003C\/li\u003E\u003C\/ul\u003E\u003C\/div\u003E\n      \n  \n    \u003C\/div\u003E\n\n\n  \u003C\/div\u003E\n\n  \u003Cdiv class=\u0022area-info group-middle\u0022\u003E\n    \n\u003Cdiv  class=\u0022inner\u0022\u003E\n          \n                          \u003Ch2  class=\u0022titulo\u0022 \u003E\n        Imparten Clase Magistral Internacional en l\u00ednea\n\u003C\/h2\u003E\n      \n  \n\n    \n                          \u003Cdiv  class=\u0022resumen\u0022 \u003E\n      Abordan la psicopedagog\u00eda como ciencia humanizante\u003C\/div\u003E\n      \n  \n\n\n\u003Cdiv  class=\u0022datos\u0022\u003E\n            \u003Cdiv  class=\u0022autor\u0022\u003E\n            \u003Cdiv  class=\u0022field-label-inline\u0022\u003EPor\u003C\/div\u003E\n  \n                  \u003Ca href=\u0022\/autores\/karla-daniela-vasquez-carrasco\u0022 hreflang=\u0022es\u0022\u003EKarla Daniela V\u00e1squez Carrasco\u003C\/a\u003E\n      \n  \n    \u003C\/div\u003E\n\n      \u003Cdiv  class=\u0022campus\u0022\u003E\n            \u003Cdiv  class=\u0022field-label-inline\u0022\u003ECampus\u003C\/div\u003E\n  \n                  \u003Ca href=\u0022\/campus\/tijuana\u0022 hreflang=\u0022es\u0022\u003ETijuana\u003C\/a\u003E\n      \n  \n    \u003C\/div\u003E\n\n    \n                          \u003Cdiv  class=\u0022fecha\u0022 \u003E\n      1 de Septiembre de 2021\u003C\/div\u003E\n      \n  \n\n\n  \u003C\/div\u003E\n    \n                          \u003Cdiv  class=\u0022texto\u0022 \u003E\n      \u003Cp\u003ELa Facultad de Humanidades y Ciencias Sociales (FHyCS), a trav\u00e9s del programa educativo de la Licenciatura en Asesor\u00eda Pedag\u00f3gica, en colaboraci\u00f3n con la Red Iberoamericana de Psicopedagog\u00eda (RedIP), llev\u00f3 a cabo una Clase Magistral Internacional impartida por la maestra Javiera Carrasco Cursach y transmitida a trav\u00e9s de las redes sociales de la RedIP para M\u00e9xico y Chile.\u003C\/p\u003E\n\n\u003Cp\u003ELa maestra Carrasco Cursach, quien es acad\u00e9mica de pregrado en la Universidad Vi\u00f1a del Mar en Chile, entabl\u00f3 un enriquecedor di\u00e1logo con alumnos de la materia Modelos de Intervenci\u00f3n Psicopedag\u00f3gica, a cargo del maestro Rub\u00e9n Villavicencio Mart\u00ednez, profesor de la FHyCS.\u003C\/p\u003E\n\n\u003Cp\u003ELa docente comparti\u00f3 su investigaci\u00f3n \u201cAn\u00e1lisis epistemol\u00f3gico y construcci\u00f3n del objeto de estudio de la psicopedagog\u00eda\u201d, que fuera publicada en 2018 y se diera a conocer un a\u00f1o antes en el Primer Congreso Acad\u00e9mico Nacional de Psicopedagog\u00eda. Dentro de su estudio, la maestra Javiera Carrasco busca cuatro objetivos principalmente: reflexionar acerca de la psicopedagog\u00eda y su construcci\u00f3n epistemol\u00f3gica; identificar elementos para la construcci\u00f3n de modelo explicativo; analizar el constructo de matriz de datos para su uso epistemol\u00f3gico; y determinar el objeto de estudio de la psicopedagog\u00eda a partir de la construcci\u00f3n metodol\u00f3gica.\u003C\/p\u003E\n\n\u003Cp\u003ECon este intercambio de posturas y an\u00e1lisis de la investigaci\u00f3n la profesora de la Universidad Vi\u00f1a del Mar abre un panorama m\u00e1s claro para los estudiantes sobre la importancia de la psicopedagog\u00eda en la cotidianidad como ciencia humanizadora.\u003C\/p\u003E\n\n\u003Cp\u003EHacia el\u00a0 final de la reuni\u00f3n, tanto la ponente como la audiencia compartieron ideas con las asistentes, adem\u00e1s de hacer algunas recomendaciones literarias para sus futuros colegas que se encuentran en ese camino de conocer m\u00e1s a fondo su carrera universitaria.\u003C\/p\u003E\n\n\u003Cp\u003EPara futuras consultas de este material, podr\u00e1s encontrarlos en el Facebook Red Iberoamericana de Psicopedagog\u00eda.\u003Cbr \/\u003E\n\u00a0\u003C\/p\u003E\u003C\/div\u003E\n      \n  \n\n    \n            \u003Cdiv  class=\u0022palabras-clave\u0022\u003E\n                        \u003Ca href=\u0022\/tags\/redip\u0022 hreflang=\u0022es\u0022\u003ERedIP\u003C\/a\u003E\n                \u003Ca href=\u0022\/tags\/licenciatura-en-asesoria-psicopedagogica\u0022 hreflang=\u0022es\u0022\u003ELicenciatura en Asesor\u00eda Psicopedag\u00f3gica  \u003C\/a\u003E\n                \u003Ca href=\u0022\/tags\/internacional\u0022 hreflang=\u0022es\u0022\u003EInternacional\u003C\/a\u003E\n      \n      \u003C\/div\u003E\n  \n\n\n  \u003C\/div\u003E\n\n  \u003C\/div\u003E\n\n  \u003Cdiv class=\u0022area-extras group-right\u0022\u003E\n        \n                          \u003Cdiv  class=\u0022enlace-blockBottom\u0022 \u003E\n      \u003Cdiv\u003EVer m\u00e1s \u003Ca href=\u0022http:\/\/gaceta.uabc.mx\/notas\u0022\u003ENotas\u003C\/a\u003E\u003C\/div\u003E\n\u003C\/div\u003E\n      \n  \n\n\n  \u003C\/div\u003E\n\n\u003C\/div\u003E\n\n","settings":null}]