[{"command":"settings","settings":{"pluralDelimiter":"\u0003","suppressDeprecationErrors":true,"ajaxPageState":{"libraries":"core\/drupal.ajax,core\/picturefill,ds\/ds_3col_equal_width","theme":"gaceta","theme_token":null},"ajaxTrustedUrl":[],"field_group":{"html_element":{"mode":"media_expanded","context":"view","settings":{"classes":"datos","show_empty_fields":false,"id":"","element":"div","show_label":false,"label_element":"h3","label_element_classes":"","attributes":"","effect":"none","speed":"fast"}}},"user":{"uid":0,"permissionsHash":"55dc977d165ab1e05e51b6cc6487f6d73e65ab536d99ee82c6990d9001d5c21c"}},"merge":true},{"command":"add_css","data":"\u003Clink rel=\u0022stylesheet\u0022 media=\u0022all\u0022 href=\u0022\/sites\/default\/files\/css\/css_mxJrjoKKAZuuB4_4f-B1u9VnFZxvSor3Az4JEdrFEso.css\u0022 \/\u003E\n\u003Clink rel=\u0022stylesheet\u0022 media=\u0022all\u0022 href=\u0022\/sites\/default\/files\/css\/css_-BXSGQpS8YTwwuXGbPoshUvZ7W-_HbYR3H7d0DA_mEY.css\u0022 \/\u003E\n\u003Clink rel=\u0022stylesheet\u0022 media=\u0022all\u0022 href=\u0022\/sites\/default\/files\/css\/css_89YreTu0npezhXSakRJR9TVHyBS9bTcyt0s3IckAe-M.css\u0022 \/\u003E\n"},{"command":"add_js","selector":"body","data":[{"src":"\/sites\/default\/files\/js\/js_9UaAhXvc9u0KYXXUw-OKyLP2baQxdV4zY3Y_KGurcvY.js"},{"src":"\/sites\/default\/files\/js\/js_oDJxUBLBzfRb_FDgNfkNOm9-tiatS2kNfxQIeVRZA7Y.js"},{"src":"\/sites\/default\/files\/js\/js_YM82KRuzNIr2X-Kb8pQW8cOcSbWgQ_QGKclTYJ_aMlI.js"},{"src":"\/sites\/default\/files\/js\/js_pqqsPPmPmxKgamY6qk_WSawtL05XH_yAY8GkPHVyahI.js"}]},{"command":"insert","method":"replaceWith","selector":".view-mode-full","data":"\u003Cdiv data-history-node-id=\u002218046\u0022 class=\u0022contenido view-mode-media_expanded ds-3col-equal clearfix\u0022\u003E\n\n  \n\n  \u003Cdiv class=\u0022area-medios group-left\u0022\u003E\n        \n                          \u003Cdiv  class=\u0022imagen\u0022 \u003E\n          \u003Cpicture\u003E\n                  \u003Csource srcset=\u0022\/sites\/default\/files\/styles\/max_650x650\/public\/2022-08\/DSC_0064.webp?itok=wFYJ3GMF 650w, \/sites\/default\/files\/styles\/max_1300x1300\/public\/2022-08\/DSC_0064.webp?itok=fqSqd-R3 1300w, \/sites\/default\/files\/styles\/max_1900x1900\/public\/2022-08\/DSC_0064.webp?itok=D3wdacQz 1500w\u0022 type=\u0022image\/webp\u0022 sizes=\u0022100vw\u0022\/\u003E\n              \u003Csource srcset=\u0022\/sites\/default\/files\/styles\/max_650x650\/public\/2022-08\/DSC_0064.jpg?itok=wFYJ3GMF 650w, \/sites\/default\/files\/styles\/max_1300x1300\/public\/2022-08\/DSC_0064.jpg?itok=fqSqd-R3 1300w, \/sites\/default\/files\/styles\/max_1900x1900\/public\/2022-08\/DSC_0064.jpg?itok=D3wdacQz 1500w\u0022 type=\u0022image\/jpeg\u0022 sizes=\u0022100vw\u0022\/\u003E\n                  \u003Cimg srcset=\u0022\/sites\/default\/files\/styles\/max_650x650\/public\/2022-08\/DSC_0064.jpg?itok=wFYJ3GMF 650w, \/sites\/default\/files\/styles\/max_1300x1300\/public\/2022-08\/DSC_0064.jpg?itok=fqSqd-R3 1300w, \/sites\/default\/files\/styles\/max_1900x1900\/public\/2022-08\/DSC_0064.jpg?itok=D3wdacQz 1500w\u0022 sizes=\u0022100vw\u0022 src=\u0022\/sites\/default\/files\/styles\/max_1300x1300\/public\/2022-08\/DSC_0064.jpg?itok=fqSqd-R3\u0022 alt=\u0022\u0022 typeof=\u0022foaf:Image\u0022 class=\u0022img-fluid\u0022 \/\u003E\n\n  \u003C\/picture\u003E\n\n\u003C\/div\u003E\n      \n  \n\n      \u003Cdiv  class=\u0022boton-expander\u0022\u003E\n        \n                  \u003Cdiv class=\u0022item-list\u0022\u003E\u003Cul\u003E\u003Cli\u003E\u003Ca href=\u0022\/ds-switch-view-mode\/node\/18046\/media_collapsed?selector=view-mode-media_expanded\u0022 class=\u0022use-ajax\u0022\u003E\u2191\u003C\/a\u003E\u003C\/li\u003E\u003C\/ul\u003E\u003C\/div\u003E\n      \n  \n    \u003C\/div\u003E\n\n\n  \u003C\/div\u003E\n\n  \u003Cdiv class=\u0022area-info group-middle\u0022\u003E\n    \n\u003Cdiv  class=\u0022inner\u0022\u003E\n          \n                          \u003Ch2  class=\u0022titulo\u0022 \u003E\n        Celebran firma de convenio UABC y Canacintra \n\u003C\/h2\u003E\n      \n  \n\n    \n                          \u003Cdiv  class=\u0022resumen\u0022 \u003E\n      Estrechan lazos para fortalecer la educaci\u00f3n continua\u003Cbr \/\u003E\r\n\u003C\/div\u003E\n      \n  \n\n\n\u003Cdiv  class=\u0022datos\u0022\u003E\n            \u003Cdiv  class=\u0022autor\u0022\u003E\n            \u003Cdiv  class=\u0022field-label-inline\u0022\u003EPor\u003C\/div\u003E\n  \n                  \u003Ca href=\u0022\/autores\/rebeca-mancilla-nieto\u0022 hreflang=\u0022es\u0022\u003ERebeca Mancilla Nieto\u003C\/a\u003E\n      \n  \n    \u003C\/div\u003E\n\n      \u003Cdiv  class=\u0022campus\u0022\u003E\n            \u003Cdiv  class=\u0022field-label-inline\u0022\u003ECampus\u003C\/div\u003E\n  \n                  \u003Ca href=\u0022\/campus\/tijuana\u0022 hreflang=\u0022es\u0022\u003ETijuana\u003C\/a\u003E\n      \n  \n    \u003C\/div\u003E\n\n    \n                          \u003Cdiv  class=\u0022fecha\u0022 \u003E\n      4 de Octubre de 2021\u003C\/div\u003E\n      \n  \n\n\n  \u003C\/div\u003E\n    \n                          \u003Cdiv  class=\u0022texto\u0022 \u003E\n      \u003Cp\u003EEn las instalaciones de la Vicerrector\u00eda del Campus Tijuana se llev\u00f3 a cabo la firma de convenio general entre la UABC y la C\u00e1mara Nacional de la Industria de la Transformaci\u00f3n (Canacintra) en Tijuana, con la especial relevancia de fortalecer las relaciones interinstitucionales, predominantemente aquellas que tienen que ver con la vinculaci\u00f3n y en particular con la educaci\u00f3n continua en la Facultad de Ciencias Qu\u00edmicas e Ingenier\u00eda (FCQI).\u003C\/p\u003E\n\n\u003Cp\u003EPresidi\u00f3 este acto la maestra Edith Montiel Ayala, vicerrectora del Campus Tijuana, que estuvo acompa\u00f1ada del maestro Roberto Alejandro Reyes Mart\u00ednez, director de la FCQI; maestro Guillermo Navarro V\u00e1zquez, jefe de Departamento de Extensi\u00f3n de la Cultura y la Vinculaci\u00f3n; y doctor H\u00e9ctor Alfonso Maga\u00f1a Badilla, coordinador de Extensi\u00f3n y Vinculaci\u00f3n de la FCQI. Por parte de Canacintra estuvieron presentes el licenciado Jorge Figueroa Barrozo, presidente de la c\u00e1mara en Tijuana, y el licenciado Ignacio Calder\u00f3n Tena, Relaciones Internacionales del organismo empresarial.\u003C\/p\u003E\n\n\u003Cp\u003EEl maestro Reyes destac\u00f3 que esta vinculaci\u00f3n surge con la idea de impulsar intercambios de experiencias en el \u00e1rea de la cadena de suministros y proveedur\u00eda local. \u0022La doctora\u00a0 Karina Cecilia Arredondo Soto, coordinadora de la Licenciatura en Ingenier\u00eda Industrial ha visto la oportunidad\u00a0 de fortalecer\u00a0 este tema a trav\u00e9s de posgrados, estamos viendo que en una primera escala se crear\u00e1n diplomados con miras a especialidad y\u00a0 maestr\u00eda, en ese sentido se\u00a0 impulsa esta propuesta de convenio general con Canacintra\u0022, coment\u00f3 el director de la FCQI.\u00a0\u003C\/p\u003E\n\n\u003Cp\u003EAsimismo, el licenciado Jorge Figueroa Barrozo expres\u00f3: \u0022Estamos muy contentos de tener este acercamiento, sinceramente creemos en esta vinculaci\u00f3n y creemos que debemos de estar ligados a todo lo que estamos viviendo nosotros como empresarios en el d\u00eda d\u00eda, agradecemos esta oportunidad y me reitero a sus \u00f3rdenes\u0022.\u00a0\u003C\/p\u003E\n\n\u003Cp\u003EPara finalizar, la maestra Montiel Ayala agradeci\u00f3 la formalizaci\u00f3n de esta uni\u00f3n de esfuerzos entre estas instituciones y mencion\u00f3: \u201cReciban, a nombre de nuestro rector, el doctor Daniel Octavio Valdez Delgadillo, y a t\u00edtulo personal, una c\u00e1lida bienvenida a nuestro campus, este convenio busca formalizar la colaboraci\u00f3n entre ambas instituciones y por esto debemos fortalecer la vinculaci\u00f3n, buscando resolver problemas y carencias sociales, con un resultado en beneficio para las partes involucradas y optimizando la formaci\u00f3n integral de los estudiantes de todos los niveles\u201d, concluy\u00f3.\u00a0\u003C\/p\u003E\n\n\u003Cp\u003E\u00a0\u003C\/p\u003E\u003C\/div\u003E\n      \n  \n\n    \n            \u003Cdiv  class=\u0022palabras-clave\u0022\u003E\n                        \u003Ca href=\u0022\/tags\/campus-tijuana\u0022 hreflang=\u0022es\u0022\u003ECampus Tijuana\u003C\/a\u003E\n                \u003Ca href=\u0022\/tags\/firma-de-convenio\u0022 hreflang=\u0022es\u0022\u003EFirma de convenio\u003C\/a\u003E\n                \u003Ca href=\u0022\/tags\/canacintra\u0022 hreflang=\u0022es\u0022\u003ECanacintra\u003C\/a\u003E\n      \n      \u003C\/div\u003E\n  \n\n\n  \u003C\/div\u003E\n\n  \u003C\/div\u003E\n\n  \u003Cdiv class=\u0022area-extras group-right\u0022\u003E\n        \n                          \u003Cdiv  class=\u0022enlace-blockBottom\u0022 \u003E\n      \u003Cdiv\u003EVer m\u00e1s \u003Ca href=\u0022http:\/\/gaceta.uabc.mx\/notas\u0022\u003ENotas\u003C\/a\u003E\u003C\/div\u003E\n\u003C\/div\u003E\n      \n  \n\n\n  \u003C\/div\u003E\n\n\u003C\/div\u003E\n\n","settings":null}]