[{"command":"settings","settings":{"pluralDelimiter":"\u0003","suppressDeprecationErrors":true,"ajaxPageState":{"libraries":"core\/drupal.ajax,core\/picturefill,ds\/ds_3col_equal_width","theme":"gaceta","theme_token":null},"ajaxTrustedUrl":[],"field_group":{"html_element":{"mode":"media_expanded","context":"view","settings":{"classes":"datos","show_empty_fields":false,"id":"","element":"div","show_label":false,"label_element":"h3","label_element_classes":"","attributes":"","effect":"none","speed":"fast"}}},"user":{"uid":0,"permissionsHash":"55dc977d165ab1e05e51b6cc6487f6d73e65ab536d99ee82c6990d9001d5c21c"}},"merge":true},{"command":"add_css","data":"\u003Clink rel=\u0022stylesheet\u0022 media=\u0022all\u0022 href=\u0022\/sites\/default\/files\/css\/css_mxJrjoKKAZuuB4_4f-B1u9VnFZxvSor3Az4JEdrFEso.css\u0022 \/\u003E\n\u003Clink rel=\u0022stylesheet\u0022 media=\u0022all\u0022 href=\u0022\/sites\/default\/files\/css\/css_-BXSGQpS8YTwwuXGbPoshUvZ7W-_HbYR3H7d0DA_mEY.css\u0022 \/\u003E\n\u003Clink rel=\u0022stylesheet\u0022 media=\u0022all\u0022 href=\u0022\/sites\/default\/files\/css\/css_89YreTu0npezhXSakRJR9TVHyBS9bTcyt0s3IckAe-M.css\u0022 \/\u003E\n"},{"command":"add_js","selector":"body","data":[{"src":"\/sites\/default\/files\/js\/js_9UaAhXvc9u0KYXXUw-OKyLP2baQxdV4zY3Y_KGurcvY.js"},{"src":"\/sites\/default\/files\/js\/js_oDJxUBLBzfRb_FDgNfkNOm9-tiatS2kNfxQIeVRZA7Y.js"},{"src":"\/sites\/default\/files\/js\/js_YM82KRuzNIr2X-Kb8pQW8cOcSbWgQ_QGKclTYJ_aMlI.js"},{"src":"\/sites\/default\/files\/js\/js_pqqsPPmPmxKgamY6qk_WSawtL05XH_yAY8GkPHVyahI.js"}]},{"command":"insert","method":"replaceWith","selector":".view-mode-full","data":"\u003Cdiv data-history-node-id=\u002218075\u0022 class=\u0022contenido view-mode-media_expanded ds-3col-equal clearfix\u0022\u003E\n\n  \n\n  \u003Cdiv class=\u0022area-medios group-left\u0022\u003E\n        \n                          \u003Cdiv  class=\u0022imagen\u0022 \u003E\n          \u003Cpicture\u003E\n                  \u003Csource srcset=\u0022\/sites\/default\/files\/styles\/max_650x650\/public\/2022-08\/3_0.webp?itok=5wInVUVe 650w, \/sites\/default\/files\/styles\/max_1300x1300\/public\/2022-08\/3_0.webp?itok=m00cmLvY 1300w, \/sites\/default\/files\/styles\/max_1900x1900\/public\/2022-08\/3_0.webp?itok=X8GNDWzZ 1500w\u0022 type=\u0022image\/webp\u0022 sizes=\u0022100vw\u0022\/\u003E\n              \u003Csource srcset=\u0022\/sites\/default\/files\/styles\/max_650x650\/public\/2022-08\/3_0.jpg?itok=5wInVUVe 650w, \/sites\/default\/files\/styles\/max_1300x1300\/public\/2022-08\/3_0.jpg?itok=m00cmLvY 1300w, \/sites\/default\/files\/styles\/max_1900x1900\/public\/2022-08\/3_0.jpg?itok=X8GNDWzZ 1500w\u0022 type=\u0022image\/jpeg\u0022 sizes=\u0022100vw\u0022\/\u003E\n                  \u003Cimg srcset=\u0022\/sites\/default\/files\/styles\/max_650x650\/public\/2022-08\/3_0.jpg?itok=5wInVUVe 650w, \/sites\/default\/files\/styles\/max_1300x1300\/public\/2022-08\/3_0.jpg?itok=m00cmLvY 1300w, \/sites\/default\/files\/styles\/max_1900x1900\/public\/2022-08\/3_0.jpg?itok=X8GNDWzZ 1500w\u0022 sizes=\u0022100vw\u0022 src=\u0022\/sites\/default\/files\/styles\/max_1300x1300\/public\/2022-08\/3_0.jpg?itok=m00cmLvY\u0022 alt=\u0022\u0022 typeof=\u0022foaf:Image\u0022 class=\u0022img-fluid\u0022 \/\u003E\n\n  \u003C\/picture\u003E\n\n\u003C\/div\u003E\n      \n  \n\n      \u003Cdiv  class=\u0022boton-expander\u0022\u003E\n        \n                  \u003Cdiv class=\u0022item-list\u0022\u003E\u003Cul\u003E\u003Cli\u003E\u003Ca href=\u0022\/ds-switch-view-mode\/node\/18075\/media_collapsed?selector=view-mode-media_expanded\u0022 class=\u0022use-ajax\u0022\u003E\u2191\u003C\/a\u003E\u003C\/li\u003E\u003C\/ul\u003E\u003C\/div\u003E\n      \n  \n    \u003C\/div\u003E\n\n\n  \u003C\/div\u003E\n\n  \u003Cdiv class=\u0022area-info group-middle\u0022\u003E\n    \n\u003Cdiv  class=\u0022inner\u0022\u003E\n          \n                          \u003Ch2  class=\u0022titulo\u0022 \u003E\n        UABC e ITAIPBC firman convenio de colaboraci\u00f3n\n\u003C\/h2\u003E\n      \n  \n\n    \n                          \u003Cdiv  class=\u0022resumen\u0022 \u003E\n      En el marco de la apertura del Diplomado en Protecci\u00f3n de Datos Personales\u003C\/div\u003E\n      \n  \n\n\n\u003Cdiv  class=\u0022datos\u0022\u003E\n            \u003Cdiv  class=\u0022autor\u0022\u003E\n            \u003Cdiv  class=\u0022field-label-inline\u0022\u003EPor\u003C\/div\u003E\n  \n                  \u003Ca href=\u0022\/autores\/luz-fatima-alpizar-uribe\u0022 hreflang=\u0022es\u0022\u003ELuz Fatima Alpizar Uribe\u003C\/a\u003E\n      \n  \n    \u003C\/div\u003E\n\n      \u003Cdiv  class=\u0022campus\u0022\u003E\n            \u003Cdiv  class=\u0022field-label-inline\u0022\u003ECampus\u003C\/div\u003E\n  \n                  \u003Ca href=\u0022\/campus\/tijuana\u0022 hreflang=\u0022es\u0022\u003ETijuana\u003C\/a\u003E\n      \n  \n    \u003C\/div\u003E\n\n    \n                          \u003Cdiv  class=\u0022fecha\u0022 \u003E\n      7 de Octubre de 2021\u003C\/div\u003E\n      \n  \n\n\n  \u003C\/div\u003E\n    \n                          \u003Cdiv  class=\u0022texto\u0022 \u003E\n      \u003Cp\u003ESe llev\u00f3 a cabo la firma del convenio de colaboraci\u00f3n entre\u00a0la Facultad de Derecho, Campus Tijuana, y el Instituto de Transparencia, Acceso a la Informaci\u00f3n P\u00fablica y Protecci\u00f3n de Datos Personales del Estado de Baja California (ITAIPBC), en el marco de la inauguraci\u00f3n del Diplomado en Protecci\u00f3n de Datos Personales.\u003C\/p\u003E\n\n\u003Cp\u003ESe cont\u00f3 con la presencia de la maestra Edith Montiel Ayala, vicerrectora del Campus Tijuana; maestra Karina C\u00e1rdenas Rodr\u00edguez, secretaria de Transparencia de la UABC; la doctora Laura Alicia Camarillo Govea, directora de la Facultad de Derecho; el licenciado Jes\u00fas Alberto Sandoval Franco, presidente del ITAIPBC; Cinthya Denise G\u00f3mez Casta\u00f1eda, comisionada del instituto y coordinadora de la Comisi\u00f3n de Protecci\u00f3n de Datos Personales del Sistema Nacional de Transparencia; Luc\u00eda Ariana Miranda G\u00f3mez Casta\u00f1eda, comisionada del organismo estatal; y \u00c1lvaro Antonio Acosta Escamilla, secretario ejecutivo del ITAIPBC.\u00a0\u003C\/p\u003E\n\n\u003Cp\u003E\u201cUno los aspectos m\u00e1s importantes es la educaci\u00f3n continua, nuestra vinculaci\u00f3n, as\u00ed que en esta semana estatal de transparencia que el instituto celebra, tambi\u00e9n nos da gusto llevar a cabo la firma del convenio, que es prueba del compromiso institucional de generar esos enlaces con el sector productivo o con el sector exterior\u201d, coment\u00f3 la doctora Caramillo Govea.\u00a0\u003C\/p\u003E\n\n\u003Cp\u003EDicho convenio tiene como finalidad brindar bases s\u00f3lidas para entender el derecho a la protecci\u00f3n de datos personales, desde su contexto como derecho fundamental y de quehacer gubernamental; adem\u00e1s de conocer las bondades de replicarlo con todas las personas cercanas.\u003C\/p\u003E\n\n\u003Cp\u003E\u201cLa colaboraci\u00f3n que hoy se plasma permitir\u00e1 la realizaci\u00f3n conjunta de actividades acad\u00e9micas y culturales en \u00e1reas de inter\u00e9s com\u00fan. Estoy segura que, con el acompa\u00f1amiento del Instituto de Transparencia como m\u00e1ximo \u00f3rgano garante en el estado, de la mano de los juristas que conforman la Facultad de Derecho Tijuana, conseguiremos un intercambio de experiencias y conocimientos en beneficio de los derechos de acceso a la informaci\u00f3n y de protecci\u00f3n de datos personales\u201d, extern\u00f3 la maestra Montiel Ayala.\u00a0\u003C\/p\u003E\u003C\/div\u003E\n      \n  \n\n    \n            \u003Cdiv  class=\u0022palabras-clave\u0022\u003E\n                        \u003Ca href=\u0022\/tags\/campus-tijuana\u0022 hreflang=\u0022es\u0022\u003ECampus Tijuana\u003C\/a\u003E\n                \u003Ca href=\u0022\/tags\/firma-de-convenio\u0022 hreflang=\u0022es\u0022\u003EFirma de convenio\u003C\/a\u003E\n                \u003Ca href=\u0022\/tags\/diplomado-en-proteccion-de-datos-personales\u0022 hreflang=\u0022es\u0022\u003EDiplomado en Protecci\u00f3n de Datos Personales\u003C\/a\u003E\n      \n      \u003C\/div\u003E\n  \n\n\n  \u003C\/div\u003E\n\n  \u003C\/div\u003E\n\n  \u003Cdiv class=\u0022area-extras group-right\u0022\u003E\n        \n                          \u003Cdiv  class=\u0022enlace-blockBottom\u0022 \u003E\n      \u003Cdiv\u003EVer m\u00e1s \u003Ca href=\u0022http:\/\/gaceta.uabc.mx\/notas\u0022\u003ENotas\u003C\/a\u003E\u003C\/div\u003E\n\u003C\/div\u003E\n      \n  \n\n\n  \u003C\/div\u003E\n\n\u003C\/div\u003E\n\n","settings":null}]