[{"command":"settings","settings":{"pluralDelimiter":"\u0003","suppressDeprecationErrors":true,"ajaxPageState":{"libraries":"core\/drupal.ajax,core\/picturefill,ds\/ds_3col_equal_width","theme":"gaceta","theme_token":null},"ajaxTrustedUrl":[],"field_group":{"html_element":{"mode":"media_expanded","context":"view","settings":{"classes":"datos","show_empty_fields":false,"id":"","element":"div","show_label":false,"label_element":"h3","label_element_classes":"","attributes":"","effect":"none","speed":"fast"}}},"user":{"uid":0,"permissionsHash":"55dc977d165ab1e05e51b6cc6487f6d73e65ab536d99ee82c6990d9001d5c21c"}},"merge":true},{"command":"add_css","data":"\u003Clink rel=\u0022stylesheet\u0022 media=\u0022all\u0022 href=\u0022\/sites\/default\/files\/css\/css_mxJrjoKKAZuuB4_4f-B1u9VnFZxvSor3Az4JEdrFEso.css\u0022 \/\u003E\n\u003Clink rel=\u0022stylesheet\u0022 media=\u0022all\u0022 href=\u0022\/sites\/default\/files\/css\/css_-BXSGQpS8YTwwuXGbPoshUvZ7W-_HbYR3H7d0DA_mEY.css\u0022 \/\u003E\n\u003Clink rel=\u0022stylesheet\u0022 media=\u0022all\u0022 href=\u0022\/sites\/default\/files\/css\/css_89YreTu0npezhXSakRJR9TVHyBS9bTcyt0s3IckAe-M.css\u0022 \/\u003E\n"},{"command":"add_js","selector":"body","data":[{"src":"\/sites\/default\/files\/js\/js_9UaAhXvc9u0KYXXUw-OKyLP2baQxdV4zY3Y_KGurcvY.js"},{"src":"\/sites\/default\/files\/js\/js_oDJxUBLBzfRb_FDgNfkNOm9-tiatS2kNfxQIeVRZA7Y.js"},{"src":"\/sites\/default\/files\/js\/js_YM82KRuzNIr2X-Kb8pQW8cOcSbWgQ_QGKclTYJ_aMlI.js"},{"src":"\/sites\/default\/files\/js\/js_pqqsPPmPmxKgamY6qk_WSawtL05XH_yAY8GkPHVyahI.js"}]},{"command":"insert","method":"replaceWith","selector":".view-mode-full","data":"\u003Cdiv data-history-node-id=\u002218184\u0022 class=\u0022contenido view-mode-media_expanded ds-3col-equal clearfix\u0022\u003E\n\n  \n\n  \u003Cdiv class=\u0022area-medios group-left\u0022\u003E\n        \n                          \u003Cdiv  class=\u0022imagen\u0022 \u003E\n          \u003Cpicture\u003E\n                  \u003Csource srcset=\u0022\/sites\/default\/files\/styles\/max_650x650\/public\/2021-10\/Disen%CC%83o%20sin%20ti%CC%81tulo%20%2813%29.webp?itok=rOLe1H5k 650w, \/sites\/default\/files\/styles\/max_1300x1300\/public\/2021-10\/Disen%CC%83o%20sin%20ti%CC%81tulo%20%2813%29.webp?itok=fptU5xjb 1300w, \/sites\/default\/files\/styles\/max_1900x1900\/public\/2021-10\/Disen%CC%83o%20sin%20ti%CC%81tulo%20%2813%29.webp?itok=D06QRC6n 1640w\u0022 type=\u0022image\/webp\u0022 sizes=\u0022100vw\u0022\/\u003E\n              \u003Csource srcset=\u0022\/sites\/default\/files\/styles\/max_650x650\/public\/2021-10\/Disen%CC%83o%20sin%20ti%CC%81tulo%20%2813%29.png?itok=rOLe1H5k 650w, \/sites\/default\/files\/styles\/max_1300x1300\/public\/2021-10\/Disen%CC%83o%20sin%20ti%CC%81tulo%20%2813%29.png?itok=fptU5xjb 1300w, \/sites\/default\/files\/styles\/max_1900x1900\/public\/2021-10\/Disen%CC%83o%20sin%20ti%CC%81tulo%20%2813%29.png?itok=D06QRC6n 1640w\u0022 type=\u0022image\/png\u0022 sizes=\u0022100vw\u0022\/\u003E\n                  \u003Cimg srcset=\u0022\/sites\/default\/files\/styles\/max_650x650\/public\/2021-10\/Disen%CC%83o%20sin%20ti%CC%81tulo%20%2813%29.png?itok=rOLe1H5k 650w, \/sites\/default\/files\/styles\/max_1300x1300\/public\/2021-10\/Disen%CC%83o%20sin%20ti%CC%81tulo%20%2813%29.png?itok=fptU5xjb 1300w, \/sites\/default\/files\/styles\/max_1900x1900\/public\/2021-10\/Disen%CC%83o%20sin%20ti%CC%81tulo%20%2813%29.png?itok=D06QRC6n 1640w\u0022 sizes=\u0022100vw\u0022 src=\u0022\/sites\/default\/files\/styles\/max_1300x1300\/public\/2021-10\/Disen%CC%83o%20sin%20ti%CC%81tulo%20%2813%29.png?itok=fptU5xjb\u0022 alt=\u0022Luz F\u00e1tima Alpizar Uribe\u0022 typeof=\u0022foaf:Image\u0022 class=\u0022img-fluid\u0022 \/\u003E\n\n  \u003C\/picture\u003E\n\n\u003C\/div\u003E\n      \n  \n\n      \u003Cdiv  class=\u0022boton-expander\u0022\u003E\n        \n                  \u003Cdiv class=\u0022item-list\u0022\u003E\u003Cul\u003E\u003Cli\u003E\u003Ca href=\u0022\/ds-switch-view-mode\/node\/18184\/media_collapsed?selector=view-mode-media_expanded\u0022 class=\u0022use-ajax\u0022\u003E\u2191\u003C\/a\u003E\u003C\/li\u003E\u003C\/ul\u003E\u003C\/div\u003E\n      \n  \n    \u003C\/div\u003E\n\n\n  \u003C\/div\u003E\n\n  \u003Cdiv class=\u0022area-info group-middle\u0022\u003E\n    \n\u003Cdiv  class=\u0022inner\u0022\u003E\n          \n                          \u003Ch2  class=\u0022titulo\u0022 \u003E\n        Invitan a los j\u00f3venes a emprender\n\u003C\/h2\u003E\n      \n  \n\n    \n                          \u003Cdiv  class=\u0022resumen\u0022 \u003E\n      El emprendimiento va m\u00e1s all\u00e1 de ser tu propio jefe\u003C\/div\u003E\n      \n  \n\n\n\u003Cdiv  class=\u0022datos\u0022\u003E\n            \u003Cdiv  class=\u0022autor\u0022\u003E\n            \u003Cdiv  class=\u0022field-label-inline\u0022\u003EPor\u003C\/div\u003E\n  \n                  \u003Ca href=\u0022\/autores\/luz-fatima-alpizar-uribe\u0022 hreflang=\u0022es\u0022\u003ELuz Fatima Alpizar Uribe\u003C\/a\u003E\n      \n  \n    \u003C\/div\u003E\n\n      \u003Cdiv  class=\u0022campus\u0022\u003E\n            \u003Cdiv  class=\u0022field-label-inline\u0022\u003ECampus\u003C\/div\u003E\n  \n                  \u003Ca href=\u0022\/campus\/tijuana\u0022 hreflang=\u0022es\u0022\u003ETijuana\u003C\/a\u003E\n      \n  \n    \u003C\/div\u003E\n\n    \n                          \u003Cdiv  class=\u0022fecha\u0022 \u003E\n      25 de Octubre de 2021\u003C\/div\u003E\n      \n  \n\n\n  \u003C\/div\u003E\n    \n                          \u003Cdiv  class=\u0022texto\u0022 \u003E\n      \u003Cp\u003ELa Facultad de Contadur\u00eda y Administraci\u00f3n (FCA), particip\u00f3 en la conferencia \u201cEmprendimiento y desarrollo econ\u00f3mico social\u201d, organizada por el Instituto Municipal para la Juventud Tijuana.\u003C\/p\u003E\n\n\u003Cp\u003EEl doctor Ismael Plascencia L\u00f3pez, director de la FCA fue quien imparti\u00f3 la charla, en la cual present\u00f3 ejemplos de una buena inversi\u00f3n y comparti\u00f3 algunas an\u00e9cdotas sobre empresas propias o de sus conocidos, animando a la comunidad juvenil a perder el miedo y decidir iniciar con un nuevo negocio.\u00a0\u003C\/p\u003E\n\n\u003Cp\u003E\u201cUn emprendedor es aquel que en donde hay problemas ve soluciones y empieza a probar nuevos bienes y servicios y los lanza al mercado, algunos de ellos teniendo \u00e9xito y otros no tanto, pero yo creo que lo m\u00e1s importante es un cambio en la cultura y en la mentalidad del emprendedor\u201d, coment\u00f3 el doctor Plascencia.\u00a0\u003C\/p\u003E\n\n\u003Cp\u003EIgualmente aprovech\u00f3 el espacio para compartir la an\u00e9cdota acerca del porqu\u00e9 la FCA no se centra en lanzar doctorados, pero s\u00ed, especialidades, ya que es lo que el mercado requiere, ya sea por cuestiones de tiempo o econ\u00f3micas, es lo m\u00e1s solicitado en el momento y abriendo la posibilidad a que probablemente en un futuro las necesidades cambien, dado que el cambio es continuo.\u00a0\u003C\/p\u003E\n\n\u003Cp\u003EEl doctor Plascencia platic\u00f3 lo siguiente con la finalidad de orientar a los j\u00f3venes a tomar decisiones m\u00e1s inteligentes al momento de querer emprender con alg\u00fan socio. \u201cOtro consejo muy importante muchachos, busquen a su alma gemela, quien es su alma gemela\u2026 en el caso de Apple era Steve Jobs y Steve Wozniak, Wozniak hacia el producto que era la computadora y Jobs la vend\u00eda, tenemos un vendedor y uno que hace el producto, cuando ustedes busquen a su alma gemela debe ser muy importante\u201d.\u003C\/p\u003E\n\n\u003Cp\u003EAl terminar el evento, se realiz\u00f3 un espacio de preguntas y respuestas en donde los participantes lograron resolver sus dudas e inquietudes acerca del tema.\u003Cbr \/\u003E\n\u00a0\u003C\/p\u003E\u003C\/div\u003E\n      \n  \n\n    \n            \u003Cdiv  class=\u0022palabras-clave\u0022\u003E\n                        \u003Ca href=\u0022\/tags\/campus-tijuana\u0022 hreflang=\u0022es\u0022\u003ECampus Tijuana\u003C\/a\u003E\n                \u003Ca href=\u0022\/tags\/instituto-municipal-para-la-juventud-tijuana\u0022 hreflang=\u0022es\u0022\u003EInstituto Municipal para la Juventud Tijuana\u003C\/a\u003E\n                \u003Ca href=\u0022\/tags\/emprendimiento-y-desarrollo-economico-social\u0022 hreflang=\u0022es\u0022\u003EEmprendimiento y desarrollo econ\u00f3mico social\u003C\/a\u003E\n      \n      \u003C\/div\u003E\n  \n\n\n  \u003C\/div\u003E\n\n  \u003C\/div\u003E\n\n  \u003Cdiv class=\u0022area-extras group-right\u0022\u003E\n        \n                          \u003Cdiv  class=\u0022enlace-blockBottom\u0022 \u003E\n      \u003Cdiv\u003EVer m\u00e1s \u003Ca href=\u0022http:\/\/gaceta.uabc.mx\/notas\u0022\u003ENotas\u003C\/a\u003E\u003C\/div\u003E\n\u003C\/div\u003E\n      \n  \n\n\n  \u003C\/div\u003E\n\n\u003C\/div\u003E\n\n","settings":null}]