[{"command":"settings","settings":{"pluralDelimiter":"\u0003","suppressDeprecationErrors":true,"ajaxPageState":{"libraries":"core\/drupal.ajax,core\/picturefill,ds\/ds_3col_equal_width","theme":"gaceta","theme_token":null},"ajaxTrustedUrl":[],"field_group":{"html_element":{"mode":"media_expanded","context":"view","settings":{"classes":"datos","show_empty_fields":false,"id":"","element":"div","show_label":false,"label_element":"h3","label_element_classes":"","attributes":"","effect":"none","speed":"fast"}}},"user":{"uid":0,"permissionsHash":"55dc977d165ab1e05e51b6cc6487f6d73e65ab536d99ee82c6990d9001d5c21c"}},"merge":true},{"command":"add_css","data":"\u003Clink rel=\u0022stylesheet\u0022 media=\u0022all\u0022 href=\u0022\/sites\/default\/files\/css\/css_mxJrjoKKAZuuB4_4f-B1u9VnFZxvSor3Az4JEdrFEso.css\u0022 \/\u003E\n\u003Clink rel=\u0022stylesheet\u0022 media=\u0022all\u0022 href=\u0022\/sites\/default\/files\/css\/css_-BXSGQpS8YTwwuXGbPoshUvZ7W-_HbYR3H7d0DA_mEY.css\u0022 \/\u003E\n\u003Clink rel=\u0022stylesheet\u0022 media=\u0022all\u0022 href=\u0022\/sites\/default\/files\/css\/css_89YreTu0npezhXSakRJR9TVHyBS9bTcyt0s3IckAe-M.css\u0022 \/\u003E\n"},{"command":"add_js","selector":"body","data":[{"src":"\/sites\/default\/files\/js\/js_9UaAhXvc9u0KYXXUw-OKyLP2baQxdV4zY3Y_KGurcvY.js"},{"src":"\/sites\/default\/files\/js\/js_oDJxUBLBzfRb_FDgNfkNOm9-tiatS2kNfxQIeVRZA7Y.js"},{"src":"\/sites\/default\/files\/js\/js_YM82KRuzNIr2X-Kb8pQW8cOcSbWgQ_QGKclTYJ_aMlI.js"},{"src":"\/sites\/default\/files\/js\/js_pqqsPPmPmxKgamY6qk_WSawtL05XH_yAY8GkPHVyahI.js"}]},{"command":"insert","method":"replaceWith","selector":".view-mode-full","data":"\u003Cdiv data-history-node-id=\u002218370\u0022 class=\u0022contenido view-mode-media_expanded ds-3col-equal clearfix\u0022\u003E\n\n  \n\n  \u003Cdiv class=\u0022area-medios group-left\u0022\u003E\n        \n                          \u003Cdiv  class=\u0022imagen\u0022 \u003E\n          \u003Cpicture\u003E\n                  \u003Csource srcset=\u0022\/sites\/default\/files\/styles\/max_650x650\/public\/2021-11\/1%20copavig.webp?itok=zceJ4cdv 650w, \/sites\/default\/files\/styles\/max_1300x1300\/public\/2021-11\/1%20copavig.webp?itok=PCNeF6Xi 1300w, \/sites\/default\/files\/styles\/max_1900x1900\/public\/2021-11\/1%20copavig.webp?itok=3dI0ImhA 1900w\u0022 type=\u0022image\/webp\u0022 sizes=\u0022100vw\u0022\/\u003E\n              \u003Csource srcset=\u0022\/sites\/default\/files\/styles\/max_650x650\/public\/2021-11\/1%20copavig.png?itok=zceJ4cdv 650w, \/sites\/default\/files\/styles\/max_1300x1300\/public\/2021-11\/1%20copavig.png?itok=PCNeF6Xi 1300w, \/sites\/default\/files\/styles\/max_1900x1900\/public\/2021-11\/1%20copavig.png?itok=3dI0ImhA 1900w\u0022 type=\u0022image\/png\u0022 sizes=\u0022100vw\u0022\/\u003E\n                  \u003Cimg srcset=\u0022\/sites\/default\/files\/styles\/max_650x650\/public\/2021-11\/1%20copavig.png?itok=zceJ4cdv 650w, \/sites\/default\/files\/styles\/max_1300x1300\/public\/2021-11\/1%20copavig.png?itok=PCNeF6Xi 1300w, \/sites\/default\/files\/styles\/max_1900x1900\/public\/2021-11\/1%20copavig.png?itok=3dI0ImhA 1900w\u0022 sizes=\u0022100vw\u0022 src=\u0022\/sites\/default\/files\/styles\/max_1300x1300\/public\/2021-11\/1%20copavig.png?itok=PCNeF6Xi\u0022 alt=\u0022\u0022 typeof=\u0022foaf:Image\u0022 class=\u0022img-fluid\u0022 \/\u003E\n\n  \u003C\/picture\u003E\n\n\u003C\/div\u003E\n      \n  \n\n      \u003Cdiv  class=\u0022boton-expander\u0022\u003E\n        \n                  \u003Cdiv class=\u0022item-list\u0022\u003E\u003Cul\u003E\u003Cli\u003E\u003Ca href=\u0022\/ds-switch-view-mode\/node\/18370\/media_collapsed?selector=view-mode-media_expanded\u0022 class=\u0022use-ajax\u0022\u003E\u2191\u003C\/a\u003E\u003C\/li\u003E\u003C\/ul\u003E\u003C\/div\u003E\n      \n  \n    \u003C\/div\u003E\n\n\n  \u003C\/div\u003E\n\n  \u003Cdiv class=\u0022area-info group-middle\u0022\u003E\n    \n\u003Cdiv  class=\u0022inner\u0022\u003E\n          \n                          \u003Ch2  class=\u0022titulo\u0022 \u003E\n        Abordan los conceptos de g\u00e9nero e interseccionalidad\n\u003C\/h2\u003E\n      \n  \n\n    \n                          \u003Cdiv  class=\u0022resumen\u0022 \u003E\n      Realizan segunda jornada universitaria de prevenci\u00f3n ante la violencia de g\u00e9nero\u003C\/div\u003E\n      \n  \n\n\n\u003Cdiv  class=\u0022datos\u0022\u003E\n            \u003Cdiv  class=\u0022autor\u0022\u003E\n            \u003Cdiv  class=\u0022field-label-inline\u0022\u003EPor\u003C\/div\u003E\n  \n                  \u003Ca href=\u0022\/autores\/luz-fatima-alpizar-uribe\u0022 hreflang=\u0022es\u0022\u003ELuz Fatima Alpizar Uribe\u003C\/a\u003E\n      \n  \n    \u003C\/div\u003E\n\n      \u003Cdiv  class=\u0022campus\u0022\u003E\n            \u003Cdiv  class=\u0022field-label-inline\u0022\u003ECampus\u003C\/div\u003E\n  \n                  \u003Ca href=\u0022\/campus\/tijuana\u0022 hreflang=\u0022es\u0022\u003ETijuana\u003C\/a\u003E\n      \n  \n    \u003C\/div\u003E\n\n    \n                          \u003Cdiv  class=\u0022fecha\u0022 \u003E\n      19 de Noviembre de 2021\u003C\/div\u003E\n      \n  \n\n\n  \u003C\/div\u003E\n    \n                          \u003Cdiv  class=\u0022texto\u0022 \u003E\n      \u003Cp\u003ELa Vicerrector\u00eda Campus Tijuana llev\u00f3 a cabo, por medio de la plataforma de YouTube, la segunda Jornada Universitaria de Prevenci\u00f3n ante la Violencia de G\u00e9nero, organizada por el Comit\u00e9 de Prevenci\u00f3n y Atenci\u00f3n de la Violencia de G\u00e9nero (Copavig).\u003C\/p\u003E\n\n\u003Cp\u003EEl objetivo de esta jornada es concientizar al personal administrativo y acad\u00e9mico que forma parte de UABC Campus Tijuana en materia de prevenci\u00f3n del acoso, erradicar la violencia de g\u00e9nero y sensibilizaci\u00f3n sobre la misma mediante la capacitaci\u00f3n e interacci\u00f3n con expertos.\u00a0\u003C\/p\u003E\n\n\u003Cp\u003EAl evento asisti\u00f3 la maestra Edith Montiel Ayala, vicerrectora del Campus Tijuana y presidenta del Copavig Campus Tijuana; el licenciado Sergio Enrique Vargas Gonz\u00e1lez, jefe del Departamento de Servicios Estudiantiles y Gesti\u00f3n Escolar del Campus Tijuana y secretario del comit\u00e9; la doctora Patricia Avitia Carlos, acad\u00e9mica de la Facultad de Ciencias de la Ingenier\u00eda y Tecnolog\u00eda (FCITEC) e integrante del organismo organizador, y la doctora Melina Amao Ceniceros, conferencista invitada.\u00a0\u003C\/p\u003E\n\n\u003Cp\u003E\u0022En UABC Campus Tijuana, contamos con el Comit\u00e9 de Prevenci\u00f3n y Atenci\u00f3n de la Violencia de G\u00e9nero; como presidenta del mismo, les comparto que estas acciones fortalecen el pensamiento libre, educado y respetuoso, rechazando ante cualquier circunstancia una conducta intimidatoria, humillante u hostil, les invito a que conozcan m\u00e1s y descarguen la aplicaci\u00f3n NO M\u00c1S y denuncien cualquier situaci\u00f3n de violencia de g\u00e9nero o discriminaci\u00f3n, estamos para escucharles\u0022, coment\u00f3 la maestra Montiel Ayala.\u003C\/p\u003E\n\n\u003Cp\u003EDurante la charla, la doctora Melina Amao explic\u00f3 qu\u00e9 es g\u00e9nero e interseccionalidad, conceptos b\u00e1sicos, el contexto actual, qu\u00e9 significa normalizar la violencia, el cambio social, acciones concretas en el entorno universitario, entre otros.\u003C\/p\u003E\n\n\u003Cp\u003E\u0022Nos corresponde reconocer un contexto social, definitivamente vivimos en un contexto donde hay riesgos de car\u00e1cter objetivo, no es una cuesti\u00f3n de percepci\u00f3n o subjetiva, los riesgos son reales y las cifras lo demuestran, una vez reconocido es importante contar con capacitaci\u00f3n y actualizaci\u00f3n del tema, en el sentido de que las leyes cambian al igual que las reflexiones en materia de derechos humanos y si se est\u00e1 reconociendo la diversidad de identidades, tambi\u00e9n sumando la convivencia respetuosa que consta de tener el respeto como base en la interacci\u00f3n, todo esto nos dar\u00e1 como resultado que el aula sea un ambiente seguro para todos\u0022, concluy\u00f3 la ponente.\u003C\/p\u003E\u003C\/div\u003E\n      \n  \n\n    \n            \u003Cdiv  class=\u0022palabras-clave\u0022\u003E\n                        \u003Ca href=\u0022\/tags\/genero-0\u0022 hreflang=\u0022es\u0022\u003Eg\u00e9nero \u003C\/a\u003E\n                \u003Ca href=\u0022\/tags\/interseccionalidad\u0022 hreflang=\u0022es\u0022\u003EInterseccionalidad\u003C\/a\u003E\n                \u003Ca href=\u0022\/tags\/copavig\u0022 hreflang=\u0022es\u0022\u003ECOPAVIG\u003C\/a\u003E\n      \n      \u003C\/div\u003E\n  \n\n\n  \u003C\/div\u003E\n\n  \u003C\/div\u003E\n\n  \u003Cdiv class=\u0022area-extras group-right\u0022\u003E\n        \n                          \u003Cdiv  class=\u0022enlace-blockBottom\u0022 \u003E\n      \u003Cdiv\u003EVer m\u00e1s \u003Ca href=\u0022http:\/\/gaceta.uabc.mx\/notas\u0022\u003ENotas\u003C\/a\u003E\u003C\/div\u003E\n\u003C\/div\u003E\n      \n  \n\n\n  \u003C\/div\u003E\n\n\u003C\/div\u003E\n\n","settings":null}]