[{"command":"settings","settings":{"pluralDelimiter":"\u0003","suppressDeprecationErrors":true,"ajaxPageState":{"libraries":"core\/drupal.ajax,core\/picturefill,ds\/ds_3col_equal_width","theme":"gaceta","theme_token":null},"ajaxTrustedUrl":[],"field_group":{"html_element":{"mode":"media_expanded","context":"view","settings":{"classes":"datos","show_empty_fields":false,"id":"","element":"div","show_label":false,"label_element":"h3","label_element_classes":"","attributes":"","effect":"none","speed":"fast"}}},"user":{"uid":0,"permissionsHash":"55dc977d165ab1e05e51b6cc6487f6d73e65ab536d99ee82c6990d9001d5c21c"}},"merge":true},{"command":"add_css","data":"\u003Clink rel=\u0022stylesheet\u0022 media=\u0022all\u0022 href=\u0022\/sites\/default\/files\/css\/css_mxJrjoKKAZuuB4_4f-B1u9VnFZxvSor3Az4JEdrFEso.css\u0022 \/\u003E\n\u003Clink rel=\u0022stylesheet\u0022 media=\u0022all\u0022 href=\u0022\/sites\/default\/files\/css\/css_-BXSGQpS8YTwwuXGbPoshUvZ7W-_HbYR3H7d0DA_mEY.css\u0022 \/\u003E\n\u003Clink rel=\u0022stylesheet\u0022 media=\u0022all\u0022 href=\u0022\/sites\/default\/files\/css\/css_89YreTu0npezhXSakRJR9TVHyBS9bTcyt0s3IckAe-M.css\u0022 \/\u003E\n"},{"command":"add_js","selector":"body","data":[{"src":"\/sites\/default\/files\/js\/js_9UaAhXvc9u0KYXXUw-OKyLP2baQxdV4zY3Y_KGurcvY.js"},{"src":"\/sites\/default\/files\/js\/js_oDJxUBLBzfRb_FDgNfkNOm9-tiatS2kNfxQIeVRZA7Y.js"},{"src":"\/sites\/default\/files\/js\/js_YM82KRuzNIr2X-Kb8pQW8cOcSbWgQ_QGKclTYJ_aMlI.js"},{"src":"\/sites\/default\/files\/js\/js_pqqsPPmPmxKgamY6qk_WSawtL05XH_yAY8GkPHVyahI.js"}]},{"command":"insert","method":"replaceWith","selector":".view-mode-full","data":"\u003Cdiv data-history-node-id=\u002218454\u0022 class=\u0022contenido view-mode-media_expanded ds-3col-equal clearfix\u0022\u003E\n\n  \n\n  \u003Cdiv class=\u0022area-medios group-left\u0022\u003E\n        \n                          \u003Cdiv  class=\u0022imagen\u0022 \u003E\n          \u003Cpicture\u003E\n                  \u003Csource srcset=\u0022\/sites\/default\/files\/styles\/max_650x650\/public\/2021-11\/image%202.webp?itok=PyNBMYV0 650w, \/sites\/default\/files\/styles\/max_1300x1300\/public\/2021-11\/image%202.webp?itok=LdC3c4cE 1300w, \/sites\/default\/files\/styles\/max_1900x1900\/public\/2021-11\/image%202.webp?itok=4rcUX0DB 1366w\u0022 type=\u0022image\/webp\u0022 sizes=\u0022100vw\u0022\/\u003E\n              \u003Csource srcset=\u0022\/sites\/default\/files\/styles\/max_650x650\/public\/2021-11\/image%202.jpg?itok=PyNBMYV0 650w, \/sites\/default\/files\/styles\/max_1300x1300\/public\/2021-11\/image%202.jpg?itok=LdC3c4cE 1300w, \/sites\/default\/files\/styles\/max_1900x1900\/public\/2021-11\/image%202.jpg?itok=4rcUX0DB 1366w\u0022 type=\u0022image\/jpeg\u0022 sizes=\u0022100vw\u0022\/\u003E\n                  \u003Cimg srcset=\u0022\/sites\/default\/files\/styles\/max_650x650\/public\/2021-11\/image%202.jpg?itok=PyNBMYV0 650w, \/sites\/default\/files\/styles\/max_1300x1300\/public\/2021-11\/image%202.jpg?itok=LdC3c4cE 1300w, \/sites\/default\/files\/styles\/max_1900x1900\/public\/2021-11\/image%202.jpg?itok=4rcUX0DB 1366w\u0022 sizes=\u0022100vw\u0022 src=\u0022\/sites\/default\/files\/styles\/max_1300x1300\/public\/2021-11\/image%202.jpg?itok=LdC3c4cE\u0022 alt=\u0022\u0022 typeof=\u0022foaf:Image\u0022 class=\u0022img-fluid\u0022 \/\u003E\n\n  \u003C\/picture\u003E\n\n\u003C\/div\u003E\n      \n  \n\n      \u003Cdiv  class=\u0022boton-expander\u0022\u003E\n        \n                  \u003Cdiv class=\u0022item-list\u0022\u003E\u003Cul\u003E\u003Cli\u003E\u003Ca href=\u0022\/ds-switch-view-mode\/node\/18454\/media_collapsed?selector=view-mode-media_expanded\u0022 class=\u0022use-ajax\u0022\u003E\u2191\u003C\/a\u003E\u003C\/li\u003E\u003C\/ul\u003E\u003C\/div\u003E\n      \n  \n    \u003C\/div\u003E\n\n\n  \u003C\/div\u003E\n\n  \u003Cdiv class=\u0022area-info group-middle\u0022\u003E\n    \n\u003Cdiv  class=\u0022inner\u0022\u003E\n          \n                          \u003Ch2  class=\u0022titulo\u0022 \u003E\n        Dialogan sobre psicopedagog\u00eda y g\u00e9nero\n\u003C\/h2\u003E\n      \n  \n\n    \n                          \u003Cdiv  class=\u0022resumen\u0022 \u003E\n      El prop\u00f3sito es reflexionar sobre los desaf\u00edos de la perspectiva de g\u00e9nero en la psicopedagog\u00eda\u003Cbr \/\u003E\r\n\u003C\/div\u003E\n      \n  \n\n\n\u003Cdiv  class=\u0022datos\u0022\u003E\n            \u003Cdiv  class=\u0022autor\u0022\u003E\n            \u003Cdiv  class=\u0022field-label-inline\u0022\u003EPor\u003C\/div\u003E\n  \n                  \u003Ca href=\u0022\/autores\/lessly-ley-carpio\u0022 hreflang=\u0022es\u0022\u003ELessly Ley Carpio\u003C\/a\u003E\n      \n  \n    \u003C\/div\u003E\n\n      \u003Cdiv  class=\u0022campus\u0022\u003E\n            \u003Cdiv  class=\u0022field-label-inline\u0022\u003ECampus\u003C\/div\u003E\n  \n                  \u003Ca href=\u0022\/campus\/tijuana\u0022 hreflang=\u0022es\u0022\u003ETijuana\u003C\/a\u003E\n      \n  \n    \u003C\/div\u003E\n\n    \n                          \u003Cdiv  class=\u0022fecha\u0022 \u003E\n      1 de Diciembre de 2021\u003C\/div\u003E\n      \n  \n\n\n  \u003C\/div\u003E\n    \n                          \u003Cdiv  class=\u0022texto\u0022 \u003E\n      \u003Cp\u003ESe realiz\u00f3 la mesa de di\u00e1logo \u201cPsicopedagog\u00eda y g\u00e9nero\u201d organizada por la Facultad de Humanidades y Ciencias Sociales (FHyCS), en colaboraci\u00f3n con la Red Iberoamericana de Psicopedagog\u00eda (RedIP), con la finalidad de reflexionar sobre los desaf\u00edos de la perspectiva de g\u00e9nero en la psicopedagog\u00eda. El evento fue moderado por el doctor Rub\u00e9n Abdel Villavicencio Mart\u00ednez, actual presidente de RedIP y profesor investigador de la FHyCS.\u003C\/p\u003E\n\n\u003Cp\u003EEl encuentro estuvo conformado por los psicopedagogos Juan Pablo Galaz Ardiles, Javiera Carrasco Cursach e Isabella Murillo-Rico Pizarroso; as\u00ed como la licenciada Camila Quargnenti, el licenciado Julio Ernesto Guerrero Mondaca y el m\u00e9dico Ren\u00e9 Alberto de Santis.\u003C\/p\u003E\n\n\u003Cp\u003ECada participante cont\u00f3 con un tiempo de 15 minutos para expresar su opini\u00f3n sobre los desaf\u00edos que han enfrentado en torno al g\u00e9nero desde su experiencia profesional y personal. El primero en intervenir fue el licenciado Julio Guerrero Mondaca, qui\u00e9n coment\u00f3: \u201cUna de las bondades que me brind\u00f3 la perspectiva de g\u00e9nero para analizar mi mundo, es el sesgo que el androcentrismo impone tanto en el \u00e1mbito cient\u00edfico como en el cotidiano\u201d. Agreg\u00f3 que a\u00fan sigue trabajando en la eliminaci\u00f3n de los sesgos que la ciencia moderna ha implementado en la psicolog\u00eda.\u00a0\u003C\/p\u003E\n\n\u003Cp\u003EAsimismo, se abordaron cuestiones como la diversidad sexual y de g\u00e9nero en las personas mayores y en personas con discapacidad; la discriminaci\u00f3n; el feminismo y los roles familiares; la prevenci\u00f3n de la violencia de g\u00e9nero desde el sistema educativo, el Estado, la familia nuclear y los nuevos modelos familiares.\u003C\/p\u003E\n\n\u003Cp\u003EPara finalizar, los profesionales dieron algunas recomendaciones que la psicopedagog\u00eda deber\u00eda seguir para incrementar la inclusi\u00f3n de la perspectiva de g\u00e9nero. Estas son: el psicopedagogo se involucra m\u00e1s all\u00e1 de lo que pasa en el aula; instruir en una educaci\u00f3n no heteronormada y disidente; nuestro objeto de estudio es el aprendizaje del ser humano, lo que nos lleva a entender que la diversidad es parte de \u00e9l; y, debemos dejar de ser individualistas.\u003C\/p\u003E\n\n\u003Cp\u003ELa mesa de di\u00e1logo se encuentra disponible para su consulta en el canal de Youtube: Red Iberoamericana de Psicopedagog\u00eda.\u003C\/p\u003E\n\n\u003Cp\u003E\u00a0\u003C\/p\u003E\u003C\/div\u003E\n      \n  \n\n    \n            \u003Cdiv  class=\u0022palabras-clave\u0022\u003E\n                        \u003Ca href=\u0022\/tags\/campus-tijuana\u0022 hreflang=\u0022es\u0022\u003ECampus Tijuana\u003C\/a\u003E\n                \u003Ca href=\u0022\/tags\/psicopedagogia-0\u0022 hreflang=\u0022es\u0022\u003EPsicopedagog\u00eda\u003C\/a\u003E\n                \u003Ca href=\u0022\/tags\/genero\u0022 hreflang=\u0022es\u0022\u003EG\u00e9nero\u003C\/a\u003E\n      \n      \u003C\/div\u003E\n  \n\n\n  \u003C\/div\u003E\n\n  \u003C\/div\u003E\n\n  \u003Cdiv class=\u0022area-extras group-right\u0022\u003E\n        \n                          \u003Cdiv  class=\u0022enlace-blockBottom\u0022 \u003E\n      \u003Cdiv\u003EVer m\u00e1s \u003Ca href=\u0022http:\/\/gaceta.uabc.mx\/notas\u0022\u003ENotas\u003C\/a\u003E\u003C\/div\u003E\n\u003C\/div\u003E\n      \n  \n\n\n  \u003C\/div\u003E\n\n\u003C\/div\u003E\n\n","settings":null}]