[{"command":"settings","settings":{"pluralDelimiter":"\u0003","suppressDeprecationErrors":true,"ajaxPageState":{"libraries":"core\/drupal.ajax,core\/picturefill,ds\/ds_3col_equal_width","theme":"gaceta","theme_token":null},"ajaxTrustedUrl":[],"field_group":{"html_element":{"mode":"media_expanded","context":"view","settings":{"classes":"datos","show_empty_fields":false,"id":"","element":"div","show_label":false,"label_element":"h3","label_element_classes":"","attributes":"","effect":"none","speed":"fast"}}},"user":{"uid":0,"permissionsHash":"55dc977d165ab1e05e51b6cc6487f6d73e65ab536d99ee82c6990d9001d5c21c"}},"merge":true},{"command":"add_css","data":"\u003Clink rel=\u0022stylesheet\u0022 media=\u0022all\u0022 href=\u0022\/sites\/default\/files\/css\/css_mxJrjoKKAZuuB4_4f-B1u9VnFZxvSor3Az4JEdrFEso.css\u0022 \/\u003E\n\u003Clink rel=\u0022stylesheet\u0022 media=\u0022all\u0022 href=\u0022\/sites\/default\/files\/css\/css_-BXSGQpS8YTwwuXGbPoshUvZ7W-_HbYR3H7d0DA_mEY.css\u0022 \/\u003E\n\u003Clink rel=\u0022stylesheet\u0022 media=\u0022all\u0022 href=\u0022\/sites\/default\/files\/css\/css_89YreTu0npezhXSakRJR9TVHyBS9bTcyt0s3IckAe-M.css\u0022 \/\u003E\n"},{"command":"add_js","selector":"body","data":[{"src":"\/sites\/default\/files\/js\/js_9UaAhXvc9u0KYXXUw-OKyLP2baQxdV4zY3Y_KGurcvY.js"},{"src":"\/sites\/default\/files\/js\/js_oDJxUBLBzfRb_FDgNfkNOm9-tiatS2kNfxQIeVRZA7Y.js"},{"src":"\/sites\/default\/files\/js\/js_YM82KRuzNIr2X-Kb8pQW8cOcSbWgQ_QGKclTYJ_aMlI.js"},{"src":"\/sites\/default\/files\/js\/js_pqqsPPmPmxKgamY6qk_WSawtL05XH_yAY8GkPHVyahI.js"}]},{"command":"insert","method":"replaceWith","selector":".view-mode-full","data":"\u003Cdiv data-history-node-id=\u002218663\u0022 class=\u0022contenido view-mode-media_expanded ds-3col-equal clearfix\u0022\u003E\n\n  \n\n  \u003Cdiv class=\u0022area-medios group-left\u0022\u003E\n        \n                          \u003Cdiv  class=\u0022imagen\u0022 \u003E\n          \u003Cpicture\u003E\n                  \u003Csource srcset=\u0022\/sites\/default\/files\/styles\/max_650x650\/public\/2022-01\/QR%20CORREGIDO.webp?itok=yYo06dqM 650w, \/sites\/default\/files\/styles\/max_1900x1900\/public\/2022-01\/QR%20CORREGIDO.webp?itok=VVUcuuoE 1280w\u0022 type=\u0022image\/webp\u0022 sizes=\u0022100vw\u0022\/\u003E\n              \u003Csource srcset=\u0022\/sites\/default\/files\/styles\/max_650x650\/public\/2022-01\/QR%20CORREGIDO.jpg?itok=yYo06dqM 650w, \/sites\/default\/files\/styles\/max_1900x1900\/public\/2022-01\/QR%20CORREGIDO.jpg?itok=VVUcuuoE 1280w\u0022 type=\u0022image\/jpeg\u0022 sizes=\u0022100vw\u0022\/\u003E\n                  \u003Cimg srcset=\u0022\/sites\/default\/files\/styles\/max_650x650\/public\/2022-01\/QR%20CORREGIDO.jpg?itok=yYo06dqM 650w, \/sites\/default\/files\/styles\/max_1900x1900\/public\/2022-01\/QR%20CORREGIDO.jpg?itok=VVUcuuoE 1280w\u0022 sizes=\u0022100vw\u0022 src=\u0022\/sites\/default\/files\/styles\/max_1300x1300\/public\/2022-01\/QR%20CORREGIDO.jpg?itok=UetJk9tf\u0022 alt=\u0022\u0022 typeof=\u0022foaf:Image\u0022 class=\u0022img-fluid\u0022 \/\u003E\n\n  \u003C\/picture\u003E\n\n\u003C\/div\u003E\n      \n  \n\n      \u003Cdiv  class=\u0022boton-expander\u0022\u003E\n        \n                  \u003Cdiv class=\u0022item-list\u0022\u003E\u003Cul\u003E\u003Cli\u003E\u003Ca href=\u0022\/ds-switch-view-mode\/node\/18663\/media_collapsed?selector=view-mode-media_expanded\u0022 class=\u0022use-ajax\u0022\u003E\u2191\u003C\/a\u003E\u003C\/li\u003E\u003C\/ul\u003E\u003C\/div\u003E\n      \n  \n    \u003C\/div\u003E\n\n\n  \u003C\/div\u003E\n\n  \u003Cdiv class=\u0022area-info group-middle\u0022\u003E\n    \n\u003Cdiv  class=\u0022inner\u0022\u003E\n          \n                          \u003Ch2  class=\u0022titulo\u0022 \u003E\n        C\u00f3mo acreditar 50 horas de su Servicio Social Comunitario \n\u003C\/h2\u003E\n      \n  \n\n    \n                          \u003Cdiv  class=\u0022resumen\u0022 \u003E\n      Participa en las Becas Santander Estudios \u2013 Servicio Social Comunitario \u2013 ANUIES \u2013 FESE \u2013 UABC Convocatoria 2022-1\u003C\/div\u003E\n      \n  \n\n\n\u003Cdiv  class=\u0022datos\u0022\u003E\n            \u003Cdiv  class=\u0022autor\u0022\u003E\n            \u003Cdiv  class=\u0022field-label-inline\u0022\u003EPor\u003C\/div\u003E\n  \n                  \u003Ca href=\u0022\/autores\/cgvca-y-gaceta-uabc\u0022 hreflang=\u0022es\u0022\u003ECGVCA y Gaceta UABC\u003C\/a\u003E\n      \n  \n    \u003C\/div\u003E\n\n      \u003Cdiv  class=\u0022campus\u0022\u003E\n            \u003Cdiv  class=\u0022field-label-inline\u0022\u003ECampus\u003C\/div\u003E\n  \n                  \u003Ca href=\u0022\/campus\/uabc\u0022 hreflang=\u0022es\u0022\u003EUABC\u003C\/a\u003E\n      \n  \n    \u003C\/div\u003E\n\n    \n                          \u003Cdiv  class=\u0022fecha\u0022 \u003E\n      27 de Enero de 2022\u003C\/div\u003E\n      \n  \n\n\n  \u003C\/div\u003E\n    \n                          \u003Cdiv  class=\u0022texto\u0022 \u003E\n      \u003Cp\u003EEn d\u00edas pasados la Coordinaci\u00f3n General de Vinculaci\u00f3n y Cooperaci\u00f3n Acad\u00e9mica de la UABC en conjunto con Santander, lanzaron el programa de Becas Santander Estudios \u2013 Servicio Social \u2013 FESE - ANUIES\u2013 UABC Convocatoria 2022-1, el cual es una iniciativa del Grupo Santander, la Asociaci\u00f3n Nacional de Universidades e Instituciones de Educaci\u00f3n Superior Empresa (ANUIES) y la Fundaci\u00f3n Educaci\u00f3n Superior Empresa (FESE).\u003C\/p\u003E\n\n\u003Cp\u003EEste programa tiene como objetivo principal fortalecer las habilidades digitales, sociales, emocionales y las competencias profesionales de los j\u00f3venes estudiantes de la UABC por medio de un curso en l\u00ednea que permitir\u00e1n a los alumnos acreditar 50 horas de su Servicio Social Comunitario.\u00a0\u003C\/p\u003E\n\n\u003Cp\u003EEsta convocatoria est\u00e1 dirigida principalmente a alumnos de nuevo ingreso o que se encuentren rezagados en su servicio social comunitario, as\u00ed como a los estudiantes interesados en convertirse en un agente de cambio en su comunidad.\u00a0\u003C\/p\u003E\n\n\u003Cp\u003ELos alumnos interesados deber\u00e1n inscribirse antes del 28 de febrero de 2022 al curso virtual a trav\u00e9s del sitio: \u003Ca href=\u0022https:\/\/app.becas-santander.com\/es\/program\/becas-santander-estudios-servicio-social-anuies-fese-uabc\u0022\u003Ehttps:\/\/app.becas-santander.com\/es\/program\/becas-santander-estudios-servicio-social-anuies-fese-uabc\u003C\/a\u003E. Una vez aceptados en la convocatoria (a m\u00e1s tardar 7 de marzo), los alumnos tendr\u00e1n hasta el 22 de marzo del mismo a\u00f1o para obtener el certificado de participaci\u00f3n del curso virtual.\u00a0\u003C\/p\u003E\n\n\u003Cp\u003EPara m\u00e1s informaci\u00f3n:\u00a0\u003C\/p\u003E\n\n\u003Cp\u003E\u00a0\u003C\/p\u003E\n\n\u003Cp\u003E1. Coordinaci\u00f3n General de Vinculaci\u00f3n y Cooperaci\u00f3n Acad\u00e9mica\u00a0\u003C\/p\u003E\n\n\u003Cp\u003ELic. \u003Ca href=\u0022mailto:shanti.tapia@uabc.edu.mx\u0022\u003EShanti Mariana Tapia Ortega\u003C\/a\u003E\u00a0\u00a0\u00a0\u00a0\u003C\/p\u003E\n\n\u003Cp\u003E\u003Ca href=\u0022mailto:vinculacion.cgvyca@uabc.edu.mx\u0022\u003Evinculacion.cgvyca@uabc.edu.mx\u003C\/a\u003E\u00a0\u003C\/p\u003E\n\n\u003Cp\u003ETel\u00e9fonos: (686) 551-8230 y (686) 551-82-31 ext. 33191.\u003C\/p\u003E\n\n\u003Cp\u003E\u00a0\u003C\/p\u003E\n\n\u003Cp\u003E2. Departamentos de Apoyo a la Extensi\u00f3n de la Cultura y la Vinculaci\u00f3n.\u00a0\u003C\/p\u003E\n\n\u003Cp\u003EEnsenada: Mtra. Yamile Zaira Nassar S\u00e1nchez\u003C\/p\u003E\n\n\u003Cp\u003E\u003Ca href=\u0022mailto:analista1.siss.ens@uabc.edu.mx\u0022\u003Eanalista1.siss.ens@uabc.edu.mx\u003C\/a\u003E\u003C\/p\u003E\n\n\u003Cp\u003ETijuana: Lic. Chantall C. Qui\u00f1ones Rodriguez \u003C\/p\u003E\n\n\u003Cp\u003E\u003Ca href=\u0022mailto:analista4.daecvtij@uabc.edu.mx\u0022\u003Eanalista4.daecvtij@uabc.edu.mx\u003C\/a\u003E\u00a0\u003C\/p\u003E\n\n\u003Cp\u003EMexicali: Psic. Ines P\u00e9rez Rodr\u00edguez \u003C\/p\u003E\n\n\u003Cp\u003E\u003Ca href=\u0022mailto:analista1.siss.mxl@uabc.edu.mx\u0022\u003Eanalista1.siss.mxl@uabc.edu.mx\u003C\/a\u003E\u00a0\u003C\/p\u003E\n\n\u003Cp\u003E\u00a0\u003C\/p\u003E\n\n\u003Cp\u003E3. Preferentemente, con el responsable de Servicio Social Comunitario en la Facultad, Escuela o Instituto que corresponda.\u003C\/p\u003E\u003C\/div\u003E\n      \n  \n\n    \n            \u003Cdiv  class=\u0022palabras-clave\u0022\u003E\n                        \u003Ca href=\u0022\/tags\/becas-servicio-social-comunitario-santander\u0022 hreflang=\u0022es\u0022\u003Ebecas servicio social comunitario santander\u003C\/a\u003E\n      \n      \u003C\/div\u003E\n  \n\n\n  \u003C\/div\u003E\n\n  \u003C\/div\u003E\n\n  \u003Cdiv class=\u0022area-extras group-right\u0022\u003E\n        \n                          \u003Cdiv  class=\u0022enlace-blockBottom\u0022 \u003E\n      \u003Cdiv\u003EVer m\u00e1s \u003Ca href=\u0022http:\/\/gaceta.uabc.mx\/notas\u0022\u003ENotas\u003C\/a\u003E\u003C\/div\u003E\n\u003C\/div\u003E\n      \n  \n\n\n  \u003C\/div\u003E\n\n\u003C\/div\u003E\n\n","settings":null}]