[{"command":"settings","settings":{"pluralDelimiter":"\u0003","suppressDeprecationErrors":true,"ajaxPageState":{"libraries":"core\/drupal.ajax,core\/picturefill,ds\/ds_3col_equal_width","theme":"gaceta","theme_token":null},"ajaxTrustedUrl":[],"field_group":{"html_element":{"mode":"media_expanded","context":"view","settings":{"classes":"datos","show_empty_fields":false,"id":"","element":"div","show_label":false,"label_element":"h3","label_element_classes":"","attributes":"","effect":"none","speed":"fast"}}},"user":{"uid":0,"permissionsHash":"55dc977d165ab1e05e51b6cc6487f6d73e65ab536d99ee82c6990d9001d5c21c"}},"merge":true},{"command":"add_css","data":"\u003Clink rel=\u0022stylesheet\u0022 media=\u0022all\u0022 href=\u0022\/sites\/default\/files\/css\/css_mxJrjoKKAZuuB4_4f-B1u9VnFZxvSor3Az4JEdrFEso.css\u0022 \/\u003E\n\u003Clink rel=\u0022stylesheet\u0022 media=\u0022all\u0022 href=\u0022\/sites\/default\/files\/css\/css_-BXSGQpS8YTwwuXGbPoshUvZ7W-_HbYR3H7d0DA_mEY.css\u0022 \/\u003E\n\u003Clink rel=\u0022stylesheet\u0022 media=\u0022all\u0022 href=\u0022\/sites\/default\/files\/css\/css_89YreTu0npezhXSakRJR9TVHyBS9bTcyt0s3IckAe-M.css\u0022 \/\u003E\n"},{"command":"add_js","selector":"body","data":[{"src":"\/sites\/default\/files\/js\/js_9UaAhXvc9u0KYXXUw-OKyLP2baQxdV4zY3Y_KGurcvY.js"},{"src":"\/sites\/default\/files\/js\/js_oDJxUBLBzfRb_FDgNfkNOm9-tiatS2kNfxQIeVRZA7Y.js"},{"src":"\/sites\/default\/files\/js\/js_YM82KRuzNIr2X-Kb8pQW8cOcSbWgQ_QGKclTYJ_aMlI.js"},{"src":"\/sites\/default\/files\/js\/js_pqqsPPmPmxKgamY6qk_WSawtL05XH_yAY8GkPHVyahI.js"}]},{"command":"insert","method":"replaceWith","selector":".view-mode-full","data":"\u003Cdiv data-history-node-id=\u002218800\u0022 class=\u0022contenido view-mode-media_expanded ds-3col-equal clearfix\u0022\u003E\n\n  \n\n  \u003Cdiv class=\u0022area-medios group-left\u0022\u003E\n        \n                          \u003Cdiv  class=\u0022imagen\u0022 \u003E\n          \u003Cpicture\u003E\n                  \u003Csource srcset=\u0022\/sites\/default\/files\/styles\/max_650x650\/public\/2022-03\/_MG_0586.webp?itok=-1L7VqaG 650w, \/sites\/default\/files\/styles\/max_1300x1300\/public\/2022-03\/_MG_0586.webp?itok=z3PBKBAN 1300w, \/sites\/default\/files\/styles\/max_1900x1900\/public\/2022-03\/_MG_0586.webp?itok=LFxv-YrR 1900w\u0022 type=\u0022image\/webp\u0022 sizes=\u0022100vw\u0022\/\u003E\n              \u003Csource srcset=\u0022\/sites\/default\/files\/styles\/max_650x650\/public\/2022-03\/_MG_0586.jpg?itok=-1L7VqaG 650w, \/sites\/default\/files\/styles\/max_1300x1300\/public\/2022-03\/_MG_0586.jpg?itok=z3PBKBAN 1300w, \/sites\/default\/files\/styles\/max_1900x1900\/public\/2022-03\/_MG_0586.jpg?itok=LFxv-YrR 1900w\u0022 type=\u0022image\/jpeg\u0022 sizes=\u0022100vw\u0022\/\u003E\n                  \u003Cimg srcset=\u0022\/sites\/default\/files\/styles\/max_650x650\/public\/2022-03\/_MG_0586.jpg?itok=-1L7VqaG 650w, \/sites\/default\/files\/styles\/max_1300x1300\/public\/2022-03\/_MG_0586.jpg?itok=z3PBKBAN 1300w, \/sites\/default\/files\/styles\/max_1900x1900\/public\/2022-03\/_MG_0586.jpg?itok=LFxv-YrR 1900w\u0022 sizes=\u0022100vw\u0022 src=\u0022\/sites\/default\/files\/styles\/max_1300x1300\/public\/2022-03\/_MG_0586.jpg?itok=z3PBKBAN\u0022 alt=\u0022\u0022 typeof=\u0022foaf:Image\u0022 class=\u0022img-fluid\u0022 \/\u003E\n\n  \u003C\/picture\u003E\n\n\u003C\/div\u003E\n      \n  \n\n      \u003Cdiv  class=\u0022boton-expander\u0022\u003E\n        \n                  \u003Cdiv class=\u0022item-list\u0022\u003E\u003Cul\u003E\u003Cli\u003E\u003Ca href=\u0022\/ds-switch-view-mode\/node\/18800\/media_collapsed?selector=view-mode-media_expanded\u0022 class=\u0022use-ajax\u0022\u003E\u2191\u003C\/a\u003E\u003C\/li\u003E\u003C\/ul\u003E\u003C\/div\u003E\n      \n  \n    \u003C\/div\u003E\n\n\n  \u003C\/div\u003E\n\n  \u003Cdiv class=\u0022area-info group-middle\u0022\u003E\n    \n\u003Cdiv  class=\u0022inner\u0022\u003E\n          \n                          \u003Ch2  class=\u0022titulo\u0022 \u003E\n        Exponen sobre investigaci\u00f3n colaborativa con perspectiva de g\u00e9nero e interseccionalidad\n\u003C\/h2\u003E\n      \n  \n\n    \n                          \u003Cdiv  class=\u0022resumen\u0022 \u003E\n      La doctora Gema Tabares imparte la conferencia inaugural de las actividades del semestre 2022-1  en el IIC-Museo\u003C\/div\u003E\n      \n  \n\n\n\u003Cdiv  class=\u0022datos\u0022\u003E\n            \u003Cdiv  class=\u0022autor\u0022\u003E\n            \u003Cdiv  class=\u0022field-label-inline\u0022\u003EPor\u003C\/div\u003E\n  \n                  \u003Ca href=\u0022\/autores\/mariela-rodriguez\u0022 hreflang=\u0022es\u0022\u003EMariela Rodr\u00edguez\u003C\/a\u003E\n      \n  \n    \u003C\/div\u003E\n\n      \u003Cdiv  class=\u0022campus\u0022\u003E\n            \u003Cdiv  class=\u0022field-label-inline\u0022\u003ECampus\u003C\/div\u003E\n  \n                  \u003Ca href=\u0022\/campus\/mexicali\u0022 hreflang=\u0022es\u0022\u003EMexicali\u003C\/a\u003E\n      \n  \n    \u003C\/div\u003E\n\n    \n                          \u003Cdiv  class=\u0022fecha\u0022 \u003E\n      1 de Marzo de 2022\u003C\/div\u003E\n      \n  \n\n\n  \u003C\/div\u003E\n    \n                          \u003Cdiv  class=\u0022texto\u0022 \u003E\n      \u003Cp\u003EEn el auditorio del Instituto de Investigaciones Culturales-Museo UABC (IIC-Museo), se llev\u00f3 a cabo la conferencia inaugural del semestre 2022-1, titulada \u201cInvestigaci\u00f3n colaborativa con perspectiva de g\u00e9nero e interseccionalidad\u201d, impartida por la doctora Gema Tabares, miembro del Centro de Investigaciones y Estudios Superiores en Antropolog\u00eda Social (CIESAS) en la Ciudad de M\u00e9xico.\u003C\/p\u003E\n\n\u003Cp\u003EAntes de iniciar la sesi\u00f3n se present\u00f3 a Cristina D\u00edaz, una de las asistetes, quien es representante, traductora e int\u00e9rprete de la lengua ind\u00edgena. La doctora Gema Tabares mencion\u00f3 que su presencia en la sala era importante para reconocer la lucha en contra de las discriminaciones ind\u00edgenas.\u003C\/p\u003E\n\n\u003Cp\u003EDurante su intervenci\u00f3n la doctora Tabares coment\u00f3 que lo que se quiere lograr con estas exposiciones o di\u00e1logos es dar a conocer un pensar diferente, las luchas de g\u00e9nero, feministas, homof\u00f3bicas incluso las antirracistas y sobre todo formar mejor a los docentes para que estas acciones o pensamientos no se sigan repitiendo.\u00a0 \u00a0\u003Cstrong\u003E\u00a0\u003C\/strong\u003E\u003C\/p\u003E\n\n\u003Cp\u003EAl finalizar se abri\u00f3 un espacio de di\u00e1logo con las personas que asistieron para enriquecer la experiencia.\u003C\/p\u003E\n\n\u003Cp\u003E\u00a0\u003C\/p\u003E\n\n\u003Cp\u003EFOTO: Teresa Rodr\u00edguez\u003C\/p\u003E\u003C\/div\u003E\n      \n  \n\n    \n            \u003Cdiv  class=\u0022palabras-clave\u0022\u003E\n                        \u003Ca href=\u0022\/tags\/conferencia\u0022 hreflang=\u0022es\u0022\u003EConferencia\u003C\/a\u003E\n                \u003Ca href=\u0022\/tags\/investigacion-colaborativa\u0022 hreflang=\u0022es\u0022\u003EInvestigaci\u00f3n colaborativa\u003C\/a\u003E\n                \u003Ca href=\u0022\/tags\/perspectiva-de-genero\u0022 hreflang=\u0022es\u0022\u003EPerspectiva de g\u00e9nero\u003C\/a\u003E\n                \u003Ca href=\u0022\/tags\/interseccionalidad\u0022 hreflang=\u0022es\u0022\u003EInterseccionalidad\u003C\/a\u003E\n      \n      \u003C\/div\u003E\n  \n\n\n  \u003C\/div\u003E\n\n  \u003C\/div\u003E\n\n  \u003Cdiv class=\u0022area-extras group-right\u0022\u003E\n        \n                          \u003Cdiv  class=\u0022enlace-blockBottom\u0022 \u003E\n      \u003Cdiv\u003EVer m\u00e1s \u003Ca href=\u0022http:\/\/gaceta.uabc.mx\/notas\u0022\u003ENotas\u003C\/a\u003E\u003C\/div\u003E\n\u003C\/div\u003E\n      \n  \n\n\n  \u003C\/div\u003E\n\n\u003C\/div\u003E\n\n","settings":null}]