[{"command":"settings","settings":{"pluralDelimiter":"\u0003","suppressDeprecationErrors":true,"ajaxPageState":{"libraries":"core\/drupal.ajax,core\/picturefill,ds\/ds_3col_equal_width","theme":"gaceta","theme_token":null},"ajaxTrustedUrl":[],"field_group":{"html_element":{"mode":"media_expanded","context":"view","settings":{"classes":"datos","show_empty_fields":false,"id":"","element":"div","show_label":false,"label_element":"h3","label_element_classes":"","attributes":"","effect":"none","speed":"fast"}}},"user":{"uid":0,"permissionsHash":"55dc977d165ab1e05e51b6cc6487f6d73e65ab536d99ee82c6990d9001d5c21c"}},"merge":true},{"command":"add_css","data":"\u003Clink rel=\u0022stylesheet\u0022 media=\u0022all\u0022 href=\u0022\/sites\/default\/files\/css\/css_mxJrjoKKAZuuB4_4f-B1u9VnFZxvSor3Az4JEdrFEso.css\u0022 \/\u003E\n\u003Clink rel=\u0022stylesheet\u0022 media=\u0022all\u0022 href=\u0022\/sites\/default\/files\/css\/css_-BXSGQpS8YTwwuXGbPoshUvZ7W-_HbYR3H7d0DA_mEY.css\u0022 \/\u003E\n\u003Clink rel=\u0022stylesheet\u0022 media=\u0022all\u0022 href=\u0022\/sites\/default\/files\/css\/css_89YreTu0npezhXSakRJR9TVHyBS9bTcyt0s3IckAe-M.css\u0022 \/\u003E\n"},{"command":"add_js","selector":"body","data":[{"src":"\/sites\/default\/files\/js\/js_9UaAhXvc9u0KYXXUw-OKyLP2baQxdV4zY3Y_KGurcvY.js"},{"src":"\/sites\/default\/files\/js\/js_oDJxUBLBzfRb_FDgNfkNOm9-tiatS2kNfxQIeVRZA7Y.js"},{"src":"\/sites\/default\/files\/js\/js_YM82KRuzNIr2X-Kb8pQW8cOcSbWgQ_QGKclTYJ_aMlI.js"},{"src":"\/sites\/default\/files\/js\/js_pqqsPPmPmxKgamY6qk_WSawtL05XH_yAY8GkPHVyahI.js"}]},{"command":"insert","method":"replaceWith","selector":".view-mode-full","data":"\u003Cdiv data-history-node-id=\u002218805\u0022 class=\u0022contenido view-mode-media_expanded ds-3col-equal clearfix\u0022\u003E\n\n  \n\n  \u003Cdiv class=\u0022area-medios group-left\u0022\u003E\n        \n                          \u003Cdiv  class=\u0022imagen\u0022 \u003E\n          \u003Cpicture\u003E\n                  \u003Csource srcset=\u0022\/sites\/default\/files\/styles\/max_650x650\/public\/2022-03\/ICA-Sub.webp?itok=f5KHSYUd 650w, \/sites\/default\/files\/styles\/max_1300x1300\/public\/2022-03\/ICA-Sub.webp?itok=PlEvWp_n 1300w, \/sites\/default\/files\/styles\/max_1900x1900\/public\/2022-03\/ICA-Sub.webp?itok=mlYLs9mq 1900w\u0022 type=\u0022image\/webp\u0022 sizes=\u0022100vw\u0022\/\u003E\n              \u003Csource srcset=\u0022\/sites\/default\/files\/styles\/max_650x650\/public\/2022-03\/ICA-Sub.jpg?itok=f5KHSYUd 650w, \/sites\/default\/files\/styles\/max_1300x1300\/public\/2022-03\/ICA-Sub.jpg?itok=PlEvWp_n 1300w, \/sites\/default\/files\/styles\/max_1900x1900\/public\/2022-03\/ICA-Sub.jpg?itok=mlYLs9mq 1900w\u0022 type=\u0022image\/jpeg\u0022 sizes=\u0022100vw\u0022\/\u003E\n                  \u003Cimg srcset=\u0022\/sites\/default\/files\/styles\/max_650x650\/public\/2022-03\/ICA-Sub.jpg?itok=f5KHSYUd 650w, \/sites\/default\/files\/styles\/max_1300x1300\/public\/2022-03\/ICA-Sub.jpg?itok=PlEvWp_n 1300w, \/sites\/default\/files\/styles\/max_1900x1900\/public\/2022-03\/ICA-Sub.jpg?itok=mlYLs9mq 1900w\u0022 sizes=\u0022100vw\u0022 src=\u0022\/sites\/default\/files\/styles\/max_1300x1300\/public\/2022-03\/ICA-Sub.jpg?itok=PlEvWp_n\u0022 alt=\u0022Toma de Protesta Subdrectora del ICA\u0022 typeof=\u0022foaf:Image\u0022 class=\u0022img-fluid\u0022 \/\u003E\n\n  \u003C\/picture\u003E\n\n\u003C\/div\u003E\n      \n  \n\n      \u003Cdiv  class=\u0022boton-expander\u0022\u003E\n        \n                  \u003Cdiv class=\u0022item-list\u0022\u003E\u003Cul\u003E\u003Cli\u003E\u003Ca href=\u0022\/ds-switch-view-mode\/node\/18805\/media_collapsed?selector=view-mode-media_expanded\u0022 class=\u0022use-ajax\u0022\u003E\u2191\u003C\/a\u003E\u003C\/li\u003E\u003C\/ul\u003E\u003C\/div\u003E\n      \n  \n    \u003C\/div\u003E\n\n\n  \u003C\/div\u003E\n\n  \u003Cdiv class=\u0022area-info group-middle\u0022\u003E\n    \n\u003Cdiv  class=\u0022inner\u0022\u003E\n          \n                          \u003Ch2  class=\u0022titulo\u0022 \u003E\n        Toma protesta subdirectora del Instituto de Ciencias Agr\u00edcolas \n\u003C\/h2\u003E\n      \n  \n\n    \n                          \u003Cdiv  class=\u0022resumen\u0022 \u003E\n      Asume el cargo la doctora Olivia Tzintzun Camacho\u003C\/div\u003E\n      \n  \n\n\n\u003Cdiv  class=\u0022datos\u0022\u003E\n            \u003Cdiv  class=\u0022autor\u0022\u003E\n            \u003Cdiv  class=\u0022field-label-inline\u0022\u003EPor\u003C\/div\u003E\n  \n                  \u003Ca href=\u0022\/autores\/lic-isaac-daniel-coronado-ortega\u0022 hreflang=\u0022es\u0022\u003ELic. Isaac Daniel Coronado Ortega\u003C\/a\u003E\n      \n  \n    \u003C\/div\u003E\n\n      \u003Cdiv  class=\u0022campus\u0022\u003E\n            \u003Cdiv  class=\u0022field-label-inline\u0022\u003ECampus\u003C\/div\u003E\n  \n                  \u003Ca href=\u0022\/campus\/mexicali\u0022 hreflang=\u0022es\u0022\u003EMexicali\u003C\/a\u003E\n      \n  \n    \u003C\/div\u003E\n\n    \n                          \u003Cdiv  class=\u0022fecha\u0022 \u003E\n      1 de Marzo de 2022\u003C\/div\u003E\n      \n  \n\n\n  \u003C\/div\u003E\n    \n                          \u003Cdiv  class=\u0022texto\u0022 \u003E\n      \u003Cp\u003ELa doctora Gisela Montero Alp\u00edrez, vicerrectora del Campus Mexicali, tom\u00f3 protesta a la doctora Olivia Tzintzun Camacho, nueva subdirectora del Instituto de Ciencias Agr\u00edcolas (ICA).\u00a0\u00a0\u00a0\u00a0\u003C\/p\u003E\n\n\u003Cp\u003ELa vicerrectora expres\u00f3 su felicitaci\u00f3n a la doctora Tzintzun Camacho por su nuevo cargo y la exhort\u00f3 a realizar sus actividades con esfuerzo y responsabilidad en beneficio de la UABC y la comunidad universitaria. Asimismo, agradeci\u00f3 el compromiso y la dedicaci\u00f3n del maestro Rub\u00e9n Encinas Fregoso quien anteriormente ocup\u00f3 el cargo. \u00a0\u00a0\u00a0\u003C\/p\u003E\n\n\u003Cp\u003EFinalmente, la doctora Olivia Tzintzun Camacho dio palabras de agradecimiento y expres\u00f3: \u0022Agradezco la confianza que tiene el doctor Daniel Gonz\u00e1lez Mendoza por brindarme este reconocimiento, se que es una gran responsabilidad y que voy a ser todo lo posible por cumplir con los objetivos planteados por el director para el buen desarrollo del Instituto, dando todo lo mejor que esta de mi parte\u0022.\u00a0\u003C\/p\u003E\n\n\u003Cp\u003EDurante la toma de protesta estuvo presente el director del ICA, doctor Daniel Gonz\u00e1lez Mendoza.\u00a0\u003C\/p\u003E\u003C\/div\u003E\n      \n  \n\n    \n            \u003Cdiv  class=\u0022palabras-clave\u0022\u003E\n                        \u003Ca href=\u0022\/tags\/toma-de-protesta\u0022 hreflang=\u0022es\u0022\u003EToma de protesta\u003C\/a\u003E\n                \u003Ca href=\u0022\/tags\/subdirectora\u0022 hreflang=\u0022es\u0022\u003ESubdirectora\u003C\/a\u003E\n                \u003Ca href=\u0022\/tags\/olivia-tzintzun-camacho\u0022 hreflang=\u0022es\u0022\u003EOlivia Tzintzun Camacho\u003C\/a\u003E\n      \n      \u003C\/div\u003E\n  \n\n\n  \u003C\/div\u003E\n\n  \u003C\/div\u003E\n\n  \u003Cdiv class=\u0022area-extras group-right\u0022\u003E\n        \n                          \u003Cdiv  class=\u0022enlace-blockBottom\u0022 \u003E\n      \u003Cdiv\u003EVer m\u00e1s \u003Ca href=\u0022http:\/\/gaceta.uabc.mx\/notas\u0022\u003ENotas\u003C\/a\u003E\u003C\/div\u003E\n\u003C\/div\u003E\n      \n  \n\n\n  \u003C\/div\u003E\n\n\u003C\/div\u003E\n\n","settings":null}]