[{"command":"settings","settings":{"pluralDelimiter":"\u0003","suppressDeprecationErrors":true,"ajaxPageState":{"libraries":"core\/drupal.ajax,core\/picturefill,ds\/ds_3col_equal_width","theme":"gaceta","theme_token":null},"ajaxTrustedUrl":[],"field_group":{"html_element":{"mode":"media_expanded","context":"view","settings":{"classes":"datos","show_empty_fields":false,"id":"","element":"div","show_label":false,"label_element":"h3","label_element_classes":"","attributes":"","effect":"none","speed":"fast"}}},"user":{"uid":0,"permissionsHash":"55dc977d165ab1e05e51b6cc6487f6d73e65ab536d99ee82c6990d9001d5c21c"}},"merge":true},{"command":"add_css","data":"\u003Clink rel=\u0022stylesheet\u0022 media=\u0022all\u0022 href=\u0022\/sites\/default\/files\/css\/css_mxJrjoKKAZuuB4_4f-B1u9VnFZxvSor3Az4JEdrFEso.css\u0022 \/\u003E\n\u003Clink rel=\u0022stylesheet\u0022 media=\u0022all\u0022 href=\u0022\/sites\/default\/files\/css\/css_-BXSGQpS8YTwwuXGbPoshUvZ7W-_HbYR3H7d0DA_mEY.css\u0022 \/\u003E\n\u003Clink rel=\u0022stylesheet\u0022 media=\u0022all\u0022 href=\u0022\/sites\/default\/files\/css\/css_89YreTu0npezhXSakRJR9TVHyBS9bTcyt0s3IckAe-M.css\u0022 \/\u003E\n"},{"command":"add_js","selector":"body","data":[{"src":"\/sites\/default\/files\/js\/js_9UaAhXvc9u0KYXXUw-OKyLP2baQxdV4zY3Y_KGurcvY.js"},{"src":"\/sites\/default\/files\/js\/js_oDJxUBLBzfRb_FDgNfkNOm9-tiatS2kNfxQIeVRZA7Y.js"},{"src":"\/sites\/default\/files\/js\/js_YM82KRuzNIr2X-Kb8pQW8cOcSbWgQ_QGKclTYJ_aMlI.js"},{"src":"\/sites\/default\/files\/js\/js_pqqsPPmPmxKgamY6qk_WSawtL05XH_yAY8GkPHVyahI.js"}]},{"command":"insert","method":"replaceWith","selector":".view-mode-full","data":"\u003Cdiv data-history-node-id=\u002218852\u0022 class=\u0022contenido view-mode-media_expanded ds-3col-equal clearfix\u0022\u003E\n\n  \n\n  \u003Cdiv class=\u0022area-medios group-left\u0022\u003E\n        \n                          \u003Cdiv  class=\u0022imagen\u0022 \u003E\n          \u003Cpicture\u003E\n                  \u003Csource srcset=\u0022\/sites\/default\/files\/styles\/max_650x650\/public\/2022-03\/Copia%20de%20collage%20amor%20pareja%20regalo%20original%20negro.webp?itok=rWjIvuLJ 650w, \/sites\/default\/files\/styles\/max_1300x1300\/public\/2022-03\/Copia%20de%20collage%20amor%20pareja%20regalo%20original%20negro.webp?itok=wQZ9lU5U 1300w, \/sites\/default\/files\/styles\/max_1900x1900\/public\/2022-03\/Copia%20de%20collage%20amor%20pareja%20regalo%20original%20negro.webp?itok=DaA_hRpq 1900w\u0022 type=\u0022image\/webp\u0022 sizes=\u0022100vw\u0022\/\u003E\n              \u003Csource srcset=\u0022\/sites\/default\/files\/styles\/max_650x650\/public\/2022-03\/Copia%20de%20collage%20amor%20pareja%20regalo%20original%20negro.jpg?itok=rWjIvuLJ 650w, \/sites\/default\/files\/styles\/max_1300x1300\/public\/2022-03\/Copia%20de%20collage%20amor%20pareja%20regalo%20original%20negro.jpg?itok=wQZ9lU5U 1300w, \/sites\/default\/files\/styles\/max_1900x1900\/public\/2022-03\/Copia%20de%20collage%20amor%20pareja%20regalo%20original%20negro.jpg?itok=DaA_hRpq 1900w\u0022 type=\u0022image\/jpeg\u0022 sizes=\u0022100vw\u0022\/\u003E\n                  \u003Cimg srcset=\u0022\/sites\/default\/files\/styles\/max_650x650\/public\/2022-03\/Copia%20de%20collage%20amor%20pareja%20regalo%20original%20negro.jpg?itok=rWjIvuLJ 650w, \/sites\/default\/files\/styles\/max_1300x1300\/public\/2022-03\/Copia%20de%20collage%20amor%20pareja%20regalo%20original%20negro.jpg?itok=wQZ9lU5U 1300w, \/sites\/default\/files\/styles\/max_1900x1900\/public\/2022-03\/Copia%20de%20collage%20amor%20pareja%20regalo%20original%20negro.jpg?itok=DaA_hRpq 1900w\u0022 sizes=\u0022100vw\u0022 src=\u0022\/sites\/default\/files\/styles\/max_1300x1300\/public\/2022-03\/Copia%20de%20collage%20amor%20pareja%20regalo%20original%20negro.jpg?itok=wQZ9lU5U\u0022 alt=\u0022Collage de proyectos\u0022 typeof=\u0022foaf:Image\u0022 class=\u0022img-fluid\u0022 \/\u003E\n\n  \u003C\/picture\u003E\n\n\u003C\/div\u003E\n      \n  \n\n      \u003Cdiv  class=\u0022boton-expander\u0022\u003E\n        \n                  \u003Cdiv class=\u0022item-list\u0022\u003E\u003Cul\u003E\u003Cli\u003E\u003Ca href=\u0022\/ds-switch-view-mode\/node\/18852\/media_collapsed?selector=view-mode-media_expanded\u0022 class=\u0022use-ajax\u0022\u003E\u2191\u003C\/a\u003E\u003C\/li\u003E\u003C\/ul\u003E\u003C\/div\u003E\n      \n  \n    \u003C\/div\u003E\n\n\n  \u003C\/div\u003E\n\n  \u003Cdiv class=\u0022area-info group-middle\u0022\u003E\n    \n\u003Cdiv  class=\u0022inner\u0022\u003E\n          \n                          \u003Ch2  class=\u0022titulo\u0022 \u003E\n        Realizan con \u00e9xito la exposici\u00f3n virtual \u201cLa esencia de la Mujer\u201d\n\u003C\/h2\u003E\n      \n  \n\n    \n                          \u003Cdiv  class=\u0022resumen\u0022 \u003E\n      Se presentaron aproximadamente 60 proyectos de estudiantes y docentes del Campus Ensenada.\u003C\/div\u003E\n      \n  \n\n\n\u003Cdiv  class=\u0022datos\u0022\u003E\n            \u003Cdiv  class=\u0022autor\u0022\u003E\n            \u003Cdiv  class=\u0022field-label-inline\u0022\u003EPor\u003C\/div\u003E\n  \n                  \u003Ca href=\u0022\/autores\/karla-riviera-liera\u0022 hreflang=\u0022es\u0022\u003EKarla Riviera Liera\u003C\/a\u003E\n      \n  \n    \u003C\/div\u003E\n\n      \u003Cdiv  class=\u0022campus\u0022\u003E\n            \u003Cdiv  class=\u0022field-label-inline\u0022\u003ECampus\u003C\/div\u003E\n  \n                  \u003Ca href=\u0022\/campus\/ensenada\u0022 hreflang=\u0022es\u0022\u003EEnsenada\u003C\/a\u003E\n      \n  \n    \u003C\/div\u003E\n\n    \n                          \u003Cdiv  class=\u0022fecha\u0022 \u003E\n      9 de Marzo de 2022\u003C\/div\u003E\n      \n  \n\n\n  \u003C\/div\u003E\n    \n                          \u003Cdiv  class=\u0022texto\u0022 \u003E\n      \u003Cp\u003ECon gran \u00e9xito se realiz\u00f3 la exposici\u00f3n virtual, \u201cLa Esencia de la Mujer\u201d. Una actividad organizada por la Facultad de Artes (FA), Facultad de Ciencias Marinas (FCM) y la Facultad de Enolog\u00eda y Gastronom\u00eda (FEG) de la Universidad Aut\u00f3noma de Baja California (UABC), Campus Ensenada, en el marco del \u0022D\u00eda Internacional de la Mujer\u0022.\u003C\/p\u003E\n\n\u003Cp\u003ELa doctora Grettel Fern\u00e1ndez Orta,\u00a0 responsable de Orientaci\u00f3n Educativa y Psicopedag\u00f3gico de la FEG, dijo que se obtuvo una excelente participaci\u00f3n de estudiantes y docentes de la comunidad universitaria, explic\u00f3 que se recibieron aproximadamente 60 proyectos, entre los que destacaron fotograf\u00edas, pinturas, poemas y platillos representativos con los que se logr\u00f3 una interesante exposici\u00f3n virtual.\u003C\/p\u003E\n\n\u003Cp\u003E\u201cTuvimos muy buena participaci\u00f3n, recibimos diferente material, todo muy valioso. Se cumpli\u00f3 con el objetivo de representar la esencia de la mujer en sus diferentes facetas, por ejemplo su perseverancia, dependencia, fortaleza, creatividad, su determinaci\u00f3n, amor, todas las caracter\u00edsticas representativas que se pudieran abarcar\u201d, indic\u00f3.\u003C\/p\u003E\n\n\u003Cp\u003ESe\u00f1al\u00f3 que el proyecto fue coordinado por la maestra Nancy Abril Hern\u00e1ndez, de la Facultad de Artes; maestra M\u00f3nica Lubinsky Jinich, de la Facultad de Ciencias Marinas y ella como representante de la Facultad de Enolog\u00eda y Gastronom\u00eda, quienes son responsables de Orientaci\u00f3n Educativa y Psicopedag\u00f3gico en cada unidad acad\u00e9mica.\u003C\/p\u003E\n\n\u003Cp\u003ELa convocatoria del proyecto \u201cLa esencia de la mujer fue abierta el pasado 15 de febrero con cierre el 4 de marzo del presente a\u00f1o, la cual tuvo muy buena respuesta por parte de la comunidad femenina de las diferentes facultades del Campus Ensenada.\u003C\/p\u003E\u003C\/div\u003E\n      \n  \n\n    \n            \u003Cdiv  class=\u0022palabras-clave\u0022\u003E\n                        \u003Ca href=\u0022\/tags\/red-institucional-de-valores\u0022 hreflang=\u0022es\u0022\u003ERed Institucional de Valores\u003C\/a\u003E\n      \n      \u003C\/div\u003E\n  \n\n\n  \u003C\/div\u003E\n\n  \u003C\/div\u003E\n\n  \u003Cdiv class=\u0022area-extras group-right\u0022\u003E\n        \n                          \u003Cdiv  class=\u0022enlace-blockBottom\u0022 \u003E\n      \u003Cdiv\u003EVer m\u00e1s \u003Ca href=\u0022http:\/\/gaceta.uabc.mx\/notas\u0022\u003ENotas\u003C\/a\u003E\u003C\/div\u003E\n\u003C\/div\u003E\n      \n  \n\n\n  \u003C\/div\u003E\n\n\u003C\/div\u003E\n\n","settings":null}]