[{"command":"settings","settings":{"pluralDelimiter":"\u0003","suppressDeprecationErrors":true,"ajaxPageState":{"libraries":"core\/drupal.ajax,core\/picturefill,ds\/ds_3col_equal_width","theme":"gaceta","theme_token":null},"ajaxTrustedUrl":[],"field_group":{"html_element":{"mode":"media_expanded","context":"view","settings":{"classes":"datos","show_empty_fields":false,"id":"","element":"div","show_label":false,"label_element":"h3","label_element_classes":"","attributes":"","effect":"none","speed":"fast"}}},"user":{"uid":0,"permissionsHash":"55dc977d165ab1e05e51b6cc6487f6d73e65ab536d99ee82c6990d9001d5c21c"}},"merge":true},{"command":"add_css","data":"\u003Clink rel=\u0022stylesheet\u0022 media=\u0022all\u0022 href=\u0022\/sites\/default\/files\/css\/css_mxJrjoKKAZuuB4_4f-B1u9VnFZxvSor3Az4JEdrFEso.css\u0022 \/\u003E\n\u003Clink rel=\u0022stylesheet\u0022 media=\u0022all\u0022 href=\u0022\/sites\/default\/files\/css\/css_-BXSGQpS8YTwwuXGbPoshUvZ7W-_HbYR3H7d0DA_mEY.css\u0022 \/\u003E\n\u003Clink rel=\u0022stylesheet\u0022 media=\u0022all\u0022 href=\u0022\/sites\/default\/files\/css\/css_89YreTu0npezhXSakRJR9TVHyBS9bTcyt0s3IckAe-M.css\u0022 \/\u003E\n"},{"command":"add_js","selector":"body","data":[{"src":"\/sites\/default\/files\/js\/js_9UaAhXvc9u0KYXXUw-OKyLP2baQxdV4zY3Y_KGurcvY.js"},{"src":"\/sites\/default\/files\/js\/js_oDJxUBLBzfRb_FDgNfkNOm9-tiatS2kNfxQIeVRZA7Y.js"},{"src":"\/sites\/default\/files\/js\/js_YM82KRuzNIr2X-Kb8pQW8cOcSbWgQ_QGKclTYJ_aMlI.js"},{"src":"\/sites\/default\/files\/js\/js_pqqsPPmPmxKgamY6qk_WSawtL05XH_yAY8GkPHVyahI.js"}]},{"command":"insert","method":"replaceWith","selector":".view-mode-full","data":"\u003Cdiv data-history-node-id=\u002219325\u0022 class=\u0022contenido view-mode-media_expanded ds-3col-equal clearfix\u0022\u003E\n\n  \n\n  \u003Cdiv class=\u0022area-medios group-left\u0022\u003E\n        \n                          \u003Cdiv  class=\u0022imagen\u0022 \u003E\n          \u003Cpicture\u003E\n                  \u003Csource srcset=\u0022\/sites\/default\/files\/styles\/max_650x650\/public\/2022-05\/Valores-1.webp?itok=LdTR9Toq 488w, \/sites\/default\/files\/styles\/max_1900x1900\/public\/2022-05\/Valores-1.webp?itok=aPWuo1vt 720w\u0022 type=\u0022image\/webp\u0022 sizes=\u0022100vw\u0022\/\u003E\n              \u003Csource srcset=\u0022\/sites\/default\/files\/styles\/max_650x650\/public\/2022-05\/Valores-1.jpg?itok=LdTR9Toq 488w, \/sites\/default\/files\/styles\/max_1900x1900\/public\/2022-05\/Valores-1.jpg?itok=aPWuo1vt 720w\u0022 type=\u0022image\/jpeg\u0022 sizes=\u0022100vw\u0022\/\u003E\n                  \u003Cimg srcset=\u0022\/sites\/default\/files\/styles\/max_650x650\/public\/2022-05\/Valores-1.jpg?itok=LdTR9Toq 488w, \/sites\/default\/files\/styles\/max_1900x1900\/public\/2022-05\/Valores-1.jpg?itok=aPWuo1vt 720w\u0022 sizes=\u0022100vw\u0022 src=\u0022\/sites\/default\/files\/styles\/max_1300x1300\/public\/2022-05\/Valores-1.jpg?itok=g7ClXYQx\u0022 alt=\u0022\u0022 typeof=\u0022foaf:Image\u0022 class=\u0022img-fluid\u0022 \/\u003E\n\n  \u003C\/picture\u003E\n\n\u003C\/div\u003E\n      \n  \n\n      \u003Cdiv  class=\u0022boton-expander\u0022\u003E\n        \n                  \u003Cdiv class=\u0022item-list\u0022\u003E\u003Cul\u003E\u003Cli\u003E\u003Ca href=\u0022\/ds-switch-view-mode\/node\/19325\/media_collapsed?selector=view-mode-media_expanded\u0022 class=\u0022use-ajax\u0022\u003E\u2191\u003C\/a\u003E\u003C\/li\u003E\u003C\/ul\u003E\u003C\/div\u003E\n      \n  \n    \u003C\/div\u003E\n\n\n  \u003C\/div\u003E\n\n  \u003Cdiv class=\u0022area-info group-middle\u0022\u003E\n    \n\u003Cdiv  class=\u0022inner\u0022\u003E\n          \n                          \u003Ch2  class=\u0022titulo\u0022 \u003E\n        Fomentan valores cimarrones en los alumnos\n\u003C\/h2\u003E\n      \n  \n\n    \n                          \u003Cdiv  class=\u0022resumen\u0022 \u003E\n      Realizan la Primera Semana de Jornada de Valores en la Facultad de Odontolog\u00eda Mexicali\u003C\/div\u003E\n      \n  \n\n\n\u003Cdiv  class=\u0022datos\u0022\u003E\n            \u003Cdiv  class=\u0022autor\u0022\u003E\n            \u003Cdiv  class=\u0022field-label-inline\u0022\u003EPor\u003C\/div\u003E\n  \n                  \u003Ca href=\u0022\/autores\/gaceta-uabc\u0022 hreflang=\u0022es\u0022\u003EGaceta UABC\u003C\/a\u003E\n      \n  \n    \u003C\/div\u003E\n\n      \u003Cdiv  class=\u0022campus\u0022\u003E\n            \u003Cdiv  class=\u0022field-label-inline\u0022\u003ECampus\u003C\/div\u003E\n  \n                  \u003Ca href=\u0022\/campus\/mexicali\u0022 hreflang=\u0022es\u0022\u003EMexicali\u003C\/a\u003E\n      \n  \n    \u003C\/div\u003E\n\n    \n                          \u003Cdiv  class=\u0022fecha\u0022 \u003E\n      23 de Mayo de 2022\u003C\/div\u003E\n      \n  \n\n\n  \u003C\/div\u003E\n    \n                          \u003Cdiv  class=\u0022texto\u0022 \u003E\n      \u003Cp\u003ELa Coordinaci\u00f3n de Extensi\u00f3n y Vinculaci\u00f3n, el Comit\u00e9 de Valores y la Sociedad de Alumnos de la Facultad de Odontolog\u00eda, Campus Mexicali, realizaron la Primera Jornada de Valores, la cual tuvo como objetivo fomentar y promover los valores universitarios en apego al C\u00f3digo de \u00c9tica de la UABC, a trav\u00e9s de la realizaci\u00f3n de diferentes actividades.\u003C\/p\u003E\n\n\u003Cp\u003ELa inauguraci\u00f3n estuvo a cargo del doctor Guillermo P\u00e9rez Cortez, director de la unidad acad\u00e9mica, quien se\u00f1al\u00f3 que dentro del modelo educativo de la instituci\u00f3n se incluye como uno de sus ejes transversales el favorecer y fomentar los valores \u00e9ticos y profesionales en los estudiantes, es por ello que a trav\u00e9s de estos eventos de reitera el compromiso y apoyo a esta iniciativa.\u003C\/p\u003E\n\n\u003Cp\u003ELas actividades dieron inicio con el Rally Deportivo, el cual const\u00f3 de cinco actividades deportivas: basquetbol, f\u00fatbol soccer, quemados, v\u00f3leibol y circuito de carreras.\u003C\/p\u003E\n\n\u003Cp\u003EAdem\u00e1s, se impartieron conferencias con la participaci\u00f3n de la maestra Laura D\u00edaz Moreno, responsable de Orientaci\u00f3n Educativa y Psicopedag\u00f3gica, quien brind\u00f3 la pl\u00e1tica \u201cInclusi\u00f3n y pr\u00e1ctica odontol\u00f3gica\u201d.\u003C\/p\u003E\n\n\u003Cp\u003ETambi\u00e9n se present\u00f3 el maestro Kawa Ho, quien ofreci\u00f3 la pl\u00e1tica \u201cC\u00f3digo de \u00e9tica universitario\u201d. Asimismo, se ofrecieron las charlas \u201cViolencia de g\u00e9nero\u201d y \u201cSeguridad en las redes\u201d, impartidas por la Secretar\u00eda de Seguridad Ciudadana.\u003C\/p\u003E\n\n\u003Cp\u003EIgualmente, tuvo lugar el concurso de carteles y de lonas \u0022Recicla, reutiliza y comparte\u0022, con la finalidad de que los alumnos plasmaran en ellos un tema relacionado a los valores \u00e9ticos universitarios. Para finalizar el programa, se efectu\u00f3 el Primer Colectivo de Emprendedores de la Facultad.\u003C\/p\u003E\n\n\u003Cp\u003EEn la organizaci\u00f3n del evento participaron: el doctor Gilberto Valenzuela V\u00e1squez, subdirector de la unidad acad\u00e9mica; la especialista en Ortodoncia Adriana Tely Soto, coordinadora de Extensi\u00f3n y Vinculaci\u00f3n; la maestra Montserrat Valdez Amaya, administradora de la Facultad; el licenciado Rub\u00e9n Berm\u00fadez Vivas, responsable del Comit\u00e9 de Valores; maestra Carolina Hern\u00e1ndez Castellanos, responsable del \u00c1rea de Emprendedores; la maestra Laura D\u00edaz Moreno, responsable de Orientaci\u00f3n Educativa y Psicopedag\u00f3gica; el maestro Daniel Lastra Reyes, responsable de \u00c1rea de Informaci\u00f3n Acad\u00e9mica y Actividades Estudiantiles; y la licenciada Ang\u00e9lica Martin Figueroa, responsable de Planeaci\u00f3n y Seguimiento.\u003C\/p\u003E\u003C\/div\u003E\n      \n  \n\n    \n            \u003Cdiv  class=\u0022palabras-clave\u0022\u003E\n                        \u003Ca href=\u0022\/tags\/valores\u0022 hreflang=\u0022es\u0022\u003EValores\u003C\/a\u003E\n                \u003Ca href=\u0022\/tags\/jornada\u0022 hreflang=\u0022es\u0022\u003EJornada\u003C\/a\u003E\n                \u003Ca href=\u0022\/tags\/etica-0\u0022 hreflang=\u0022es\u0022\u003E\u00c9tica\u003C\/a\u003E\n      \n      \u003C\/div\u003E\n  \n\n\n  \u003C\/div\u003E\n\n  \u003C\/div\u003E\n\n  \u003Cdiv class=\u0022area-extras group-right\u0022\u003E\n        \n                          \u003Cdiv  class=\u0022enlace-blockBottom\u0022 \u003E\n      \u003Cdiv\u003EVer m\u00e1s \u003Ca href=\u0022http:\/\/gaceta.uabc.mx\/notas\u0022\u003ENotas\u003C\/a\u003E\u003C\/div\u003E\n\u003C\/div\u003E\n      \n  \n\n\n  \u003C\/div\u003E\n\n\u003C\/div\u003E\n\n","settings":null}]