[{"command":"settings","settings":{"pluralDelimiter":"\u0003","suppressDeprecationErrors":true,"ajaxPageState":{"libraries":"core\/drupal.ajax,core\/picturefill,ds\/ds_3col_equal_width","theme":"gaceta","theme_token":null},"ajaxTrustedUrl":[],"field_group":{"html_element":{"mode":"media_expanded","context":"view","settings":{"classes":"datos","show_empty_fields":false,"id":"","element":"div","show_label":false,"label_element":"h3","label_element_classes":"","attributes":"","effect":"none","speed":"fast"}}},"user":{"uid":0,"permissionsHash":"55dc977d165ab1e05e51b6cc6487f6d73e65ab536d99ee82c6990d9001d5c21c"}},"merge":true},{"command":"add_css","data":"\u003Clink rel=\u0022stylesheet\u0022 media=\u0022all\u0022 href=\u0022\/sites\/default\/files\/css\/css_mxJrjoKKAZuuB4_4f-B1u9VnFZxvSor3Az4JEdrFEso.css\u0022 \/\u003E\n\u003Clink rel=\u0022stylesheet\u0022 media=\u0022all\u0022 href=\u0022\/sites\/default\/files\/css\/css_-BXSGQpS8YTwwuXGbPoshUvZ7W-_HbYR3H7d0DA_mEY.css\u0022 \/\u003E\n\u003Clink rel=\u0022stylesheet\u0022 media=\u0022all\u0022 href=\u0022\/sites\/default\/files\/css\/css_89YreTu0npezhXSakRJR9TVHyBS9bTcyt0s3IckAe-M.css\u0022 \/\u003E\n"},{"command":"add_js","selector":"body","data":[{"src":"\/sites\/default\/files\/js\/js_9UaAhXvc9u0KYXXUw-OKyLP2baQxdV4zY3Y_KGurcvY.js"},{"src":"\/sites\/default\/files\/js\/js_oDJxUBLBzfRb_FDgNfkNOm9-tiatS2kNfxQIeVRZA7Y.js"},{"src":"\/sites\/default\/files\/js\/js_YM82KRuzNIr2X-Kb8pQW8cOcSbWgQ_QGKclTYJ_aMlI.js"},{"src":"\/sites\/default\/files\/js\/js_pqqsPPmPmxKgamY6qk_WSawtL05XH_yAY8GkPHVyahI.js"}]},{"command":"insert","method":"replaceWith","selector":".view-mode-full","data":"\u003Cdiv data-history-node-id=\u002219371\u0022 class=\u0022contenido view-mode-media_expanded ds-3col-equal clearfix\u0022\u003E\n\n  \n\n  \u003Cdiv class=\u0022area-medios group-left\u0022\u003E\n        \n                          \u003Cdiv  class=\u0022imagen\u0022 \u003E\n          \u003Cpicture\u003E\n                  \u003Csource srcset=\u0022\/sites\/default\/files\/styles\/max_650x650\/public\/2022-05\/DSC_0502_1.webp?itok=BgcFfh33 650w, \/sites\/default\/files\/styles\/max_1300x1300\/public\/2022-05\/DSC_0502_1.webp?itok=4if3Q9ny 1300w, \/sites\/default\/files\/styles\/max_1900x1900\/public\/2022-05\/DSC_0502_1.webp?itok=vNm6-H24 1900w\u0022 type=\u0022image\/webp\u0022 sizes=\u0022100vw\u0022\/\u003E\n              \u003Csource srcset=\u0022\/sites\/default\/files\/styles\/max_650x650\/public\/2022-05\/DSC_0502_1.JPG?itok=BgcFfh33 650w, \/sites\/default\/files\/styles\/max_1300x1300\/public\/2022-05\/DSC_0502_1.JPG?itok=4if3Q9ny 1300w, \/sites\/default\/files\/styles\/max_1900x1900\/public\/2022-05\/DSC_0502_1.JPG?itok=vNm6-H24 1900w\u0022 type=\u0022image\/jpeg\u0022 sizes=\u0022100vw\u0022\/\u003E\n                  \u003Cimg srcset=\u0022\/sites\/default\/files\/styles\/max_650x650\/public\/2022-05\/DSC_0502_1.JPG?itok=BgcFfh33 650w, \/sites\/default\/files\/styles\/max_1300x1300\/public\/2022-05\/DSC_0502_1.JPG?itok=4if3Q9ny 1300w, \/sites\/default\/files\/styles\/max_1900x1900\/public\/2022-05\/DSC_0502_1.JPG?itok=vNm6-H24 1900w\u0022 sizes=\u0022100vw\u0022 src=\u0022\/sites\/default\/files\/styles\/max_1300x1300\/public\/2022-05\/DSC_0502_1.JPG?itok=4if3Q9ny\u0022 alt=\u0022\u0022 typeof=\u0022foaf:Image\u0022 class=\u0022img-fluid\u0022 \/\u003E\n\n  \u003C\/picture\u003E\n\n\u003C\/div\u003E\n      \n  \n\n      \u003Cdiv  class=\u0022boton-expander\u0022\u003E\n        \n                  \u003Cdiv class=\u0022item-list\u0022\u003E\u003Cul\u003E\u003Cli\u003E\u003Ca href=\u0022\/ds-switch-view-mode\/node\/19371\/media_collapsed?selector=view-mode-media_expanded\u0022 class=\u0022use-ajax\u0022\u003E\u2191\u003C\/a\u003E\u003C\/li\u003E\u003C\/ul\u003E\u003C\/div\u003E\n      \n  \n    \u003C\/div\u003E\n\n\n  \u003C\/div\u003E\n\n  \u003Cdiv class=\u0022area-info group-middle\u0022\u003E\n    \n\u003Cdiv  class=\u0022inner\u0022\u003E\n          \n                          \u003Ch2  class=\u0022titulo\u0022 \u003E\n        Presentan libro \u0026quot;Mujeres en el sistema interamericano. Sobrevivientes y constructoras de la jurisprudencia progresiva\u201d\n\u003C\/h2\u003E\n      \n  \n\n    \n                          \u003Cdiv  class=\u0022resumen\u0022 \u003E\n      La publicaci\u00f3n forma parte de la colecci\u00f3n especializada Justica Interamericana\u003C\/div\u003E\n      \n  \n\n\n\u003Cdiv  class=\u0022datos\u0022\u003E\n            \u003Cdiv  class=\u0022autor\u0022\u003E\n            \u003Cdiv  class=\u0022field-label-inline\u0022\u003EPor\u003C\/div\u003E\n  \n                  \u003Ca href=\u0022\/autores\/vanessa-elizabeth-gonzalez-nunez-y-paulina-moreno-rangel\u0022 hreflang=\u0022es\u0022\u003EVanessa Elizabeth Gonz\u00e1lez N\u00fa\u00f1ez y Paulina Moreno Rangel \u003C\/a\u003E\n      \n  \n    \u003C\/div\u003E\n\n      \u003Cdiv  class=\u0022campus\u0022\u003E\n            \u003Cdiv  class=\u0022field-label-inline\u0022\u003ECampus\u003C\/div\u003E\n  \n                  \u003Ca href=\u0022\/campus\/ensenada\u0022 hreflang=\u0022es\u0022\u003EEnsenada\u003C\/a\u003E\n      \n  \n    \u003C\/div\u003E\n\n    \n                          \u003Cdiv  class=\u0022fecha\u0022 \u003E\n      6 de Mayo de 2022\u003C\/div\u003E\n      \n  \n\n\n  \u003C\/div\u003E\n    \n                          \u003Cdiv  class=\u0022texto\u0022 \u003E\n      \u003Cp\u003EBajo la organizaci\u00f3n del Tribunal Universitario y la doctora Jessica Mendivil Torres, coordinadora de la Maestr\u00eda en Ciencias Jur\u00eddicas de la Facultad de Ciencias Administrativas y Sociales (FCAyS), se present\u00f3 el libro \u003Cem\u003EMujeres en el sistema interamericano. Sobrevivientes y constructoras de la jurisprudencia progresiva\u003C\/em\u003E.\u003C\/p\u003E\n\n\u003Cp\u003ELa obra es de la autor\u00eda del doctor Isaac de Paz Gonz\u00e1lez, profesor-investigador de la Facultad de Derecho y juez titular del Tribunal Universitario del Campus Tijuana. La publicaci\u00f3n integra un an\u00e1lisis del papel de las mujeres en el sistema interamericano, en la que se propicia una visi\u00f3n humanista y estructurada de la jurisprudencia impulsada por mujeres; e identifica los casos relacionados con los derechos sociales, luchas comunitarias y el derecho a la verdad.\u003C\/p\u003E\n\n\u003Cp\u003EEste estudio hist\u00f3rico muestra la perspectiva humana que hay detr\u00e1s de los casos que muchas mujeres de los distintos pa\u00edses que forman parte de la Convenci\u00f3n Americana, como M\u00e9xico, Bolivia, Honduras, El Salvador, Argentina, Uruguay, acompa\u00f1adas tambi\u00e9n por muchas organizaciones y por familiares de ellas, han llevado a la Corte Interamericana de Derechos Humanos.\u003C\/p\u003E\n\n\u003Cp\u003E\u201cEs un libro que subraya la importancia de la influencia de esos casos en la cultura ordinaria y legal que vivimos en nuestros pa\u00edses y que ha sido impulsada por mujeres en el derecho, no necesariamente abogadas ni expertas en esta \u00e1rea, pero que de alg\u00fan modo se han hecho notar por estas sentencias y que hasta ahora la academia no les hab\u00eda puesto atenci\u00f3n\u201d, refiri\u00f3 el doctor de Paz Gonz\u00e1lez.\u003C\/p\u003E\n\n\u003Cp\u003EComo comentaristas de la obra participaron la doctora Paola Flemate D\u00edaz, jueza presidente y titular del Tribunal Universitario del Campus Ensenada; el doctor Gabriel Alejandro Encinas Duarte, secretario del pleno del Tribunal Universitario, y la doctora Karla Ver\u00f3nica F\u00e9lix Jaramillo, profesora de la Facultad de Derecho, Campus Tijuana, quienes coincidieron que la publicaci\u00f3n consigue identificar y contextualizar la parte legal de las aportaciones de las mujeres y su b\u00fasqueda de la justicia, abarcando el apartado legal pero tambi\u00e9n el lado humano y sensible que acompa\u00f1a a estos casos.\u003C\/p\u003E\n\n\u003Cp\u003E\u201cLa perspectiva antropol\u00f3gica de la obra estudia la realidad social de las v\u00edctimas, directas e indirectas, las personaliza e identifica como lo que son: unas verdaderas hero\u00ednas de la justicia interamericana\u201d, mencion\u00f3 la doctora Paola Flemate D\u00edaz.\u003C\/p\u003E\n\n\u003Cp\u003ECabe destacar que el libro est\u00e1 prologado por el doctor Eduardo Ferrer Mac-Gregor Poisot y est\u00e1 publicado por la editorial Tirant lo Blanch. Esta obra forma parte de la colecci\u00f3n especializada \u201cJusticia Interamericana\u201d, la cual re\u00fane textos y trabajos de expertos en el sistema interamericano.\u003C\/p\u003E\u003C\/div\u003E\n      \n  \n\n    \n            \u003Cdiv  class=\u0022palabras-clave\u0022\u003E\n                        \u003Ca href=\u0022\/tags\/tribunal-universitario\u0022 hreflang=\u0022es\u0022\u003ETribunal Universitario  \u003C\/a\u003E\n                \u003Ca href=\u0022\/tags\/presentacion-de-libro\u0022 hreflang=\u0022es\u0022\u003EPresentaci\u00f3n de libro\u003C\/a\u003E\n                \u003Ca href=\u0022\/tags\/mujeres\u0022 hreflang=\u0022es\u0022\u003EMujeres\u003C\/a\u003E\n                \u003Ca href=\u0022\/tags\/sistema-interamericano\u0022 hreflang=\u0022es\u0022\u003ESistema interamericano \u003C\/a\u003E\n                \u003Ca href=\u0022\/tags\/jurisprudencia-progresiva\u0022 hreflang=\u0022es\u0022\u003EJurisprudencia progresiva\u003C\/a\u003E\n      \n      \u003C\/div\u003E\n  \n\n\n  \u003C\/div\u003E\n\n  \u003C\/div\u003E\n\n  \u003Cdiv class=\u0022area-extras group-right\u0022\u003E\n        \n                          \u003Cdiv  class=\u0022enlace-blockBottom\u0022 \u003E\n      \u003Cdiv\u003EVer m\u00e1s \u003Ca href=\u0022http:\/\/gaceta.uabc.mx\/notas\u0022\u003ENotas\u003C\/a\u003E\u003C\/div\u003E\n\u003C\/div\u003E\n      \n  \n\n\n  \u003C\/div\u003E\n\n\u003C\/div\u003E\n\n","settings":null}]