[{"command":"settings","settings":{"pluralDelimiter":"\u0003","suppressDeprecationErrors":true,"ajaxPageState":{"libraries":"core\/drupal.ajax,core\/picturefill,ds\/ds_3col_equal_width","theme":"gaceta","theme_token":null},"ajaxTrustedUrl":[],"field_group":{"html_element":{"mode":"media_expanded","context":"view","settings":{"classes":"datos","show_empty_fields":false,"id":"","element":"div","show_label":false,"label_element":"h3","label_element_classes":"","attributes":"","effect":"none","speed":"fast"}}},"user":{"uid":0,"permissionsHash":"55dc977d165ab1e05e51b6cc6487f6d73e65ab536d99ee82c6990d9001d5c21c"}},"merge":true},{"command":"add_css","data":"\u003Clink rel=\u0022stylesheet\u0022 media=\u0022all\u0022 href=\u0022\/sites\/default\/files\/css\/css_mxJrjoKKAZuuB4_4f-B1u9VnFZxvSor3Az4JEdrFEso.css\u0022 \/\u003E\n\u003Clink rel=\u0022stylesheet\u0022 media=\u0022all\u0022 href=\u0022\/sites\/default\/files\/css\/css_-BXSGQpS8YTwwuXGbPoshUvZ7W-_HbYR3H7d0DA_mEY.css\u0022 \/\u003E\n\u003Clink rel=\u0022stylesheet\u0022 media=\u0022all\u0022 href=\u0022\/sites\/default\/files\/css\/css_89YreTu0npezhXSakRJR9TVHyBS9bTcyt0s3IckAe-M.css\u0022 \/\u003E\n"},{"command":"add_js","selector":"body","data":[{"src":"\/sites\/default\/files\/js\/js_9UaAhXvc9u0KYXXUw-OKyLP2baQxdV4zY3Y_KGurcvY.js"},{"src":"\/sites\/default\/files\/js\/js_oDJxUBLBzfRb_FDgNfkNOm9-tiatS2kNfxQIeVRZA7Y.js"},{"src":"\/sites\/default\/files\/js\/js_YM82KRuzNIr2X-Kb8pQW8cOcSbWgQ_QGKclTYJ_aMlI.js"},{"src":"\/sites\/default\/files\/js\/js_pqqsPPmPmxKgamY6qk_WSawtL05XH_yAY8GkPHVyahI.js"}]},{"command":"insert","method":"replaceWith","selector":".view-mode-full","data":"\u003Cdiv data-history-node-id=\u00221940\u0022 class=\u0022contenido view-mode-media_expanded ds-3col-equal clearfix\u0022\u003E\n\n  \n\n  \u003Cdiv class=\u0022area-medios group-left\u0022\u003E\n        \n                          \u003Cdiv  class=\u0022imagen\u0022 \u003E\n          \u003Cpicture\u003E\n                  \u003Csource srcset=\u0022\/sites\/default\/files\/styles\/max_650x650\/public\/2017-11\/proyectos01.webp?itok=a1lFwfXz 650w, \/sites\/default\/files\/styles\/max_1300x1300\/public\/2017-11\/proyectos01.webp?itok=6CCeFbOj 1300w, \/sites\/default\/files\/styles\/max_1900x1900\/public\/2017-11\/proyectos01.webp?itok=0RXi8WHz 1504w\u0022 type=\u0022image\/webp\u0022 sizes=\u0022100vw\u0022\/\u003E\n              \u003Csource srcset=\u0022\/sites\/default\/files\/styles\/max_650x650\/public\/2017-11\/proyectos01.jpg?itok=a1lFwfXz 650w, \/sites\/default\/files\/styles\/max_1300x1300\/public\/2017-11\/proyectos01.jpg?itok=6CCeFbOj 1300w, \/sites\/default\/files\/styles\/max_1900x1900\/public\/2017-11\/proyectos01.jpg?itok=0RXi8WHz 1504w\u0022 type=\u0022image\/jpeg\u0022 sizes=\u0022100vw\u0022\/\u003E\n                  \u003Cimg srcset=\u0022\/sites\/default\/files\/styles\/max_650x650\/public\/2017-11\/proyectos01.jpg?itok=a1lFwfXz 650w, \/sites\/default\/files\/styles\/max_1300x1300\/public\/2017-11\/proyectos01.jpg?itok=6CCeFbOj 1300w, \/sites\/default\/files\/styles\/max_1900x1900\/public\/2017-11\/proyectos01.jpg?itok=0RXi8WHz 1504w\u0022 sizes=\u0022100vw\u0022 src=\u0022\/sites\/default\/files\/styles\/max_1300x1300\/public\/2017-11\/proyectos01.jpg?itok=6CCeFbOj\u0022 alt=\u0022Proyectos de Investigaci\u00f3n_Observatorio Global_Frontera Norte\u0022 typeof=\u0022foaf:Image\u0022 class=\u0022img-fluid\u0022 \/\u003E\n\n  \u003C\/picture\u003E\n\n\u003C\/div\u003E\n      \n  \n\n      \u003Cdiv  class=\u0022boton-expander\u0022\u003E\n        \n                  \u003Cdiv class=\u0022item-list\u0022\u003E\u003Cul\u003E\u003Cli\u003E\u003Ca href=\u0022\/ds-switch-view-mode\/node\/1940\/media_collapsed?selector=view-mode-media_expanded\u0022 class=\u0022use-ajax\u0022\u003E\u2191\u003C\/a\u003E\u003C\/li\u003E\u003C\/ul\u003E\u003C\/div\u003E\n      \n  \n    \u003C\/div\u003E\n\n\n  \u003C\/div\u003E\n\n  \u003Cdiv class=\u0022area-info group-middle\u0022\u003E\n    \n\u003Cdiv  class=\u0022inner\u0022\u003E\n          \n                          \u003Ch2  class=\u0022titulo\u0022 \u003E\n        Analizan contexto fronterizo desde perspectiva medi\u00e1tica\n\u003C\/h2\u003E\n      \n  \n\n    \n                          \u003Cdiv  class=\u0022resumen\u0022 \u003E\n      El objetivo es documentar la forma en la que se manifiestan los sucesos sociales, econ\u00f3micos, pol\u00edticos y culturales en los medios de comunicaci\u00f3n de Baja California.\u003C\/div\u003E\n      \n  \n\n\n\u003Cdiv  class=\u0022datos\u0022\u003E\n            \u003Cdiv  class=\u0022autor\u0022\u003E\n            \u003Cdiv  class=\u0022field-label-inline\u0022\u003EPor\u003C\/div\u003E\n  \n                  \u003Ca href=\u0022\/autores\/jael-alarcon-cornejo\u0022 hreflang=\u0022es\u0022\u003EJael Alarc\u00f3n Cornejo\u003C\/a\u003E\n      \n  \n    \u003C\/div\u003E\n\n      \u003Cdiv  class=\u0022campus\u0022\u003E\n            \u003Cdiv  class=\u0022field-label-inline\u0022\u003ECampus\u003C\/div\u003E\n  \n                  \u003Ca href=\u0022\/campus\/mexicali\u0022 hreflang=\u0022es\u0022\u003EMexicali\u003C\/a\u003E\n      \n  \n    \u003C\/div\u003E\n\n    \n                          \u003Cdiv  class=\u0022fecha\u0022 \u003E\n      10 de Noviembre de 2017\u003C\/div\u003E\n      \n  \n\n\n  \u003C\/div\u003E\n    \n                          \u003Cdiv  class=\u0022texto\u0022 \u003E\n      \u003Cp\u003EEl doctor \u00c1ngel Manuel Ortiz Mar\u00edn, profesor investigador de la Facultad de Ciencias Humanas (FCH), ha ido desarrollando desde hace nueve a\u00f1os junto con un grupo de colegas de la Unidad Acad\u00e9mica un proyecto llamado \u201cObservatorio Global de la Frontera Norte\u201d, que junto a otros dos observatorios conforman la Red de Observatorios del Consejo Nacional para la Ense\u00f1anza de la Investigaci\u00f3n de las Ciencias de la Comunicaci\u00f3n.\u003C\/p\u003E\n\n\u003Cp\u003EEste proyecto naci\u00f3 con el inter\u00e9s de analizar desde la perspectiva de las representaciones medi\u00e1ticas lo que ocurre en el contexto fronterizo; todo esto con el objetivo de documentar la forma en la que se manifiestan los sucesos sociales, econ\u00f3micos, pol\u00edticos y culturales en los medios de comunicaci\u00f3n bajacaliforniana.\u003C\/p\u003E\n\n\u003Cp\u003ESe trata de un grupo muy diverso y de diferente tipo de an\u00e1lisis, ya que se divide en varios temas, entre ellos ambientales, educativos y sociopol\u00edticos. En este \u00faltimo se estudia la prensa en ciertos t\u00f3picos y agendas que los medios de comunicaci\u00f3n concretamente desarrollan. Se examinan los cuatro peri\u00f3dicos principales del Estado sobre distintas tem\u00e1ticas, por lo que ha permitido ir documentando la forma de evoluci\u00f3n tanto en t\u00e9rminos visuales de lo que ha ocurrido en la frontera, as\u00ed como la transformaci\u00f3n humana.\u003C\/p\u003E\n\n\u003Cp\u003EAsimismo, participan estudiantes, ya sea como ayudant\u00eda de investigaci\u00f3n, pr\u00e1cticas profesionales, servicio social o becarios. Por lo tanto, a lo largo de todos estos a\u00f1os se ha permitido ir formando estos recursos con la finalidad de despu\u00e9s aprovechar esta t\u00e9cnica y forma de trabajo para profesionalmente poder hacer an\u00e1lisis de este tipo y que lo utilicen con otros fines.\u003C\/p\u003E\n\n\u003Cp\u003ELa perspectiva del proyecto es principalmente vincularse con observatorios a nivel nacional formando parte de una red de observatorios que hay en este momento en el pa\u00eds, todos ellos de universidades p\u00fablicas y privadas, que cuando hay determinados tipos de eventos se agrupan y crean metodolog\u00edas espec\u00edficas, como en el caso de las elecciones del 2012 y se har\u00e1 posteriormente para el 2018.\u003C\/p\u003E\n\n\u003Cp\u003ELo que ha generado este proyecto son publicaciones, tanto el libro \u201cDe los medios a las elecciones. El proceso electoral mexicano a trav\u00e9s de la red de observatorios medi\u00e1ticos\u201d, en 2014, como art\u00edculos de revistas.\u003C\/p\u003E\n\n\u003Cp\u003EIgualmente, se ha compartido la experiencia con otros observatorios nacionales e internacionales, ya que se tiene un convenio con un observatorio de Coahuila, en el que se comparten formas de trabajo y tem\u00e1ticas; tambi\u00e9n se hace comparaci\u00f3n sobre diversos temas.\u003C\/p\u003E\n\n\u003Cp\u003EDel mismo modo, se tiene vinculaci\u00f3n con observatorios en otros pa\u00edses como Argentina, Chile y Brasil, con los que se empez\u00f3 la iniciativa de generar una red de observatorios a nivel latinoamericano para ver problem\u00e1ticas de frontera que en su momento pueden ser similares dependiendo el lugar y eso los ha llevado a crear todo un \u003Cem\u003Ecorpus\u003C\/em\u003E de tipo te\u00f3rico metodol\u00f3gico.\u003C\/p\u003E\n\n\u003Cp\u003ELos acad\u00e9micos de la FCH que conforman este observatorio son: el maestro Marcos Ram\u00edrez, doctor Adolfo Soto Curiel, doctora Luz Mar\u00eda Ortega, doctora Victoria Santill\u00e1n Brise\u00f1o y doctora Esperanza Viloria, as\u00ed como el doctor Hugo M\u00e9ndez Fierros, Secretario de Rector\u00eda e Imagen Institucional.\u003C\/p\u003E\n\n\u003Cp\u003ENo existe un coordinador en general, ya que todos participan de forma independiente porque aunque usan metodolog\u00edas semejantes cada uno sigue distinta tendencia y tem\u00e1tica, y eso es lo que enriquece el trabajo del observatorio.\u003C\/p\u003E\n\n\u003Cp\u003ECabe destacar que los observatorios son un ejercicio de largo trabajo, ya que a trav\u00e9s de estos nueve a\u00f1os han ido generando una base de datos que permite documentar ciertos hechos, uno de los que preocupa bastante es lo que ha venido ocurriendo recientemente en Baja California con el tema del agua, con el que se ha podido ver la parte de la movilizaci\u00f3n ciudadana.\u003C\/p\u003E\n\n\u003Cp\u003EIgualmente, menciona que una de las situaciones que m\u00e1s ha resaltado en la investigaci\u00f3n es la manera paulatina, pero cada vez m\u00e1s constante, de la transformaci\u00f3n de la sociedad bajacaliforniana que toma consciencia de su problem\u00e1tica y que manifiesta, de diferentes formas su inconformidad ante la situaci\u00f3n de sus gobernantes. De ah\u00ed que hay reiterados acontecimientos que los medios de comunicaci\u00f3n documentan, no siempre fielmente y relatan esa consciencia y participaci\u00f3n ciudadana.\u003C\/p\u003E\n\n\u003Cp\u003EUna de las grandes satisfacciones, es poder incorporar estudiantes, que es una tarea, que m\u00e1s all\u00e1 de obtener cr\u00e9ditos, van adiestr\u00e1ndose, se van capacitando en el manejo y en el an\u00e1lisis de la prensa, explic\u00f3 el doctor Ort\u00edz Mar\u00edn.\u003C\/p\u003E\n\n\u003Cp\u003E\u201cPor otro lado, la experiencia de compartir esto con otros colegas de otros pa\u00edses o de aqu\u00ed mismo y finalmente tener la posibilidad de que esto se divulgue a trav\u00e9s de presentaciones en congresos nacionales e internacionales, as\u00ed como de su publicaci\u00f3n en revistas y libros, son experiencias acad\u00e9micas que nos permiten mostrar los resultados concretos de un proyecto de investigaci\u00f3n\u201d, manifest\u00f3 el investigador.\u003C\/p\u003E\u003C\/div\u003E\n      \n  \n\n    \n            \u003Cdiv  class=\u0022palabras-clave\u0022\u003E\n                        \u003Ca href=\u0022\/tags\/proyectos-de-investigacion\u0022 hreflang=\u0022es\u0022\u003EProyectos de Investigaci\u00f3n\u003C\/a\u003E\n                \u003Ca href=\u0022\/tags\/observatorio-global\u0022 hreflang=\u0022es\u0022\u003EObservatorio Global\u003C\/a\u003E\n                \u003Ca href=\u0022\/tags\/frontera-norte\u0022 hreflang=\u0022es\u0022\u003EFrontera Norte\u003C\/a\u003E\n      \n      \u003C\/div\u003E\n  \n\n\n  \u003C\/div\u003E\n\n  \u003C\/div\u003E\n\n  \u003Cdiv class=\u0022area-extras group-right\u0022\u003E\n        \n                          \u003Cdiv  class=\u0022enlace-blockBottom\u0022 \u003E\n      \u003Cdiv\u003EVer m\u00e1s \u003Ca href=\u0022http:\/\/gaceta.uabc.mx\/notas\u0022\u003ENotas\u003C\/a\u003E\u003C\/div\u003E\n\u003C\/div\u003E\n      \n  \n\n\n  \u003C\/div\u003E\n\n\u003C\/div\u003E\n\n","settings":null}]