[{"command":"settings","settings":{"pluralDelimiter":"\u0003","suppressDeprecationErrors":true,"ajaxPageState":{"libraries":"core\/drupal.ajax,core\/picturefill,ds\/ds_3col_equal_width","theme":"gaceta","theme_token":null},"ajaxTrustedUrl":[],"field_group":{"html_element":{"mode":"media_expanded","context":"view","settings":{"classes":"datos","show_empty_fields":false,"id":"","element":"div","show_label":false,"label_element":"h3","label_element_classes":"","attributes":"","effect":"none","speed":"fast"}}},"user":{"uid":0,"permissionsHash":"55dc977d165ab1e05e51b6cc6487f6d73e65ab536d99ee82c6990d9001d5c21c"}},"merge":true},{"command":"add_css","data":"\u003Clink rel=\u0022stylesheet\u0022 media=\u0022all\u0022 href=\u0022\/sites\/default\/files\/css\/css_mxJrjoKKAZuuB4_4f-B1u9VnFZxvSor3Az4JEdrFEso.css\u0022 \/\u003E\n\u003Clink rel=\u0022stylesheet\u0022 media=\u0022all\u0022 href=\u0022\/sites\/default\/files\/css\/css_-BXSGQpS8YTwwuXGbPoshUvZ7W-_HbYR3H7d0DA_mEY.css\u0022 \/\u003E\n\u003Clink rel=\u0022stylesheet\u0022 media=\u0022all\u0022 href=\u0022\/sites\/default\/files\/css\/css_89YreTu0npezhXSakRJR9TVHyBS9bTcyt0s3IckAe-M.css\u0022 \/\u003E\n"},{"command":"add_js","selector":"body","data":[{"src":"\/sites\/default\/files\/js\/js_9UaAhXvc9u0KYXXUw-OKyLP2baQxdV4zY3Y_KGurcvY.js"},{"src":"\/sites\/default\/files\/js\/js_oDJxUBLBzfRb_FDgNfkNOm9-tiatS2kNfxQIeVRZA7Y.js"},{"src":"\/sites\/default\/files\/js\/js_YM82KRuzNIr2X-Kb8pQW8cOcSbWgQ_QGKclTYJ_aMlI.js"},{"src":"\/sites\/default\/files\/js\/js_pqqsPPmPmxKgamY6qk_WSawtL05XH_yAY8GkPHVyahI.js"}]},{"command":"insert","method":"replaceWith","selector":".view-mode-full","data":"\u003Cdiv data-history-node-id=\u002219474\u0022 class=\u0022contenido view-mode-media_expanded ds-3col-equal clearfix\u0022\u003E\n\n  \n\n  \u003Cdiv class=\u0022area-medios group-left\u0022\u003E\n        \n                          \u003Cdiv  class=\u0022imagen\u0022 \u003E\n          \u003Cpicture\u003E\n                  \u003Csource srcset=\u0022\/sites\/default\/files\/styles\/max_650x650\/public\/2022-06\/Disen%CC%83o%20sin%20ti%CC%81tulo%20%2880%29.webp?itok=HFc8LTvV 650w, \/sites\/default\/files\/styles\/max_1300x1300\/public\/2022-06\/Disen%CC%83o%20sin%20ti%CC%81tulo%20%2880%29.webp?itok=D3cWS4dN 1300w, \/sites\/default\/files\/styles\/max_1900x1900\/public\/2022-06\/Disen%CC%83o%20sin%20ti%CC%81tulo%20%2880%29.webp?itok=wXqps1cH 1420w\u0022 type=\u0022image\/webp\u0022 sizes=\u0022100vw\u0022\/\u003E\n              \u003Csource srcset=\u0022\/sites\/default\/files\/styles\/max_650x650\/public\/2022-06\/Disen%CC%83o%20sin%20ti%CC%81tulo%20%2880%29.png?itok=HFc8LTvV 650w, \/sites\/default\/files\/styles\/max_1300x1300\/public\/2022-06\/Disen%CC%83o%20sin%20ti%CC%81tulo%20%2880%29.png?itok=D3cWS4dN 1300w, \/sites\/default\/files\/styles\/max_1900x1900\/public\/2022-06\/Disen%CC%83o%20sin%20ti%CC%81tulo%20%2880%29.png?itok=wXqps1cH 1420w\u0022 type=\u0022image\/png\u0022 sizes=\u0022100vw\u0022\/\u003E\n                  \u003Cimg srcset=\u0022\/sites\/default\/files\/styles\/max_650x650\/public\/2022-06\/Disen%CC%83o%20sin%20ti%CC%81tulo%20%2880%29.png?itok=HFc8LTvV 650w, \/sites\/default\/files\/styles\/max_1300x1300\/public\/2022-06\/Disen%CC%83o%20sin%20ti%CC%81tulo%20%2880%29.png?itok=D3cWS4dN 1300w, \/sites\/default\/files\/styles\/max_1900x1900\/public\/2022-06\/Disen%CC%83o%20sin%20ti%CC%81tulo%20%2880%29.png?itok=wXqps1cH 1420w\u0022 sizes=\u0022100vw\u0022 src=\u0022\/sites\/default\/files\/styles\/max_1300x1300\/public\/2022-06\/Disen%CC%83o%20sin%20ti%CC%81tulo%20%2880%29.png?itok=D3cWS4dN\u0022 alt=\u0022\u0022 typeof=\u0022foaf:Image\u0022 class=\u0022img-fluid\u0022 \/\u003E\n\n  \u003C\/picture\u003E\n\n\u003C\/div\u003E\n      \n  \n\n      \u003Cdiv  class=\u0022boton-expander\u0022\u003E\n        \n                  \u003Cdiv class=\u0022item-list\u0022\u003E\u003Cul\u003E\u003Cli\u003E\u003Ca href=\u0022\/ds-switch-view-mode\/node\/19474\/media_collapsed?selector=view-mode-media_expanded\u0022 class=\u0022use-ajax\u0022\u003E\u2191\u003C\/a\u003E\u003C\/li\u003E\u003C\/ul\u003E\u003C\/div\u003E\n      \n  \n    \u003C\/div\u003E\n\n\n  \u003C\/div\u003E\n\n  \u003Cdiv class=\u0022area-info group-middle\u0022\u003E\n    \n\u003Cdiv  class=\u0022inner\u0022\u003E\n          \n                          \u003Ch2  class=\u0022titulo\u0022 \u003E\n        Egresa primera generaci\u00f3n de nutri\u00f3logos de UABC\n\u003C\/h2\u003E\n      \n  \n\n    \n                          \u003Cdiv  class=\u0022resumen\u0022 \u003E\n      Son 16 cimarrones licenciados en Nutrici\u00f3n\u00a0\u003C\/div\u003E\n      \n  \n\n\n\u003Cdiv  class=\u0022datos\u0022\u003E\n            \u003Cdiv  class=\u0022autor\u0022\u003E\n            \u003Cdiv  class=\u0022field-label-inline\u0022\u003EPor\u003C\/div\u003E\n  \n                  \u003Ca href=\u0022\/autores\/conde-epitacio-jose-carlos\u0022 hreflang=\u0022es\u0022\u003EConde Epitacio Jos\u00e9 Carlos\u003C\/a\u003E\n      \n  \n    \u003C\/div\u003E\n\n      \u003Cdiv  class=\u0022campus\u0022\u003E\n            \u003Cdiv  class=\u0022field-label-inline\u0022\u003ECampus\u003C\/div\u003E\n  \n                  \u003Ca href=\u0022\/campus\/tijuana\u0022 hreflang=\u0022es\u0022\u003ETijuana\u003C\/a\u003E\n      \n  \n    \u003C\/div\u003E\n\n    \n                          \u003Cdiv  class=\u0022fecha\u0022 \u003E\n      6 de Junio de 2022\u003C\/div\u003E\n      \n  \n\n\n  \u003C\/div\u003E\n    \n                          \u003Cdiv  class=\u0022texto\u0022 \u003E\n      \u003Cp\u003ELa Facultad de Medicina y Psicolog\u00eda (FMP) realiz\u00f3 la ceremonia de egreso de la Primera Generaci\u00f3n de Licenciados en Nutrici\u00f3n, en la que, los ahora licenciados, festejaron en compa\u00f1\u00eda de seres queridos la culminaci\u00f3n de su trayectoria universitaria en la UABC.\u003C\/p\u003E\n\n\u003Cp\u003EEl pres\u00eddium estuvo compuesto por la doctora Julieta Yadira Islas Lim\u00f3n, directora de la FMP; doctor Carlos Jos\u00e9 Mart\u00edn Vera Hern\u00e1ndez, subdirector de la Facultad, y la doctora Ana Laura Mart\u00ednez Mart\u00ednez, coordinadora de Investigaci\u00f3n y Posgrado. Asimismo, se cont\u00f3 con la presencia de la doctora Estefan\u00eda Ochoa Ru\u00edz, docente, coordinadora del programa educativo de Nutrici\u00f3n y madrina de generaci\u00f3n. Tambi\u00e9n estuvieron presentes las docentes Irela Jim\u00e9nez Gonz\u00e1lez, Alejandra Guzm\u00e1n Lares y la doctora Leslie Patr\u00f3n Romero, quienes fueron reconocidas por los alumnos egresados como profesoras distinguidas.\u003C\/p\u003E\n\n\u003Cp\u003ELa doctora Julieta Yadira Islas Lim\u00f3n, dijo a los reci\u00e9n graduados: \u201cPertenecer a la primera generaci\u00f3n de un programa educativo es un gran honor, ya que de forma inherente son pioneros en la gesti\u00f3n de muchas actividades que quedar\u00e1n para las generaciones venideras. Espero que se lleven la satisfacci\u00f3n de ir abriendo espacios y ser los primeros cimarrones en posicionar a la carrera de nutrici\u00f3n en lugares destacados. Tengo la certeza de que durante este trayecto han aprendido, adem\u00e1s de los contenidos acad\u00e9micos, herramientas que los distinguir\u00e1n como personas con calidad humana y como profesionistas con \u00e9tica. Esperemos que en lo venidero sigan comprometidos con su preparaci\u00f3n que m\u00e1s all\u00e1 de lo intelectual les transforme integralmente con un sentido cr\u00edtico y con responsabilidad social\u201d.\u003C\/p\u003E\n\n\u003Cp\u003EPosteriormente, la alumna Cristina Cornejo Leiva dirigi\u00f3 unas palabras a sus compa\u00f1eros e invitados, subrayando las grandes dificultades que tuvieron que afrontar estos cuatro a\u00f1os de carrera profesional. Enseguida se entregaron las constancias a los alumnos que culminaron su formaci\u00f3n universitaria, as\u00ed como un reconocimiento a la madrina y docentes distinguidos.\u003C\/p\u003E\n\n\u003Cp\u003EEn su participaci\u00f3n, la doctora Estefan\u00eda Ochoa Ru\u00edz, extern\u00f3 a su ahijados: \u201cQuisiera recordarles que vivimos en un mundo muy cambiante, por lo que nunca se deja de ser estudiante y deber\u00e1n de seguir prepar\u00e1ndose y actualiz\u00e1ndose toda su vida. Establezcan metas y objetivos claros, todo lo que se propongan se lograr\u00e1. Les deseo lo mejor\u201d.\u003C\/p\u003E\u003C\/div\u003E\n      \n  \n\n    \n            \u003Cdiv  class=\u0022palabras-clave\u0022\u003E\n                        \u003Ca href=\u0022\/tags\/nutricion\u0022 hreflang=\u0022es\u0022\u003ENutrici\u00f3n\u003C\/a\u003E\n                \u003Ca href=\u0022\/tags\/licenciados-en-nutricion\u0022 hreflang=\u0022es\u0022\u003ELicenciados en nutrici\u00f3n\u003C\/a\u003E\n                \u003Ca href=\u0022\/tags\/tijuana\u0022 hreflang=\u0022es\u0022\u003ETijuana\u003C\/a\u003E\n                \u003Ca href=\u0022\/tags\/primera-generacion\u0022 hreflang=\u0022es\u0022\u003EPrimera Generaci\u00f3n\u003C\/a\u003E\n      \n      \u003C\/div\u003E\n  \n\n\n  \u003C\/div\u003E\n\n  \u003C\/div\u003E\n\n  \u003Cdiv class=\u0022area-extras group-right\u0022\u003E\n        \n                          \u003Cdiv  class=\u0022enlace-blockBottom\u0022 \u003E\n      \u003Cdiv\u003EVer m\u00e1s \u003Ca href=\u0022http:\/\/gaceta.uabc.mx\/notas\u0022\u003ENotas\u003C\/a\u003E\u003C\/div\u003E\n\u003C\/div\u003E\n      \n  \n\n\n  \u003C\/div\u003E\n\n\u003C\/div\u003E\n\n","settings":null}]